{"id":61929,"date":"2023-06-03T11:23:15","date_gmt":"2023-06-03T09:23:15","guid":{"rendered":"https:\/\/miradordeatarfe.es\/?p=61929"},"modified":"2023-10-19T20:28:52","modified_gmt":"2023-10-19T18:28:52","slug":"atarfe-conferencia-de-tonucci-en-la-clausura-de-la-feria-de-la-ciencia","status":"publish","type":"post","link":"https:\/\/miradordeatarfe.es\/?p=61929","title":{"rendered":"ATARFE: CONFERENCIA DE TONUCCI EN LA CLAUSURA DE LA FERIA DE LA CIENCIA"},"content":{"rendered":"<h3 style=\"text-align: justify;\">CienciAtarfe ha organizado como clausura de la feria de la ciencia de este a\u00f1o una ponencia de <strong><em>Francesco Tonucci<\/em><\/strong>\u00a0<strong><em>\u201cPOR QU\u00c9 LA INFANCIA\u201d<\/em><\/strong>, que tendr\u00e1 lugar en el Centro Cultural Medina Elvira de la localidad de Atarfe el pr\u00f3ximo mi\u00e9rcoles 7 de Junio a las 19:00 horas.<\/h3>\n<p style=\"text-align: justify;\">Francesco Tonucci (nacido en <a href=\"https:\/\/es.wikipedia.org\/wiki\/Fano\">Fano<\/a>,\u00a0<a href=\"https:\/\/es.wikipedia.org\/wiki\/1940\">1940<\/a>) tambi\u00e9n conocido por el pseud\u00f3nimo <strong>\u00abFrato\u00bb<\/strong>, es un pensador,\u00a0psicopedagogo\u00a0y dibujante\u00a0italiano. Es autor de numerosos libros sobre el papel de los ni\u00f1os en el ecosistema urbano y de art\u00edculos en revistas italianas y extranjeras. Realiz\u00f3 estudios de\u00a0pedagog\u00eda\u00a0en la\u00a0Universidad Cat\u00f3lica del Sagrado Coraz\u00f3n\u00a0de\u00a0Mil\u00e1n. Con 28 a\u00f1os recibi\u00f3 una distinci\u00f3n en ese campo y empez\u00f3 a satirizar la realidad de la escuela a trav\u00e9s del nombre de \u00abFrato\u00bb, nombre que surge al fusionar las primeras s\u00edlabas de su nombre. Trabaj\u00f3 como maestro<\/p>\n<p style=\"text-align: justify;\">Como pedagogo de gran relevancia Tonucci critica la escuela actual y propone varias modificaciones tanto en la escuela como en su forma de trabajar. <span class=\"ILfuVd\" lang=\"es\"><span class=\"hgKElc\"><b>defiende un sistema educativo inclusivo en el que todos los alumnos puedan recibir una educaci\u00f3n de calidad<\/b>. Para ello, es fundamental aceptar y respetar la diversidad, ya que cada ni\u00f1o tiene sus propia forma de aprender y sus propias potencialidades intelectuales. Francesco, rompiendo l\u00edmites y fronteras ha contado por el mundo las necesidades de los ni\u00f1os, nos ha contado como, escuchando \u201csus tonter\u00edas\u201d, encontramos grandes soluciones, ya que cuando un ni\u00f1o dice una tonter\u00eda no la ha o\u00eddo de sus padres ni de sus maestros, por lo que probablemente encierre una gran verdad (\u201cpara ser feliz har\u00e1n falta dos \u00f3 tres\u201d). Tonucci <\/span><\/span>s\u00f3lo pide que se respete el art. 12 y el art. 31 de los Derechos del Ni\u00f1o y apuesta por las ventajas de un modelo escolar m\u00e1s democr\u00e1tico. Para \u00e9l la escuela que tiene sentido es la escuela que forma ciudadanos y este trabajo empieza por darles la palabra a los ni\u00f1os. Reivindica la necesidad de jugar, porque \u201cCuando los ni\u00f1os y ni\u00f1as dicen \u00a1basta!\u201d, en la ciudad que el sue\u00f1a, las plazas son espacios p\u00fablicos para el juego, con pelotas, abuelos, risas, llantos, miradas\u2026 gritos y silencio, \u2026 pero sin coches.<\/p>\n<p style=\"text-align: justify;\"><em> \u00ab<span class=\"ILfuVd NA6bn UiGGAb\" lang=\"es\"><span class=\"hgKElc\"><b>Dejar tiempo a los ni\u00f1os por las tardes para que hagan cosas diferentes y luego tengan temas de conversaci\u00f3n para hablar en clase<\/b>. Esto requiere no mandar demasiados deberes, ya que pasan suficiente tiempo en el aula.\u00bb<\/span><\/span><\/em><\/p>\n<p style=\"text-align: justify;\">Los coordinadores y coordinadoras de la Feria de la Ciencia de Atarfe invita a las familias y personas interesadas a\u00a0 este acto, adem\u00e1s de m\u00e1s de 500 docentes de la localidad y distintas ciudades de la provincia, est\u00e1n invitadas personalidades de la Delegaci\u00f3n de educaci\u00f3n, Ayuntamiento, Fundaci\u00f3n Descubre, Centro de formaci\u00f3n del\u00a0 Profesorado de Granada asociaci\u00f3n APFRATO y Universidad de Granada.<\/p>\n<p style=\"text-align: justify;\">Apfrato es\u00a0<span class=\"ILfuVd NA6bn UiGGAb\" lang=\"es\"><span class=\"hgKElc\"> un \u201cequipo\u201d que piensa que los \u201csue\u00f1os\u201d y las \u201cutop\u00edas son posibles\u201d y que se plantea los siguientes fines: *Colaborar en la mejora de la calidad de la ense\u00f1anza y a la formaci\u00f3n integral as\u00ed como potenciar las relaciones de la Comunidad Educativa (profesorado, familia y alumnado).<\/span><\/span><\/p>\n<p style=\"text-align: justify;\">Frato no visita nuestra provincia desde 2015, a\u00f1o que realiz\u00f3 una ponencia en nuestro Parque de las Ciencias.<\/p>\n<p><a href=\"https:\/\/i0.wp.com\/miradordeatarfe.es\/wp-content\/uploads\/2023\/06\/349531313_1640736226408539_3261472788069648904_n.jpg?ssl=1\"><img data-recalc-dims=\"1\" loading=\"lazy\" decoding=\"async\" class=\"alignnone wp-image-61930 size-full\" src=\"https:\/\/i0.wp.com\/miradordeatarfe.es\/wp-content\/uploads\/2023\/06\/349531313_1640736226408539_3261472788069648904_n.jpg?resize=640%2C453&#038;ssl=1\" alt=\"\" width=\"640\" height=\"453\" srcset=\"https:\/\/i0.wp.com\/miradordeatarfe.es\/wp-content\/uploads\/2023\/06\/349531313_1640736226408539_3261472788069648904_n.jpg?w=2048&amp;ssl=1 2048w, https:\/\/i0.wp.com\/miradordeatarfe.es\/wp-content\/uploads\/2023\/06\/349531313_1640736226408539_3261472788069648904_n.jpg?resize=300%2C212&amp;ssl=1 300w, https:\/\/i0.wp.com\/miradordeatarfe.es\/wp-content\/uploads\/2023\/06\/349531313_1640736226408539_3261472788069648904_n.jpg?resize=1024%2C724&amp;ssl=1 1024w, https:\/\/i0.wp.com\/miradordeatarfe.es\/wp-content\/uploads\/2023\/06\/349531313_1640736226408539_3261472788069648904_n.jpg?resize=768%2C543&amp;ssl=1 768w, https:\/\/i0.wp.com\/miradordeatarfe.es\/wp-content\/uploads\/2023\/06\/349531313_1640736226408539_3261472788069648904_n.jpg?resize=1536%2C1086&amp;ssl=1 1536w, https:\/\/i0.wp.com\/miradordeatarfe.es\/wp-content\/uploads\/2023\/06\/349531313_1640736226408539_3261472788069648904_n.jpg?resize=1320%2C933&amp;ssl=1 1320w, https:\/\/i0.wp.com\/miradordeatarfe.es\/wp-content\/uploads\/2023\/06\/349531313_1640736226408539_3261472788069648904_n.jpg?w=1920&amp;ssl=1 1920w\" sizes=\"auto, (max-width: 640px) 100vw, 640px\" \/><\/a><\/p>\n<p>&nbsp;<\/p>\n<p>&nbsp;<\/p>\n","protected":false},"excerpt":{"rendered":"<p>CienciAtarfe ha organizado como clausura de la feria de la ciencia de este a\u00f1o una&#8230;<\/p>\n","protected":false},"author":1,"featured_media":61931,"comment_status":"closed","ping_status":"closed","sticky":false,"template":"","format":"standard","meta":{"_coblocks_attr":"","_coblocks_dimensions":"","_coblocks_responsive_height":"","_coblocks_accordion_ie_support":"","jetpack_post_was_ever_published":false,"_jetpack_newsletter_access":"","_jetpack_dont_email_post_to_subs":false,"_jetpack_newsletter_tier_id":0,"_jetpack_memberships_contains_paywalled_content":false,"_jetpack_memberships_contains_paid_content":false,"footnotes":"","jetpack_publicize_message":"","jetpack_publicize_feature_enabled":true,"jetpack_social_post_already_shared":false,"jetpack_social_options":{"image_generator_settings":{"template":"highway","default_image_id":0,"enabled":false},"version":2}},"categories":[10778],"tags":[10429,10428,389],"class_list":["post-61929","post","type-post","status-publish","format-standard","has-post-thumbnail","hentry","category-feria-de-la-ciencia-atarfe","tag-ciudad-de-los-ninos","tag-francesco-tonucci","tag-infancia"],"jetpack_publicize_connections":[],"jetpack_featured_media_url":"https:\/\/i0.wp.com\/miradordeatarfe.es\/wp-content\/uploads\/2023\/06\/Frato_4.jpg?fit=1072%2C618&ssl=1","jetpack_likes_enabled":true,"jetpack_sharing_enabled":true,"_links":{"self":[{"href":"https:\/\/miradordeatarfe.es\/index.php?rest_route=\/wp\/v2\/posts\/61929","targetHints":{"allow":["GET"]}}],"collection":[{"href":"https:\/\/miradordeatarfe.es\/index.php?rest_route=\/wp\/v2\/posts"}],"about":[{"href":"https:\/\/miradordeatarfe.es\/index.php?rest_route=\/wp\/v2\/types\/post"}],"author":[{"embeddable":true,"href":"https:\/\/miradordeatarfe.es\/index.php?rest_route=\/wp\/v2\/users\/1"}],"replies":[{"embeddable":true,"href":"https:\/\/miradordeatarfe.es\/index.php?rest_route=%2Fwp%2Fv2%2Fcomments&post=61929"}],"version-history":[{"count":1,"href":"https:\/\/miradordeatarfe.es\/index.php?rest_route=\/wp\/v2\/posts\/61929\/revisions"}],"predecessor-version":[{"id":61932,"href":"https:\/\/miradordeatarfe.es\/index.php?rest_route=\/wp\/v2\/posts\/61929\/revisions\/61932"}],"wp:featuredmedia":[{"embeddable":true,"href":"https:\/\/miradordeatarfe.es\/index.php?rest_route=\/wp\/v2\/media\/61931"}],"wp:attachment":[{"href":"https:\/\/miradordeatarfe.es\/index.php?rest_route=%2Fwp%2Fv2%2Fmedia&parent=61929"}],"wp:term":[{"taxonomy":"category","embeddable":true,"href":"https:\/\/miradordeatarfe.es\/index.php?rest_route=%2Fwp%2Fv2%2Fcategories&post=61929"},{"taxonomy":"post_tag","embeddable":true,"href":"https:\/\/miradordeatarfe.es\/index.php?rest_route=%2Fwp%2Fv2%2Ftags&post=61929"}],"curies":[{"name":"wp","href":"https:\/\/api.w.org\/{rel}","templated":true}]}}