{"id":61937,"date":"2023-06-04T09:36:47","date_gmt":"2023-06-04T07:36:47","guid":{"rendered":"https:\/\/miradordeatarfe.es\/?p=61937"},"modified":"2023-06-01T19:52:46","modified_gmt":"2023-06-01T17:52:46","slug":"tanta-soledad-por-rosa-montero","status":"publish","type":"post","link":"https:\/\/miradordeatarfe.es\/?p=61937","title":{"rendered":"\u00abTanta soledad\u00bb por Rosa Montero"},"content":{"rendered":"<div class=\"a_c clearfix\" data-dtm-region=\"articulo_cuerpo\">\n<h3 class=\"a_st\">Hay mucha gente que parece madura y normal, pero que en realidad es patol\u00f3gicamente incapaz de vivir sola.<\/h3>\n<p class=\"\" style=\"text-align: justify;\">A ra\u00edz del <a href=\"https:\/\/elpais.com\/gente\/2023-03-30\/la-contracronica-de-la-maternidad-de-ana-obregon-asi-se-ha-gestado-la-exclusiva-mas-polemica-del-ano.html\" target=\"_blank\" rel=\"noopener\" data-link-track-dtm=\"\">caso de Ana Garc\u00eda Obreg\u00f3n<\/a> se ha discutido mucho en estos d\u00edas sobre si el hecho de ser madre en la tercera edad y utilizar los llamados \u201cvientres de alquiler\u201d (terrible expresi\u00f3n, dicho sea de paso) son opciones leg\u00edtimas o, por el contrario, \u00e9ticamente inaceptables. Ambos temas son importantes y merecen ser debatidos en profundidad, pero no es de eso de lo que quiero hablar en este art\u00edculo, sino de una frase que dijo la actriz que me dej\u00f3 bastante consternada: \u201c<a href=\"https:\/\/elpais.com\/gente\/2023-03-28\/ana-obregon-madre-de-una-nina-por-vientre-de-alquiler-a-los-68-anos.html\" target=\"_blank\" rel=\"noopener\" data-link-track-dtm=\"\">Nunca volver\u00e9 a estar sola<\/a>\u201d. Es obvio que la desgarradora p\u00e9rdida de su hijo subyace detr\u00e1s de todo esto, pero la compasi\u00f3n y la comprensi\u00f3n no evitan que sea una declaraci\u00f3n tremenda que s\u00f3lo puede augurar desgracias. En primer lugar para Obreg\u00f3n, porque la vida nos demuestra una y mil veces que los hijos no te aseguran compa\u00f1\u00eda, y que, si has decidido ser madre (ella y otras) con ese fin utilitario, es muy posible que la decepci\u00f3n sea colosal. Pero terrible tambi\u00e9n para todos los ni\u00f1os que son tra\u00eddos al mundo como muletas afectivas (cosa que me temo que sucede bastante), porque es el augurio de una vida probablemente asfixiante y de una lucha amarga para poder librarse de ese destino vicario. Es una frase, en fin, que amenaza penas para todos.<\/p>\n<p class=\"\" style=\"text-align: justify;\"><a href=\"https:\/\/elpais.com\/sociedad\/2023-03-19\/el-nuevo-perfil-de-la-soledad-joven-y-precario.html\" target=\"_blank\" rel=\"noopener\" data-link-track-dtm=\"\">Qu\u00e9 mal lleva el ser humano la soledad<\/a>. Somos animales sociales y el aislamiento puede volvernos literalmente locos. Claro que hay varias clases de soledad, desde la existencial, porque frente a nuestro fin estamos solos (aunque creo que debe de ser consolador morir de la mano de alguien), hasta la soledad social extrema, esa especie de muerte en vida que padecen, entre otros, <a href=\"https:\/\/elpais.com\/salud-y-bienestar\/2023-01-11\/la-soledad-un-problema-de-salud-publica-que-aumenta-el-riesgo-de-enfermar-y-morir.html\" target=\"_blank\" rel=\"noopener\" data-link-track-dtm=\"\">muchos ancianos que se quedan sin nadie<\/a>. Pero tambi\u00e9n existe una soledad positiva que consiste en saber convivir contigo mismo, no temerle al silencio, aprender a escuchar el murmullo de tus propios pensamientos. Y para mi sorpresa he descubierto que hay mucha gente que parece madura y normal, pero que en realidad es patol\u00f3gicamente incapaz de vivir sola. Lo cual es una inacabable fuente de desgracias, porque, por miedo a la soledad, puedes hacer cosas tan da\u00f1inas como emparejarte con una persona horrible, o establecer relaciones de amistad humillantes en las que te arrastras por una migaja de compa\u00f1\u00eda, o traer hijos al mundo, en fin, con un planteamiento utilitario disparatado. Nunca he entendido que no se eduque a los ni\u00f1os en el aprendizaje de esa necesaria soledad. O sabes vivir solo, o eres un esclavo de tus miedos.<\/p>\n<p class=\"\" style=\"text-align: justify;\">Pero sin duda lo peor es el territorio helado de la soledad social, <a href=\"https:\/\/elpais.com\/opinion\/2023-01-18\/la-epidemia-silenciosa-de-la-soledad.html\" target=\"_blank\" rel=\"noopener\" data-link-track-dtm=\"\">una pandemia silenciosa que se extiende<\/a> y extiende como un virus secreto. \u201cLa lacra del siglo\u201d, la denomin\u00f3 Tetsushi Sakamoto al tomar posesi\u00f3n de su cargo como ministro de la Soledad, una nueva cartera creada en Jap\u00f3n en 2021. No es el \u00fanico ministerio de este tipo que hay en el mundo: el primero surgi\u00f3 en 2018 en el Reino Unido, en donde nueve millones de personas viven solas (el 13,7% de la poblaci\u00f3n).<\/p>\n<p class=\"\" style=\"text-align: justify;\">S\u00ed, cada d\u00eda hay m\u00e1s viejos que no hablan con nadie durante meses, m\u00e1s ciudadanos de todas las edades que sufren un verdadero aislamiento social. Se calcula que una de cada doce personas en el mundo experimenta una soledad no deseada, cosa que puede destruirte: aumenta hasta un 30% el riesgo de mortalidad, por no hablar de la depresi\u00f3n y el deterioro cognitivo. Un reciente metaan\u00e1lisis hecho por la Universidad de S\u00eddney con 57 estudios en 113 pa\u00edses arroja resultados que contradicen nuestros estereotipos: en los pa\u00edses n\u00f3rdicos es donde menos solitarios hay (2,9% de j\u00f3venes, 5,3% de ancianos); en donde m\u00e1s, en los antiguos pa\u00edses del Este (7,5% y 21,3%, respectivamente). Lo que sugiere que una sociedad democr\u00e1tica veterana puede hacer mucho por la cohesi\u00f3n social y el cuidado de los m\u00e1s necesitados. Hace unos meses le\u00ed que los supermercados Jumbo de Holanda han puesto en sus centros 200 cajas lentas <a href=\"https:\/\/elpais.com\/sociedad\/2023-01-16\/de-charla-en-la-caja-de-los-supermercados-para-paliar-la-soledad.html\" target=\"_blank\" rel=\"noopener\" data-link-track-dtm=\"\">para aquellas personas que quieran aprovechar la cola del pago para hablar<\/a>. Qu\u00e9 gran cabeza est\u00e1 detr\u00e1s de esa medida: alguien capaz de mirar y de ver, alguien que ha sabido comprender que hay clientes (muchos de ellos ancianos) cuyo \u00fanico contacto con otras personas se produce cuando van a comprar al supermercado. Y es que hay que estar muy atentos para distinguirlos: los solitarios, sobre todo los viejos, son invisibles. En Espa\u00f1a hay dos millones de mayores que viven solos. A ver si aprendemos a mirarlos.<\/p>\n<header class=\"a_e a_e-o _g _g-xs\">\n<div class=\"a_e_m\">\n<figure class=\"a_m a_m-h \"><figcaption class=\"a_m_p\"><a class=\"a_md_a_n\" title=\"Ver todas las noticias de Rosa Montero\" href=\"https:\/\/elpais.com\/autor\/rosa-montero\/#?rel=author_top\"><strong>Rosa Montero<\/strong><\/a><\/p>\n<p>FOTO: Un anciano camina con su bast\u00f3n en \u00c1vila.<span class=\"a_m_m\">Tim Graham (Getty Images)<\/span><\/figcaption><\/figure>\n<\/div>\n<\/header>\n<div class=\"a_md _g _g-xs \">\n<figure class=\"a_md_i a_m-h c_m--nf\"><span class=\"a_m_w _db\">https:\/\/elpais.com\/eps\/2023-04-16\/tanta-soledad.html#?rel=lom<\/span><\/figure>\n<div class=\"a_md_txt\">\n<div class=\"a_md_a\" data-dtm-region=\"articulo_firma\">\u00a0<\/div>\n<\/div>\n<\/div>\n<\/div>\n","protected":false},"excerpt":{"rendered":"<p>Hay mucha gente que parece madura y normal, pero que en realidad es patol\u00f3gicamente incapaz&#8230;<\/p>\n","protected":false},"author":1,"featured_media":61938,"comment_status":"closed","ping_status":"closed","sticky":false,"template":"","format":"standard","meta":{"_coblocks_attr":"","_coblocks_dimensions":"","_coblocks_responsive_height":"","_coblocks_accordion_ie_support":"","jetpack_post_was_ever_published":false,"_jetpack_newsletter_access":"","_jetpack_dont_email_post_to_subs":false,"_jetpack_newsletter_tier_id":0,"_jetpack_memberships_contains_paywalled_content":false,"_jetpack_memberships_contains_paid_content":false,"footnotes":"","jetpack_publicize_message":"","jetpack_publicize_feature_enabled":true,"jetpack_social_post_already_shared":false,"jetpack_social_options":{"image_generator_settings":{"template":"highway","default_image_id":0,"enabled":false},"version":2}},"categories":[1161,44,6937,15,10],"tags":[1382,1369],"class_list":["post-61937","post","type-post","status-publish","format-standard","has-post-thumbnail","hentry","category-ciudadania","category-noticias-de-hoy","category-sociedad","category-ultimas-noticias","category-salud","tag-mayores","tag-soledad"],"jetpack_publicize_connections":[],"jetpack_featured_media_url":"https:\/\/i0.wp.com\/miradordeatarfe.es\/wp-content\/uploads\/2023\/06\/soledad.png?fit=361%2C292&ssl=1","jetpack_likes_enabled":true,"jetpack_sharing_enabled":true,"_links":{"self":[{"href":"https:\/\/miradordeatarfe.es\/index.php?rest_route=\/wp\/v2\/posts\/61937","targetHints":{"allow":["GET"]}}],"collection":[{"href":"https:\/\/miradordeatarfe.es\/index.php?rest_route=\/wp\/v2\/posts"}],"about":[{"href":"https:\/\/miradordeatarfe.es\/index.php?rest_route=\/wp\/v2\/types\/post"}],"author":[{"embeddable":true,"href":"https:\/\/miradordeatarfe.es\/index.php?rest_route=\/wp\/v2\/users\/1"}],"replies":[{"embeddable":true,"href":"https:\/\/miradordeatarfe.es\/index.php?rest_route=%2Fwp%2Fv2%2Fcomments&post=61937"}],"version-history":[{"count":1,"href":"https:\/\/miradordeatarfe.es\/index.php?rest_route=\/wp\/v2\/posts\/61937\/revisions"}],"predecessor-version":[{"id":61939,"href":"https:\/\/miradordeatarfe.es\/index.php?rest_route=\/wp\/v2\/posts\/61937\/revisions\/61939"}],"wp:featuredmedia":[{"embeddable":true,"href":"https:\/\/miradordeatarfe.es\/index.php?rest_route=\/wp\/v2\/media\/61938"}],"wp:attachment":[{"href":"https:\/\/miradordeatarfe.es\/index.php?rest_route=%2Fwp%2Fv2%2Fmedia&parent=61937"}],"wp:term":[{"taxonomy":"category","embeddable":true,"href":"https:\/\/miradordeatarfe.es\/index.php?rest_route=%2Fwp%2Fv2%2Fcategories&post=61937"},{"taxonomy":"post_tag","embeddable":true,"href":"https:\/\/miradordeatarfe.es\/index.php?rest_route=%2Fwp%2Fv2%2Ftags&post=61937"}],"curies":[{"name":"wp","href":"https:\/\/api.w.org\/{rel}","templated":true}]}}