{"id":61943,"date":"2023-06-04T11:00:37","date_gmt":"2023-06-04T09:00:37","guid":{"rendered":"https:\/\/miradordeatarfe.es\/?p=61943"},"modified":"2023-06-09T10:23:17","modified_gmt":"2023-06-09T08:23:17","slug":"carlos-el-monopor-juan-de-dios-villanueva-roa","status":"publish","type":"post","link":"https:\/\/miradordeatarfe.es\/?p=61943","title":{"rendered":"\u00abCARLOS EL MONO\u00bb por Juan de Dios Villanueva Roa"},"content":{"rendered":"<h3>O Pepe o Juan o Javier. Da igual. Dice Lola que este pa\u00eds est\u00e1 lleno de gentes que desfogan en cualquier sitio en el que se sientan protegidos por el anonimato o la multitud.<\/h3>\n<p style=\"text-align: justify;\">Lo de Vinicius hace unos d\u00edas en Valencia no es m\u00e1s que la proyecci\u00f3n intelectual de unos imb\u00e9ciles que est\u00e1n m\u00e1s pr\u00f3ximos al mono que al humano. Y les sale en cuanto se creen inmunes. Igual les puede pasar en sus casas, con puertas y ventanas cerradas y fuera del alcance de ojos y o\u00eddos ajenos.<\/p>\n<p style=\"text-align: justify;\">Gentes que precisar\u00edan varios pases por escuela y familias que los educasen. Seres que nos averg\u00fcenzan a una inmensa mayor\u00eda cuando los vemos con esas gestualidades entre un p\u00fablico que deber\u00eda ser polic\u00eda de unas normas m\u00ednimas, b\u00e1sicas. No deber\u00edan ser precisos guardias de seguridad ni agentes del orden para poner en su sitio a estos individuos.<\/p>\n<p style=\"text-align: justify;\">Ya que la educaci\u00f3n no ha hecho efecto en ellos, es la tribu quien debe actuar. Y la tribu somos todos. \u00bfSe imagina a alguien defecando en medio de una acera a cualquier hora del d\u00eda, entre las piernas de los viandantes pasando? Pues algo as\u00ed define a estos impresentables en un estadio de f\u00fatbol, en el que piensan que pueden hacer lo que quieran o decir lo que les d\u00e9 la gana: insultar a los \u00e1rbitros, a jugadores, vociferar como descerebrados, arrojar objetos.<\/p>\n<p style=\"text-align: justify;\">Seres ineducados, asociables, deformados de cuello para arriba. Y todo por pagar una entrada y estar rodeados de otros que se ponen de perfil. En Granada un espectador l\u00facido se volvi\u00f3 y le dijo de forma regia: \u00bfPor qu\u00e9 no te callas, imb\u00e9cil? Las c\u00e1maras tambi\u00e9n lo recogieron.<\/p>\n","protected":false},"excerpt":{"rendered":"<p>O Pepe o Juan o Javier. Da igual. Dice Lola que este pa\u00eds est\u00e1 lleno&#8230;<\/p>\n","protected":false},"author":1,"featured_media":61944,"comment_status":"closed","ping_status":"closed","sticky":false,"template":"","format":"standard","meta":{"_coblocks_attr":"","_coblocks_dimensions":"","_coblocks_responsive_height":"","_coblocks_accordion_ie_support":"","jetpack_post_was_ever_published":false,"_jetpack_newsletter_access":"","_jetpack_dont_email_post_to_subs":false,"_jetpack_newsletter_tier_id":0,"_jetpack_memberships_contains_paywalled_content":false,"_jetpack_memberships_contains_paid_content":false,"footnotes":"","jetpack_publicize_message":"","jetpack_publicize_feature_enabled":true,"jetpack_social_post_already_shared":false,"jetpack_social_options":{"image_generator_settings":{"template":"highway","default_image_id":0,"enabled":false},"version":2}},"categories":[1161,9772,44,6937,15],"tags":[666,2600,77],"class_list":["post-61943","post","type-post","status-publish","format-standard","has-post-thumbnail","hentry","category-ciudadania","category-opinion-de-juan-de-dios-villanueva","category-noticias-de-hoy","category-sociedad","category-ultimas-noticias","tag-futbol","tag-racismo","tag-violencia"],"jetpack_publicize_connections":[],"jetpack_featured_media_url":"https:\/\/i0.wp.com\/miradordeatarfe.es\/wp-content\/uploads\/2023\/06\/00a640ec-668e-40c0-9fac-7b4b2bd8f868_16-9-discover-aspect-ratio_default_0_x2516y972.jpg?fit=1200%2C675&ssl=1","jetpack_likes_enabled":true,"jetpack_sharing_enabled":true,"_links":{"self":[{"href":"https:\/\/miradordeatarfe.es\/index.php?rest_route=\/wp\/v2\/posts\/61943","targetHints":{"allow":["GET"]}}],"collection":[{"href":"https:\/\/miradordeatarfe.es\/index.php?rest_route=\/wp\/v2\/posts"}],"about":[{"href":"https:\/\/miradordeatarfe.es\/index.php?rest_route=\/wp\/v2\/types\/post"}],"author":[{"embeddable":true,"href":"https:\/\/miradordeatarfe.es\/index.php?rest_route=\/wp\/v2\/users\/1"}],"replies":[{"embeddable":true,"href":"https:\/\/miradordeatarfe.es\/index.php?rest_route=%2Fwp%2Fv2%2Fcomments&post=61943"}],"version-history":[{"count":2,"href":"https:\/\/miradordeatarfe.es\/index.php?rest_route=\/wp\/v2\/posts\/61943\/revisions"}],"predecessor-version":[{"id":61946,"href":"https:\/\/miradordeatarfe.es\/index.php?rest_route=\/wp\/v2\/posts\/61943\/revisions\/61946"}],"wp:featuredmedia":[{"embeddable":true,"href":"https:\/\/miradordeatarfe.es\/index.php?rest_route=\/wp\/v2\/media\/61944"}],"wp:attachment":[{"href":"https:\/\/miradordeatarfe.es\/index.php?rest_route=%2Fwp%2Fv2%2Fmedia&parent=61943"}],"wp:term":[{"taxonomy":"category","embeddable":true,"href":"https:\/\/miradordeatarfe.es\/index.php?rest_route=%2Fwp%2Fv2%2Fcategories&post=61943"},{"taxonomy":"post_tag","embeddable":true,"href":"https:\/\/miradordeatarfe.es\/index.php?rest_route=%2Fwp%2Fv2%2Ftags&post=61943"}],"curies":[{"name":"wp","href":"https:\/\/api.w.org\/{rel}","templated":true}]}}