{"id":61948,"date":"2023-06-02T11:00:56","date_gmt":"2023-06-02T09:00:56","guid":{"rendered":"https:\/\/miradordeatarfe.es\/?p=61948"},"modified":"2023-10-19T22:03:58","modified_gmt":"2023-10-19T20:03:58","slug":"61948","status":"publish","type":"post","link":"https:\/\/miradordeatarfe.es\/?p=61948","title":{"rendered":"\u00abLA ALCAZABA DE ELVIRA\u00bb por Jos\u00e9 Enrique Granados"},"content":{"rendered":"<div class=\"xdj266r x11i5rnm xat24cr x1mh8g0r x1vvkbs x126k92a\">\n<h3 dir=\"auto\" style=\"text-align: justify;\">Hay que convenir que en el siglo XIV exist\u00eda cerca de Granada una poblaci\u00f3n llamada Elvira, la cual, en sentir de los referidos autores, era la celeb\u00e9rrima ciudad del mismo nombre.<\/h3>\n<div dir=\"auto\" style=\"text-align: justify;\">Cierto, que no nos dicen, hacia qu\u00e9 parte de la vega de Granada ca\u00eda la Elvira que vio Ben Batut arruinada y desierta; pero este silencio se halla satisfactoriamente suplido por una multitud de testimonios irrecusables, y por el nombre que a\u00fan conserva el sitio o pago en que aquella poblaci\u00f3n estuvo situada.<\/div>\n<div dir=\"auto\" style=\"text-align: justify;\">\u00a0<\/div>\n<div dir=\"auto\" style=\"text-align: justify;\">Refiriendo Almacari las conquistas que en el a\u00f1o 1486 hizo Don Fernando el Cat\u00f3lico de los castillos y fortalezas del reino de Granada, nos dice; \u00ab<em>A mediados de Chumada 2\u00aa de 891 de la h\u00e9gira (Junio de 1486), sall\u00f3 (el Se\u00f1or de Castilla) con direcci\u00f3n a Elvira, y habiendo destruido parte de sus muros, se aterraron sus habitantes y le hicieron entrega del castillo bajo seguro, march\u00e1ndose con direcci\u00f3n a Granada. (<\/em>V. Analectas, vol. 11, 2. parte, texto \u00e1rabe, p\u00e1g. 805).<\/div>\n<div dir=\"auto\" style=\"text-align: justify;\">\u00a0<\/div>\n<div dir=\"auto\" style=\"text-align: justify;\">El autor an\u00f3nimo de la cr\u00f3nica sobre los \u00faltimos tiempos de la dinast\u00eda de los Ben i Nazar, publicada en Munich en 1864 por Mare J. M\u00fcller, refiere el mismo suceso en estos t\u00e9rminos: <em>\u00abA mediados de Chumada 2\u00b0, a\u00f1o de los sucesos referidos (1486), sali\u00f3 el rey de los cristianos con su ej\u00e9rcito, exterm\u00ednelo, Dios, con direcci\u00f3n al castillo de Elvira, acampando cerca de \u00e9l y asentando sus bombardas y m\u00e1quinas de guerra. Viendo sus habitantes que era in\u00fatil la resistencia por lo recio del combate y del cerco, pidieron seguro para sus personas, sus caballos, ac\u00e9milas, armas, y para cuanto pudieren llevarse de su ajuar, y habi\u00e9ndoles otorgado el rey lo que ped\u00edan, como lo cumpli\u00f3 en efecto, evacuaron el castillo y se marcharon a Granada.\u00bb<\/em> (Vid. Die Letzen zeiten von Granada, p. 20, texto \u00e1rabe.)&gt; (Del lugar donde fue Il\u00edberis, D. Leopoldo Egu\u00edlaz)<\/div>\n<\/div>\n<div class=\"x11i5rnm xat24cr x1mh8g0r x1vvkbs xtlvy1s x126k92a\" style=\"text-align: justify;\">\n<div dir=\"auto\">\u00a0<\/div>\n<div dir=\"auto\">Fotograf\u00eda del Cerro del Sombrerete, lugar donde se ubicaba la alcazaba de la ciudad de Elvira. \u00bfSer\u00eda este el castillo que destruyeron los cristianos en 1486?<\/div>\n<\/div>\n<div class=\"x11i5rnm xat24cr x1mh8g0r x1vvkbs xtlvy1s x126k92a\">\n<div dir=\"auto\" style=\"text-align: justify;\">Gacetilla y curiosidades elvirenses<\/div>\n<\/div>\n<div dir=\"auto\">\u00a0<\/div>\n<div dir=\"auto\">\u00a0<\/div>\n","protected":false},"excerpt":{"rendered":"<p>Hay que convenir que en el siglo XIV exist\u00eda cerca de Granada una poblaci\u00f3n llamada&#8230;<\/p>\n","protected":false},"author":1,"featured_media":61949,"comment_status":"closed","ping_status":"closed","sticky":false,"template":"","format":"standard","meta":{"_coblocks_attr":"","_coblocks_dimensions":"","_coblocks_responsive_height":"","_coblocks_accordion_ie_support":"","jetpack_post_was_ever_published":false,"_jetpack_newsletter_access":"","_jetpack_dont_email_post_to_subs":false,"_jetpack_newsletter_tier_id":0,"_jetpack_memberships_contains_paywalled_content":false,"_jetpack_memberships_contains_paid_content":false,"footnotes":"","jetpack_publicize_message":"","jetpack_publicize_feature_enabled":true,"jetpack_social_post_already_shared":false,"jetpack_social_options":{"image_generator_settings":{"template":"highway","default_image_id":0,"enabled":false},"version":2}},"categories":[38,5359],"tags":[],"class_list":["post-61948","post","type-post","status-publish","format-standard","has-post-thumbnail","hentry","category-opinion-de-jose-enrique-granados","category-madinat-ilbira"],"jetpack_publicize_connections":[],"jetpack_featured_media_url":"https:\/\/i0.wp.com\/miradordeatarfe.es\/wp-content\/uploads\/2023\/06\/346651014_796808528444044_4648639270308408863_n.jpg?fit=526%2C534&ssl=1","jetpack_likes_enabled":true,"jetpack_sharing_enabled":true,"_links":{"self":[{"href":"https:\/\/miradordeatarfe.es\/index.php?rest_route=\/wp\/v2\/posts\/61948","targetHints":{"allow":["GET"]}}],"collection":[{"href":"https:\/\/miradordeatarfe.es\/index.php?rest_route=\/wp\/v2\/posts"}],"about":[{"href":"https:\/\/miradordeatarfe.es\/index.php?rest_route=\/wp\/v2\/types\/post"}],"author":[{"embeddable":true,"href":"https:\/\/miradordeatarfe.es\/index.php?rest_route=\/wp\/v2\/users\/1"}],"replies":[{"embeddable":true,"href":"https:\/\/miradordeatarfe.es\/index.php?rest_route=%2Fwp%2Fv2%2Fcomments&post=61948"}],"version-history":[{"count":3,"href":"https:\/\/miradordeatarfe.es\/index.php?rest_route=\/wp\/v2\/posts\/61948\/revisions"}],"predecessor-version":[{"id":61952,"href":"https:\/\/miradordeatarfe.es\/index.php?rest_route=\/wp\/v2\/posts\/61948\/revisions\/61952"}],"wp:featuredmedia":[{"embeddable":true,"href":"https:\/\/miradordeatarfe.es\/index.php?rest_route=\/wp\/v2\/media\/61949"}],"wp:attachment":[{"href":"https:\/\/miradordeatarfe.es\/index.php?rest_route=%2Fwp%2Fv2%2Fmedia&parent=61948"}],"wp:term":[{"taxonomy":"category","embeddable":true,"href":"https:\/\/miradordeatarfe.es\/index.php?rest_route=%2Fwp%2Fv2%2Fcategories&post=61948"},{"taxonomy":"post_tag","embeddable":true,"href":"https:\/\/miradordeatarfe.es\/index.php?rest_route=%2Fwp%2Fv2%2Ftags&post=61948"}],"curies":[{"name":"wp","href":"https:\/\/api.w.org\/{rel}","templated":true}]}}