{"id":61954,"date":"2023-06-05T09:00:32","date_gmt":"2023-06-05T07:00:32","guid":{"rendered":"https:\/\/miradordeatarfe.es\/?p=61954"},"modified":"2023-06-01T20:28:50","modified_gmt":"2023-06-01T18:28:50","slug":"el-isciii-descubre-nuevas-proteinas-relacionadas-con-el-desarrollo-del-alzheimer","status":"publish","type":"post","link":"https:\/\/miradordeatarfe.es\/?p=61954","title":{"rendered":"El ISCIII descubre nuevas prote\u00ednas relacionadas con el desarrollo del Alzheimer"},"content":{"rendered":"<div class=\"v-bdcs v-bdcs--d\">\n<div class=\"v-bdcs__c v-c\">\n<div class=\"v-sld-g v-sld v-sld--grd-xs not-sld\" data-voc-component=\"slider-grab\">\n<h3>Una investigaci\u00f3n del Instituto de Salud Carlos III (ISCIII) ha descubierto nuevas prote\u00ednas relacionadas con el desarrollo de la enfermedad de Alzheimer. Su estudio podr\u00eda facilitar la b\u00fasqueda de nuevos biomarcadores diagn\u00f3sticos y posibles dianas terap\u00e9uticas.<\/h3>\n<p style=\"text-align: justify;\">Este trabajo, coordinado desde la Unidad Funcional de Investigaci\u00f3n en Enfermedades Cr\u00f3nicas (UFIEC) del ISCIII, y cuyos resultados se han publicado en la revista <em>Cellular and Molecular Life Sciences<\/em>, ha identificado mediante t\u00e9cnicas de prote\u00f3mica cuantitativa<strong> m\u00e1s de 200 prote\u00ednas alteradas en pacientes<\/strong>, y han confirmado mediante t\u00e9cnicas ortogonales la <strong>relaci\u00f3n de 10 de estas prote\u00ednas con la enfermedad de Alzheimer<\/strong>.<br \/>\nLa expresi\u00f3n de estas diez prote\u00ednas -ANLN, BIN1, HECTD1, EXOC2, NRGN, PMP2, PPP1R14A, SCRN3, SLC12A5 y TSC2- aparece desregulada como consecuencia de la enfermedad de Alzheimer, por lo que <strong>podr\u00edan actuar como biomarcadores<\/strong> de su desarrollo y como dianas para investigar posibles nuevos tratamientos.<\/p>\n<p style=\"text-align: justify;\">Tal y como destacan <strong>Ana Montero Calle<\/strong> y <strong>Rodrigo Barderas<\/strong>, autores principales del estudio, los an\u00e1lisis del tejido cerebral se\u00f1alan que las <strong>prote\u00ednas EXOC2, HECTD1, SLC12A5 y TSC2<\/strong> muestran una desregulaci\u00f3n con expresi\u00f3n a la baja, mientras que <strong>ANLN, BIN1, NRGN, PMP2, PPP1R14A y SCRN3<\/strong>, por el contrario, aparecen desreguladas con un aumento en sus niveles de expresi\u00f3n en pacientes de Alzheimer.\u00a0<\/p>\n<p style=\"text-align: justify;\">M\u00e1s concretamente, las<strong> prote\u00ednas HECTD1 y SLC12A5 <\/strong>se encontraron con niveles elevados en la sangre de los pacientes con Alzheimer en comparaci\u00f3n con los controles -personas sanas-, por lo que se proponen como <strong>posibles biomarcadores diagn\u00f3sticos en sangre<\/strong>.<\/p>\n<p style=\"text-align: justify;\">Adem\u00e1s, los investigadores han descubierto una <strong>relaci\u00f3n entre las prote\u00ednas SCRN3 y PMP2 con la aparici\u00f3n de agregados amiloides in vitro<\/strong> y con la presencia de placas del p\u00e9ptido beta-amiloide, cuya acumulaci\u00f3n en el tejido cerebral se relaciona con los inicios de la enfermedad, lo que puede<strong> abrir nuevas v\u00edas para comprender mejor la enfermedad de Alzheimer<\/strong>.<\/p>\n<p style=\"text-align: justify;\">En la actualidad, el <strong>estudio de prote\u00ednas que puedan ser biomarcadores <\/strong>del Alzheimer es una de las principales v\u00edas de investigaci\u00f3n para esta <strong>enfermedad neurodegenerativa que representa la principal causa de demencia en el mundo<\/strong>, cuyos mecanismos de inicio y desarrollo no se conocen bien y para la que a\u00fan no existe cura ni tratamiento efectivo.<\/p>\n<p style=\"text-align: justify;\">Por ello, muchos de los esfuerzos van dirigidos a <strong>descubrir las v\u00edas moleculares y funcionales alteradas en la enfermedad<\/strong>, lo que permitir\u00eda una mayor comprensi\u00f3n de la enfermedad para poder mejorar el diagn\u00f3stico precoz e identificar nuevas dianas terap\u00e9uticas. \u00a0<\/p>\n<p style=\"text-align: justify;\">Este estudio, desarrollado por Unidad Funcional de Investigaci\u00f3n en Enfermedades Cr\u00f3nicas (UFIEC) del <strong><a href=\"https:\/\/www.isciii.es\/Paginas\/Inicio.aspx\" target=\"_blank\" rel=\"noreferrer noopener\">ISCIII<\/a><\/strong> en colaboraci\u00f3n con la Unidad de Regeneraci\u00f3n Neural, se ha financiado con ayudas de la Acci\u00f3n Estrat\u00e9gica en Salud (AES) y las personas interesas pueden <strong><a href=\"https:\/\/link.springer.com\/article\/10.1007\/s00018-023-04791-y\" target=\"_blank\" rel=\"noreferrer noopener\">acceder aqu\u00ed <\/a><\/strong>al mismo.<\/p>\n<p style=\"text-align: justify;\"><em><span class=\"has-inline-color has-cyan-bluish-gray-color\"><strong>Referencia del art\u00edculo<\/strong>:<\/span><\/em><br \/>\n<em><span class=\"has-inline-color has-cyan-bluish-gray-color\">Montero-Calle, A., Coronel, R., Garranzo-Asensio, M. et al. Proteomics analysis of prefrontal cortex of Alzheimer\u2019s disease patients revealed dysregulated proteins in the disease and novel proteins associated with amyloid-\u03b2 pathology. Cell. Mol. Life Sci. 80, 141 (2023). <a href=\"https:\/\/link.springer.com\/article\/10.1007\/s00018-023-04791-y\" target=\"_blank\" rel=\"noreferrer noopener\">https:\/\/doi.org\/10.1007\/s00018-023-04791-y\u200b<\/a>\u200b. \u200b\u200b<\/span><\/em><\/p>\n<p style=\"text-align: justify;\"><a href=\"https:\/\/i0.wp.com\/miradordeatarfe.es\/wp-content\/uploads\/2023\/06\/f4W6-geriatricarea.jpg?ssl=1\"><img data-recalc-dims=\"1\" loading=\"lazy\" decoding=\"async\" class=\"alignnone size-medium wp-image-61955\" src=\"https:\/\/i0.wp.com\/miradordeatarfe.es\/wp-content\/uploads\/2023\/06\/f4W6-geriatricarea.jpg?resize=300%2C142&#038;ssl=1\" alt=\"\" width=\"300\" height=\"142\" srcset=\"https:\/\/i0.wp.com\/miradordeatarfe.es\/wp-content\/uploads\/2023\/06\/f4W6-geriatricarea.jpg?resize=300%2C142&amp;ssl=1 300w, https:\/\/i0.wp.com\/miradordeatarfe.es\/wp-content\/uploads\/2023\/06\/f4W6-geriatricarea.jpg?w=318&amp;ssl=1 318w\" sizes=\"auto, (max-width: 300px) 100vw, 300px\" \/><\/a><\/p>\n<\/div>\n<\/div>\n<\/div>\n<div class=\"v-w\" data-voc-adbd-layer=\"\">\n<div class=\"v-c\">\u00a0<\/div>\n<\/div>\n<p class=\"v-p\"><em>FOTO: En la imagen, Raquel Coronel, Mar\u00eda Garranzo Asensio, Ana Montero Calle, Rodrigo Barderas e Isabel Liste, investigadores de la UFIEC del ISCIII<\/em><\/p>\n<blockquote class=\"wp-embedded-content\" data-secret=\"kLobmESBYx\"><p><a href=\"https:\/\/www.geriatricarea.com\/2023\/05\/24\/el-isciii-descubre-nuevas-proteinas-relacionadas-con-el-desarrollo-del-alzheimer\/\">El ISCIII descubre nuevas prote\u00ednas relacionadas con el desarrollo del Alzheimer<\/a><\/p><\/blockquote>\n<p><iframe loading=\"lazy\" class=\"wp-embedded-content\" sandbox=\"allow-scripts\" security=\"restricted\" style=\"position: absolute; visibility: hidden;\" title=\"\u00abEl ISCIII descubre nuevas prote\u00ednas relacionadas con el desarrollo del Alzheimer\u00bb \u2014 Geriatricarea\" src=\"https:\/\/www.geriatricarea.com\/2023\/05\/24\/el-isciii-descubre-nuevas-proteinas-relacionadas-con-el-desarrollo-del-alzheimer\/embed\/#?secret=kLobmESBYx\" data-secret=\"kLobmESBYx\" width=\"600\" height=\"338\" frameborder=\"0\" marginwidth=\"0\" marginheight=\"0\" scrolling=\"no\"><\/iframe><\/p>\n","protected":false},"excerpt":{"rendered":"<p>Una investigaci\u00f3n del Instituto de Salud Carlos III (ISCIII) ha descubierto nuevas prote\u00ednas relacionadas con&#8230;<\/p>\n","protected":false},"author":1,"featured_media":61956,"comment_status":"closed","ping_status":"closed","sticky":false,"template":"","format":"standard","meta":{"_coblocks_attr":"","_coblocks_dimensions":"","_coblocks_responsive_height":"","_coblocks_accordion_ie_support":"","jetpack_post_was_ever_published":false,"_jetpack_newsletter_access":"","_jetpack_dont_email_post_to_subs":false,"_jetpack_newsletter_tier_id":0,"_jetpack_memberships_contains_paywalled_content":false,"_jetpack_memberships_contains_paid_content":false,"footnotes":"","jetpack_publicize_message":"","jetpack_publicize_feature_enabled":true,"jetpack_social_post_already_shared":false,"jetpack_social_options":{"image_generator_settings":{"template":"highway","default_image_id":0,"enabled":false},"version":2}},"categories":[1161,44,6937,15],"tags":[513,10436,10435,1504],"class_list":["post-61954","post","type-post","status-publish","format-standard","has-post-thumbnail","hentry","category-ciudadania","category-noticias-de-hoy","category-sociedad","category-ultimas-noticias","tag-alzheimer","tag-biomarcadores","tag-geriatricos","tag-sangre"],"jetpack_publicize_connections":[],"jetpack_featured_media_url":"https:\/\/i0.wp.com\/miradordeatarfe.es\/wp-content\/uploads\/2023\/06\/geriatricarea-ISCIII-alzheimer.jpg?fit=550%2C350&ssl=1","jetpack_likes_enabled":true,"jetpack_sharing_enabled":true,"_links":{"self":[{"href":"https:\/\/miradordeatarfe.es\/index.php?rest_route=\/wp\/v2\/posts\/61954","targetHints":{"allow":["GET"]}}],"collection":[{"href":"https:\/\/miradordeatarfe.es\/index.php?rest_route=\/wp\/v2\/posts"}],"about":[{"href":"https:\/\/miradordeatarfe.es\/index.php?rest_route=\/wp\/v2\/types\/post"}],"author":[{"embeddable":true,"href":"https:\/\/miradordeatarfe.es\/index.php?rest_route=\/wp\/v2\/users\/1"}],"replies":[{"embeddable":true,"href":"https:\/\/miradordeatarfe.es\/index.php?rest_route=%2Fwp%2Fv2%2Fcomments&post=61954"}],"version-history":[{"count":1,"href":"https:\/\/miradordeatarfe.es\/index.php?rest_route=\/wp\/v2\/posts\/61954\/revisions"}],"predecessor-version":[{"id":61957,"href":"https:\/\/miradordeatarfe.es\/index.php?rest_route=\/wp\/v2\/posts\/61954\/revisions\/61957"}],"wp:featuredmedia":[{"embeddable":true,"href":"https:\/\/miradordeatarfe.es\/index.php?rest_route=\/wp\/v2\/media\/61956"}],"wp:attachment":[{"href":"https:\/\/miradordeatarfe.es\/index.php?rest_route=%2Fwp%2Fv2%2Fmedia&parent=61954"}],"wp:term":[{"taxonomy":"category","embeddable":true,"href":"https:\/\/miradordeatarfe.es\/index.php?rest_route=%2Fwp%2Fv2%2Fcategories&post=61954"},{"taxonomy":"post_tag","embeddable":true,"href":"https:\/\/miradordeatarfe.es\/index.php?rest_route=%2Fwp%2Fv2%2Ftags&post=61954"}],"curies":[{"name":"wp","href":"https:\/\/api.w.org\/{rel}","templated":true}]}}