{"id":61966,"date":"2023-06-04T10:35:08","date_gmt":"2023-06-04T08:35:08","guid":{"rendered":"https:\/\/miradordeatarfe.es\/?p=61966"},"modified":"2023-10-23T13:51:46","modified_gmt":"2023-10-23T11:51:46","slug":"un-nuevo-farmaco-revolucionario-para-el-cancer-de-mama-se-aplicara-en-breve-en-granada","status":"publish","type":"post","link":"https:\/\/miradordeatarfe.es\/?p=61966","title":{"rendered":"Un nuevo f\u00e1rmaco revolucionario para el c\u00e1ncer de mama se aplicar\u00e1 \u00aben breve\u00bb en Granada"},"content":{"rendered":"<h3 class=\"v-a-sub-t\">Al ser una inyecci\u00f3n, reduce el tiempo de administraci\u00f3n de una hora y media a cinco minutos, manteniendo la eficacia<\/h3>\n<p class=\"v-p\" style=\"text-align: justify;\">El Ministerio de Sanidad ha aprobado la financiaci\u00f3n de Phesgo, un nuevo f\u00e1rmaco para el c\u00e1ncer de mama HER2 positivo -particularmente agresivo-, que afecta aproximadamente al 20% de los pacientes. Los hospitales granadinos han confirmado a IDEAL que \u00aben breve\u00bb podr\u00e1n administrarlo, mejorando la calidad de vida de los usuarios, ya que el tiempo de aplicaci\u00f3n se reduce de una hora y media a cinco minutos, a trav\u00e9s de una sola inyecci\u00f3n.<\/p>\n<p class=\"v-p\" style=\"text-align: justify;\">Para contextualizar la importancia de este hito, Encarnaci\u00f3n Gonz\u00e1lez, jefa de secci\u00f3n de Oncolog\u00eda M\u00e9dica del Hospital Universitario Virgen de las Nieves, explica que en el c\u00e1ncer de mama hay tres subtipos muy diferenciados. Uno de ellos es el HER2 positivo, al que va dirigido este tratamiento.<\/p>\n<p class=\"v-p\" style=\"text-align: justify;\">Hasta ahora, los pacientes tanto con enfermedad precoz como metast\u00e1sica recib\u00edan una combinaci\u00f3n de dos medicamentos, Pertuzumab y Trastuzumab, con quimioterapia. Si todo iba bien, despu\u00e9s se aplicaban ambos sin quimioterapia. La administraci\u00f3n era cada tres semanas de forma intravenosa y ha provocado un aumento \u00abespectacular\u00bb de la supervivencia. \u00abEn pacientes con met\u00e1stasis supera los cinco a\u00f1os\u00bb, destaca la onc\u00f3loga.<\/p>\n<p class=\"v-p\" style=\"text-align: justify;\">La gran novedad que presenta Phesgo, impulsado por la farmac\u00e9utica Roche, es que combina Pertuzumab y Trastuzumab en un \u00fanico tratamiento subcut\u00e1neo, es decir, a trav\u00e9s de una inyecci\u00f3n, reduciendo los tiempos. Antes, la dosis de carga (la primera) duraba dos horas y media; las de mantenimiento (todas las posteriores), una hora y media. Con la nueva f\u00f3rmula, la dosis de carga es de ocho minutos y las siguientes, de cinco. \u00abDespu\u00e9s hay un periodo de observaci\u00f3n de quince a treinta minutos para ver posibles efectos secundarios, aunque los estudios realizados concluyen que no hay\u00bb, apostilla Encarnaci\u00f3n Gonz\u00e1lez.<\/p>\n<div class=\"v-c-cmp v-n-mrg\" style=\"text-align: justify;\">\n<h3 class=\"v-d-cmp-sub-hl\">Igual de eficaz<\/h3>\n<\/div>\n<p class=\"v-p\" style=\"text-align: justify;\">Adem\u00e1s de ser mucho m\u00e1s c\u00f3modo, cumple una premisa esencial: es igual de eficaz, tal y como se ha demostrado en los ensayos cl\u00ednicos realizados en once hospitales espa\u00f1oles. Ocho de cada diez pacientes que han probado ambas f\u00f3rmulas concluyen que prefieren Phesgo, cuyos beneficios van mucho m\u00e1s all\u00e1. \u00abReduce el riesgo de errores de dosificaci\u00f3n, al ir cargado en una jeringa; se desperdician menos medicamentos; disminuye la presi\u00f3n en el hospital de d\u00eda, al haber m\u00e1s sillones disponibles; y el personal est\u00e1 m\u00e1s disponible para otras tareas\u00bb, manifiesta la jefa de secci\u00f3n de Oncolog\u00eda M\u00e9dica del Virgen de las Nieves.<\/p>\n<div class=\"v-c-cmp \" style=\"text-align: justify;\">\n<div class=\"v-d-cmp-m\">\n<article class=\"v-a v-a--cmp-m \">\n<div class=\"v-a-img-c v-a-img-c--fw-xs\"><a href=\"https:\/\/i0.wp.com\/miradordeatarfe.es\/wp-content\/uploads\/2023\/06\/oncologa-granada-kZ4D-748x524%40Ideal.jpg?ssl=1\"><img data-recalc-dims=\"1\" loading=\"lazy\" decoding=\"async\" class=\"size-medium wp-image-61967 alignleft\" src=\"https:\/\/i0.wp.com\/miradordeatarfe.es\/wp-content\/uploads\/2023\/06\/oncologa-granada-kZ4D-748x524%40Ideal.jpg?resize=300%2C210&#038;ssl=1\" alt=\"\" width=\"300\" height=\"210\" srcset=\"https:\/\/i0.wp.com\/miradordeatarfe.es\/wp-content\/uploads\/2023\/06\/oncologa-granada-kZ4D-748x524%40Ideal.jpg?resize=300%2C210&amp;ssl=1 300w, https:\/\/i0.wp.com\/miradordeatarfe.es\/wp-content\/uploads\/2023\/06\/oncologa-granada-kZ4D-748x524%40Ideal.jpg?w=748&amp;ssl=1 748w\" sizes=\"auto, (max-width: 300px) 100vw, 300px\" \/><\/a><\/p>\n<div class=\"v-d-cmp-m\">\n<article class=\"v-a v-a--cmp-m \">\n<div class=\"v-a-img-c v-a-img-c--fw-xs\">\n<figure class=\"v-a-fig\"><figcaption class=\"v-fc\"><span class=\"v-fc__text\">Encarnaci\u00f3n Gonz\u00e1lez, jefa de secci\u00f3n de Oncolog\u00eda M\u00e9dica del Hospital Universitario Virgen de las Nieves. <\/span> <span class=\"v-fc__ath\"> IDEAL <\/span><\/figcaption><\/figure>\n<\/div>\n<\/article>\n<\/div>\n<\/div>\n<\/article>\n<\/div>\n<\/div>\n<p class=\"v-p\" style=\"text-align: justify;\">Los hospitales granadinos est\u00e1n pendientes de reuniones entre el \u00e1rea de Oncolog\u00eda y Farmacia Hospitalaria para concretar el perfil concreto de pacientes que pueden beneficiarse de \u00e9l. Una vez que tengan luz verde, empezar\u00e1n a aplicarlo.<\/p>\n<p class=\"v-p\" style=\"text-align: justify;\">La doctora Beatriz P\u00e9rez Sanz, directora m\u00e9dico de Roche Farma Espa\u00f1a, ha recalcado que el f\u00e1rmaco \u00abrepresenta un importante paso adelante\u00bb en el tratamiento de este tipo de c\u00e1ncer de mama. \u00abEste avance responde a la creciente demanda en los sistemas sanitarios de contar con opciones terap\u00e9uticas m\u00e1s r\u00e1pidas y flexibles\u00bb, a\u00f1ade. La farmac\u00e9utica aspira a ingresar m\u00e1s de 30 millones de euros gracias a este tratamiento.<\/p>\n<p style=\"text-align: justify;\">\u00a0<\/p>\n<p style=\"text-align: justify;\"><a href=\"https:\/\/www.ideal.es\/autor\/laura-velasco-1652.html\"><strong>Laura Velasco<\/strong><\/a><\/p>\n<article class=\"v-a v-a--d v-a--d-bs v-a--p-b\">\n<div class=\"v-a-img-c v-a-img-c--fw-xs\">\n<figure class=\"v-a-fig\"><figcaption class=\"v-fc\"><span class=\"v-fc__text\">FOTO: Mamograf\u00eda a una mujer en Andaluc\u00eda.<\/span> <span class=\"v-fc__ath\">Europa Press<\/span><\/figcaption><\/figure>\n<\/div>\n<div class=\"v-a-info-c \">\u00a0<\/div>\n<\/article>\n<div class=\"v-d v-d--ab-c v-d--bs\">\n<div class=\"v-mdl-ath\" data-voc-component=\"viewport-not-visible\">\n<div class=\"v-mdl-ath__c v-mdl-ath__c--1\">\n<figure class=\"v-mdl-ath__fig\" style=\"text-align: justify;\">https:\/\/www.ideal.es\/granada\/nuevo-farmaco-revolucionario-cancer-mama-aplicara-breve-20230603002616-nt.html<\/figure>\n<div class=\"v-mdl-ath__info\">\n<p class=\"v-mdl-ath__p v-mdl-ath__p--name\" style=\"text-align: justify;\">\u00a0<\/p>\n<\/div>\n<\/div>\n<\/div>\n<\/div>\n","protected":false},"excerpt":{"rendered":"<p>Al ser una inyecci\u00f3n, reduce el tiempo de administraci\u00f3n de una hora y media a&#8230;<\/p>\n","protected":false},"author":1,"featured_media":61968,"comment_status":"closed","ping_status":"closed","sticky":false,"template":"","format":"standard","meta":{"_coblocks_attr":"","_coblocks_dimensions":"","_coblocks_responsive_height":"","_coblocks_accordion_ie_support":"","jetpack_post_was_ever_published":false,"_jetpack_newsletter_access":"","_jetpack_dont_email_post_to_subs":false,"_jetpack_newsletter_tier_id":0,"_jetpack_memberships_contains_paywalled_content":false,"_jetpack_memberships_contains_paid_content":false,"footnotes":"","jetpack_publicize_message":"","jetpack_publicize_feature_enabled":true,"jetpack_social_post_already_shared":false,"jetpack_social_options":{"image_generator_settings":{"template":"highway","default_image_id":0,"enabled":false},"version":2}},"categories":[1161,14,10781,10],"tags":[1454,129,1030],"class_list":["post-61966","post","type-post","status-publish","format-standard","has-post-thumbnail","hentry","category-ciudadania","category-feminismo","category-granada","category-salud","tag-cancer-de-mama","tag-granada","tag-hospital"],"jetpack_publicize_connections":[],"jetpack_featured_media_url":"https:\/\/i0.wp.com\/miradordeatarfe.es\/wp-content\/uploads\/2023\/06\/cancer-mama-mamografia-kZ4D-U200463019521PUD-758x531%40Ideal.jpg?fit=758%2C531&ssl=1","jetpack_likes_enabled":true,"jetpack_sharing_enabled":true,"_links":{"self":[{"href":"https:\/\/miradordeatarfe.es\/index.php?rest_route=\/wp\/v2\/posts\/61966","targetHints":{"allow":["GET"]}}],"collection":[{"href":"https:\/\/miradordeatarfe.es\/index.php?rest_route=\/wp\/v2\/posts"}],"about":[{"href":"https:\/\/miradordeatarfe.es\/index.php?rest_route=\/wp\/v2\/types\/post"}],"author":[{"embeddable":true,"href":"https:\/\/miradordeatarfe.es\/index.php?rest_route=\/wp\/v2\/users\/1"}],"replies":[{"embeddable":true,"href":"https:\/\/miradordeatarfe.es\/index.php?rest_route=%2Fwp%2Fv2%2Fcomments&post=61966"}],"version-history":[{"count":1,"href":"https:\/\/miradordeatarfe.es\/index.php?rest_route=\/wp\/v2\/posts\/61966\/revisions"}],"predecessor-version":[{"id":61969,"href":"https:\/\/miradordeatarfe.es\/index.php?rest_route=\/wp\/v2\/posts\/61966\/revisions\/61969"}],"wp:featuredmedia":[{"embeddable":true,"href":"https:\/\/miradordeatarfe.es\/index.php?rest_route=\/wp\/v2\/media\/61968"}],"wp:attachment":[{"href":"https:\/\/miradordeatarfe.es\/index.php?rest_route=%2Fwp%2Fv2%2Fmedia&parent=61966"}],"wp:term":[{"taxonomy":"category","embeddable":true,"href":"https:\/\/miradordeatarfe.es\/index.php?rest_route=%2Fwp%2Fv2%2Fcategories&post=61966"},{"taxonomy":"post_tag","embeddable":true,"href":"https:\/\/miradordeatarfe.es\/index.php?rest_route=%2Fwp%2Fv2%2Ftags&post=61966"}],"curies":[{"name":"wp","href":"https:\/\/api.w.org\/{rel}","templated":true}]}}