{"id":61970,"date":"2023-06-05T11:10:24","date_gmt":"2023-06-05T09:10:24","guid":{"rendered":"https:\/\/miradordeatarfe.es\/?p=61970"},"modified":"2023-06-09T10:22:15","modified_gmt":"2023-06-09T08:22:15","slug":"el-corazon-partio-por-remedios-sanchez","status":"publish","type":"post","link":"https:\/\/miradordeatarfe.es\/?p=61970","title":{"rendered":"\u00abEL CORAZ\u00d3N PART\u00cdO\u00bb por Remedios S\u00e1nchez"},"content":{"rendered":"<h3 style=\"text-align: justify;\">La posibilidad de que hayan visto el tuit de Alejandro Sanz es una esperanza para much\u00edsima gente normal que tal vez pensaba que lo suyo no ten\u00eda ni nombre ni cura.<\/h3>\n<p style=\"text-align: justify;\">Solo la desolaci\u00f3n que baja a las simas m\u00e1s hondas del volc\u00e1n es hermana de la tormenta y conoce el secreto. Es una angustia sin causa definida o con muchas que se solapan, un no querer estar estando, una nube negra que sobrevolaba a Byron, a Goya, a Mary Shelley, a Silvia Plath; el inmarcesible dolor del Miguel Hern\u00e1ndez afirmando \u201choy estoy para penas solamente, \/ hoy no tengo amistad, \/ hoy s\u00f3lo tengo ansias\/de arrancarme de cuajo el coraz\u00f3n\/y ponerlo debajo de un zapato\u201d. En este tiempo tambi\u00e9n visita, cuando le apetece, a los creadores de cualquier disciplina con la misma falta de misericordia que a cualquier persona normal, de esas que te cruzas en las prisas del sem\u00e1foro con la mirada huidiza de quien no quiere ni ver ni ser visto. \u00a0Pero, quien tiene una vida planteada de cara al p\u00fablico como Alejandro Sanz est\u00e1 bien que revele la verdad de ese mundo donde tratar de sobrevivir sin ahogarse en un mar de tormenta se ha generalizado. Es, casi, la normalidad que habitan m\u00e1s de cuatro millones de personas, seg\u00fan las \u00faltimas estad\u00edsticas, que dir\u00eda D\u00e1maso Alonso.<\/p>\n<p style=\"text-align: justify;\">Basta fijarse en esas fotos de redes sociales, en esas historias de Instagram con millones de visualizaciones en las que el \u00e9xito se intuye como un modo de estar en el mundo, para descubrir en el fondo de los ojos de sus protagonistas la herida que no se cierra. \u00a0Mayores, j\u00f3venes, ricos o pobres, mujeres u hombres se defienden como pueden, se aferran al miedo para seguir viviendo, a intentar que no lo note nadie que lo vea y a seguir arrastrando la garganta seca, las manos vac\u00edas, esa tristeza que no cabe en el pecho y no se puede nombrar con precisi\u00f3n de cirujano porque no alcanzan las palabras. Es el rayo que ha partido el coraz\u00f3n en mil pedazos y, cuando se puede, \u00fanicamente cabe tratar de recomponerlo con la ayuda de especialistas, despaciosamente, con humildad serena, sabi\u00e9ndonos falibles. Aceptar la imperfecci\u00f3n tal vez es lo que pueda ampararnos, pero todo se obstina en derredor por mostrarnos una falsa realidad donde la felicidad es ilimitada. No se ense\u00f1a a la gente a asumir el fracaso grande o peque\u00f1o, la derrota cotidiana, la imposibilidad baudeleriana de ser sublime sin interrupci\u00f3n. Esta sociedad nos ha metido en unos zapatos demasiado grandes y nadie se ha quejado de que se espera mucho de cada uno de nosotros. Y se exige subir cada vez un escal\u00f3n m\u00e1s como muestra de valent\u00eda. Y despu\u00e9s otro y otro. Quien no frene, posiblemente alcanzar\u00e1 la cima\/sima de la soledad que, como el triunfo, se antoja un espacio deshabitado cuando hace m\u00e1s fr\u00edo. Y mira que Ann Sexton ya avis\u00f3 en \u2018La verdad que los muertos conocen\u2019: \u201cEs junio. Estoy cansada de ser valiente\u201d. Pero nadie hoy parece haber le\u00eddo a Sexton, ni a Storni, ni a Espronceda. Hoy poca gente lee y ah\u00ed tal vez est\u00e1 el error para la sociedad del espect\u00e1culo que no sabe decir d\u00f3nde le duele. La posibilidad de que hayan visto el tuit de Alejandro Sanz es una esperanza para much\u00edsima gente normal que tal vez pensaba que lo suyo no ten\u00eda ni nombre ni cura. Sanz es otro valiente que se ha desnudado. Aunque sea solo por eso, ya ha empezado a salvarse.<\/p>\n","protected":false},"excerpt":{"rendered":"<p>La posibilidad de que hayan visto el tuit de Alejandro Sanz es una esperanza para&#8230;<\/p>\n","protected":false},"author":1,"featured_media":61971,"comment_status":"closed","ping_status":"closed","sticky":false,"template":"","format":"standard","meta":{"_coblocks_attr":"","_coblocks_dimensions":"","_coblocks_responsive_height":"","_coblocks_accordion_ie_support":"","jetpack_post_was_ever_published":false,"_jetpack_newsletter_access":"","_jetpack_dont_email_post_to_subs":false,"_jetpack_newsletter_tier_id":0,"_jetpack_memberships_contains_paywalled_content":false,"_jetpack_memberships_contains_paid_content":false,"footnotes":"","jetpack_publicize_message":"","jetpack_publicize_feature_enabled":true,"jetpack_social_post_already_shared":false,"jetpack_social_options":{"image_generator_settings":{"template":"highway","default_image_id":0,"enabled":false},"version":2}},"categories":[1161,44,6914,6937,15],"tags":[3189,121],"class_list":["post-61970","post","type-post","status-publish","format-standard","has-post-thumbnail","hentry","category-ciudadania","category-noticias-de-hoy","category-opinion-de-reme-sanchez","category-sociedad","category-ultimas-noticias","tag-miedos","tag-redes-sociales"],"jetpack_publicize_connections":[],"jetpack_featured_media_url":"https:\/\/i0.wp.com\/miradordeatarfe.es\/wp-content\/uploads\/2023\/06\/alejandro-sanz_ba09.webp?fit=480%2C270&ssl=1","jetpack_likes_enabled":true,"jetpack_sharing_enabled":true,"_links":{"self":[{"href":"https:\/\/miradordeatarfe.es\/index.php?rest_route=\/wp\/v2\/posts\/61970","targetHints":{"allow":["GET"]}}],"collection":[{"href":"https:\/\/miradordeatarfe.es\/index.php?rest_route=\/wp\/v2\/posts"}],"about":[{"href":"https:\/\/miradordeatarfe.es\/index.php?rest_route=\/wp\/v2\/types\/post"}],"author":[{"embeddable":true,"href":"https:\/\/miradordeatarfe.es\/index.php?rest_route=\/wp\/v2\/users\/1"}],"replies":[{"embeddable":true,"href":"https:\/\/miradordeatarfe.es\/index.php?rest_route=%2Fwp%2Fv2%2Fcomments&post=61970"}],"version-history":[{"count":1,"href":"https:\/\/miradordeatarfe.es\/index.php?rest_route=\/wp\/v2\/posts\/61970\/revisions"}],"predecessor-version":[{"id":61972,"href":"https:\/\/miradordeatarfe.es\/index.php?rest_route=\/wp\/v2\/posts\/61970\/revisions\/61972"}],"wp:featuredmedia":[{"embeddable":true,"href":"https:\/\/miradordeatarfe.es\/index.php?rest_route=\/wp\/v2\/media\/61971"}],"wp:attachment":[{"href":"https:\/\/miradordeatarfe.es\/index.php?rest_route=%2Fwp%2Fv2%2Fmedia&parent=61970"}],"wp:term":[{"taxonomy":"category","embeddable":true,"href":"https:\/\/miradordeatarfe.es\/index.php?rest_route=%2Fwp%2Fv2%2Fcategories&post=61970"},{"taxonomy":"post_tag","embeddable":true,"href":"https:\/\/miradordeatarfe.es\/index.php?rest_route=%2Fwp%2Fv2%2Ftags&post=61970"}],"curies":[{"name":"wp","href":"https:\/\/api.w.org\/{rel}","templated":true}]}}