{"id":61973,"date":"2023-06-07T11:00:10","date_gmt":"2023-06-07T09:00:10","guid":{"rendered":"https:\/\/miradordeatarfe.es\/?p=61973"},"modified":"2023-06-09T10:57:05","modified_gmt":"2023-06-09T08:57:05","slug":"objetivo-derribar-a-sanchez-por-alberto-granados","status":"publish","type":"post","link":"https:\/\/miradordeatarfe.es\/?p=61973","title":{"rendered":"\u00abObjetivo: Derribar a\u00a0S\u00e1nchez\u00bb por Alberto Granados"},"content":{"rendered":"<h3 class=\"byline\" style=\"text-align: justify;\"><span class=\"entry-categories\">Lo que me pasa es que este mundo no lo entiendo<\/span><\/h3>\n<div class=\"entry-content\" style=\"text-align: justify;\">La forma de hacer pol\u00edtica que ha creado la derecha queda cristalizada en una estrategia, la del antisanchismo, que merece la pena revisar. Se trata de desalojar a Pedro S\u00e1nchez de la Moncloa a toda costa, por los medios que sea, sin descartar los m\u00e1s viles. Y desde hace cuatro a\u00f1os, se viene oyendo que S\u00e1nchez es un Presidente ileg\u00edtimo, porque habiendo dicho que no pactar\u00eda con Bildu, lo hizo, algo que supuestamente deslegitimar\u00eda su mandato. Callan, interesadamente, que S\u00e1nchez gan\u00f3 dos veces en las urnas. Si los comprometidos con la legitimidad hubieran querido, S\u00e1nchez habr\u00eda llegado a la presidencia sin Bildu: habr\u00eda bastado con que el PP se hubiera abstenido, en vez de votar no en la investidura. Y lo hizo porque, pese a su cacareado patriotismo, lo que persegu\u00eda era una tercera confrontaci\u00f3n electoral, por si se hac\u00eda con el poder, aunque fuera con los de VOX.Otra jugada del antisanchismo de nuestra caverna, ha sido el intento de deslegitimar el gobierno resultante, gobierno que ha sido adjetivado de <em>comunista,<\/em> <em>bolivariano, filoetarra e independentista<\/em>\u2026 algo que parecer\u00eda un ramalazo de surrealismo al estilo de los hermanos Marx, si no fuera tan pat\u00e9tico: \u00bfqui\u00e9n me aclara qu\u00e9 es ese estado bolivariano, filoetarra e independentista? Si se le preguntara a gente como Casado, Feij\u00f3o o la propia Ayuso no tendr\u00edan respuesta, porque es un absurdo, que crearon ellos y que hasta ahora no les ha dado el resultado apetecido. Solo ha calado en gente de escasa capacidad cr\u00edtica, que, eso s\u00ed, repite la estupidez como si se la creyera.Si se repasan los hechos, toda ley aprobada por el Congreso acaba en el recurso de inconstitucionalidad, que meses despu\u00e9s resulta derrotado. Es que esta derecha, escasamente democr\u00e1tica, no soporta seg\u00fan qu\u00e9 realidades sociales y tiende al abuso de los altos tribunales. Y si hablamos de sus comparecencias en el exterior, suelen ser inoportunas, coincidir con visitas internacionales o con momentos en que en Europa se debate sobre concesi\u00f3n de fondos a Espa\u00f1a.Renuncio a a\u00f1adir la astracanada de los \u00faltimos d\u00edas sobre la ilegalizaci\u00f3n de Bildu, algo que se les ha ido de las manos incluso a los creadores de la patra\u00f1a: no ha sido S\u00e1nchez quien ha llenado las candidaturas de gente con delitos de sangre, algo que sab\u00edamos todos, pero que interesaba imputarle a S\u00e1nchez, con plena conciencia de la desverg\u00fcenza que supone recurrir a trucos de tan escaso calado moral.El PP lleva en sus genes ideol\u00f3gicos el axioma de que son ellos los merecedores del poder, algo as\u00ed como por la gracia de Dios, y que las urnas den el gobierno a una fuerza de izquierdas (si es que a estas alturas el PSOE lo es, que yo creo que no) es algo que les produce un escozor dif\u00edcilmente superable. Si se mantienen en la admiraci\u00f3n y el apoyo al franquismo, c\u00f3mo van a aceptar que pueden estar en la oposici\u00f3n. Sale m\u00e1s rentable desprestigiar, incluso bas\u00e1ndose en embustes que se reproducen como si fueran verdad. Este es el PP por s\u00ed mismo. Si hablamos del PP apoyado en VOX, basta con pensar en la propuesta de poner el latido card\u00edaco de un feto a la mujer que se plantea el aborto y ya nos acercamos al medievo mental.<\/p>\n<figure class=\"wp-block-image size-large\" style=\"text-align: justify;\"><a href=\"https:\/\/albertogranados.files.wordpress.com\/2023\/05\/imagen-de-publico.webp\"><img data-recalc-dims=\"1\" decoding=\"async\" class=\"wp-image-8943\" src=\"https:\/\/albertogranados.files.wordpress.com\/2023\/05\/imagen-de-publico.webp?w=640\" alt=\"\" data-attachment-id=\"8943\" data-permalink=\"https:\/\/albertogranados.wordpress.com\/2023\/05\/25\/objetivo-derribar-a-sanchez\/imagen-de-publico\/\" data-orig-file=\"https:\/\/albertogranados.files.wordpress.com\/2023\/05\/imagen-de-publico.webp\" data-orig-size=\"900,600\" data-comments-opened=\"1\" data-image-meta=\"{&quot;aperture&quot;:&quot;0&quot;,&quot;credit&quot;:&quot;&quot;,&quot;camera&quot;:&quot;&quot;,&quot;caption&quot;:&quot;&quot;,&quot;created_timestamp&quot;:&quot;0&quot;,&quot;copyright&quot;:&quot;&quot;,&quot;focal_length&quot;:&quot;0&quot;,&quot;iso&quot;:&quot;0&quot;,&quot;shutter_speed&quot;:&quot;0&quot;,&quot;title&quot;:&quot;&quot;,&quot;orientation&quot;:&quot;0&quot;}\" data-image-title=\"imagen-de-publico\" data-image-description=\"\" data-image-caption=\"\" data-medium-file=\"https:\/\/albertogranados.files.wordpress.com\/2023\/05\/imagen-de-publico.webp?w=300\" data-large-file=\"https:\/\/albertogranados.files.wordpress.com\/2023\/05\/imagen-de-publico.webp?w=560\" \/><\/a><\/figure>\n<p>Nuestros patriotas en una imagen de P\u00fablicoNo soy un entusiasta de Pedro S\u00e1nchez, a cuya gesti\u00f3n le veo muchas fisuras (junto a indudables aciertos), pero los ataques inmisericordes de que ha sido objeto me lo ponen en el punto de mis simpat\u00edas, por lo que lo he votado por correo. No s\u00e9 si habr\u00e1 mucha gente que reaccione a la beligerancia contra \u00e9l de modo an\u00e1logo. Ya me gustar\u00eda, pese a los vaticinios de las encuestas.Reconozco que mi punto de vista est\u00e1 sesgado hacia el partido que yo hubiera deseado que fuera el m\u00edo, y del que me sal\u00ed tras siete a\u00f1os de militancia, sinti\u00e9ndome, como dec\u00eda Mu\u00f1oz Molina, <em>un socialista sin partido<\/em>. Pero las encuestas se empe\u00f1an en dar los avances m\u00e1s inexplicables para m\u00ed (mayor\u00edas absolutas incomprensibles, gobiernos en ciudades que hasta ahora eran del PSOE\u2026), de ah\u00ed mi urgencia por hacer patente el sistema de mentiras en que se basan esos eventuales resultados, siempre seg\u00fan mi segada toma de postura. Sesgada, supongo, por los riegos ilegales, o la urbanizaci\u00f3n de lujo de Do\u00f1ana, por los proyectos descabellados pero rentables aun a costa del medioambiente, por las subvenciones a los colegios de lujo y la desatenci\u00f3n a los de la red p\u00fablica de centros, por esa concepci\u00f3n global de la pol\u00edtica que lleva a identificar la libertad, te\u00f3ricamente usurpada por S\u00e1nchez durante el confinamiento, con poder tomar una cerveza mientras mor\u00edan como chinches los mayores de las residencias, por tantos y tantos desvar\u00edos y mentiras que todos hemos o\u00eddo, repetidos como mantras, incluso en gente que siempre hab\u00edamos considerado sensata. Las figuras de Cuca Gamarra, El\u00edas Bendodo, Pablo Casado, D\u00edaz Ayuso\u2026 tendr\u00e1n su menci\u00f3n en la historia general de la infamia, si alg\u00fan historiador le toma prestado el t\u00edtulo a Borges.En s\u00edntesis: cada ciudadano es due\u00f1o de su voto. Pero tambi\u00e9n es responsable del mismo, y de sus efectos. No nos planteemos echar a S\u00e1nchez sin prever lo que puede llegar a ser un Feij\u00f3o o una Ayuso en la Moncloa, acompa\u00f1ados o no de sus mariachis de VOX. Demasiado l\u00fagubre.<strong>Alberto Granados<\/strong>FOTO: Pedro S\u00e1nchez en una imagen oficial de la Moncloahttps:\/\/albertogranados.wordpress.com\/<\/div>\n","protected":false},"excerpt":{"rendered":"<p>Lo que me pasa es que este mundo no lo entiendo La forma de hacer&#8230;<\/p>\n","protected":false},"author":1,"featured_media":61977,"comment_status":"closed","ping_status":"closed","sticky":false,"template":"","format":"standard","meta":{"_coblocks_attr":"","_coblocks_dimensions":"","_coblocks_responsive_height":"","_coblocks_accordion_ie_support":"","jetpack_post_was_ever_published":false,"_jetpack_newsletter_access":"","_jetpack_dont_email_post_to_subs":false,"_jetpack_newsletter_tier_id":0,"_jetpack_memberships_contains_paywalled_content":false,"_jetpack_memberships_contains_paid_content":false,"footnotes":"","jetpack_publicize_message":"","jetpack_publicize_feature_enabled":true,"jetpack_social_post_already_shared":false,"jetpack_social_options":{"image_generator_settings":{"template":"highway","default_image_id":0,"enabled":false},"version":2}},"categories":[39,1161,44,7671,6937,15],"tags":[3020],"class_list":["post-61973","post","type-post","status-publish","format-standard","has-post-thumbnail","hentry","category-opinion-de-alberto-granados","category-ciudadania","category-noticias-de-hoy","category-politica","category-sociedad","category-ultimas-noticias","tag-pedro-sanchez"],"jetpack_publicize_connections":[],"jetpack_featured_media_url":"https:\/\/i0.wp.com\/miradordeatarfe.es\/wp-content\/uploads\/2023\/06\/Screenshot-2023-06-03-at-21-34-58-pedro-sanchez-imagen-de-la-moncloa.webp-Imagen-WEBP-835-%C3%97-1255-pixeles-Escalado-49-.png?fit=359%2C246&ssl=1","jetpack_likes_enabled":true,"jetpack_sharing_enabled":true,"_links":{"self":[{"href":"https:\/\/miradordeatarfe.es\/index.php?rest_route=\/wp\/v2\/posts\/61973","targetHints":{"allow":["GET"]}}],"collection":[{"href":"https:\/\/miradordeatarfe.es\/index.php?rest_route=\/wp\/v2\/posts"}],"about":[{"href":"https:\/\/miradordeatarfe.es\/index.php?rest_route=\/wp\/v2\/types\/post"}],"author":[{"embeddable":true,"href":"https:\/\/miradordeatarfe.es\/index.php?rest_route=\/wp\/v2\/users\/1"}],"replies":[{"embeddable":true,"href":"https:\/\/miradordeatarfe.es\/index.php?rest_route=%2Fwp%2Fv2%2Fcomments&post=61973"}],"version-history":[{"count":3,"href":"https:\/\/miradordeatarfe.es\/index.php?rest_route=\/wp\/v2\/posts\/61973\/revisions"}],"predecessor-version":[{"id":61978,"href":"https:\/\/miradordeatarfe.es\/index.php?rest_route=\/wp\/v2\/posts\/61973\/revisions\/61978"}],"wp:featuredmedia":[{"embeddable":true,"href":"https:\/\/miradordeatarfe.es\/index.php?rest_route=\/wp\/v2\/media\/61977"}],"wp:attachment":[{"href":"https:\/\/miradordeatarfe.es\/index.php?rest_route=%2Fwp%2Fv2%2Fmedia&parent=61973"}],"wp:term":[{"taxonomy":"category","embeddable":true,"href":"https:\/\/miradordeatarfe.es\/index.php?rest_route=%2Fwp%2Fv2%2Fcategories&post=61973"},{"taxonomy":"post_tag","embeddable":true,"href":"https:\/\/miradordeatarfe.es\/index.php?rest_route=%2Fwp%2Fv2%2Ftags&post=61973"}],"curies":[{"name":"wp","href":"https:\/\/api.w.org\/{rel}","templated":true}]}}