{"id":62035,"date":"2023-06-08T08:20:17","date_gmt":"2023-06-08T06:20:17","guid":{"rendered":"https:\/\/miradordeatarfe.es\/?p=62035"},"modified":"2023-10-23T13:51:25","modified_gmt":"2023-10-23T11:51:25","slug":"granada-una-ciudad-de-profesores-y-sanitarios","status":"publish","type":"post","link":"https:\/\/miradordeatarfe.es\/?p=62035","title":{"rendered":"Granada, una ciudad de profesores y sanitarios"},"content":{"rendered":"<h3 class=\"v-a-sub-t\" style=\"text-align: justify;\">Uno de cada cinco trabajadores de la ciudad nazar\u00ed se dedica a una de estas dos actividades, seg\u00fan los \u00faltimos datos del censo oficial<\/h3>\n<p class=\"v-p\" style=\"text-align: justify;\">Granada es una ciudad de trabajadores p\u00fablicos. Uno de cada cinco ocupados de la ciudad es profesor o se dedica a actividades sanitarias, de acuerdo a los \u00faltimos datos del censo que ofrece el Instituto Nacional de Estad\u00edstica (INE). Cuatro de las diez profesiones m\u00e1s comunes entre los residentes en la capital est\u00e1n relacionadas con la funci\u00f3n p\u00fablica; adem\u00e1s de los ya mencionados, tambi\u00e9n destacan los elevados porcentajes de personal administrativo sin atenci\u00f3n al p\u00fablico, y otro de especialistas en administraci\u00f3n.<\/p>\n<p class=\"v-p\" style=\"text-align: justify;\">Un an\u00e1lisis detallado, que por primera vez se puede realizar al ofrecer el organismo estad\u00edstico nacional cifras de ocupaci\u00f3n por secci\u00f3n censal, es decir, una divisi\u00f3n administrativa que abarca entre 1.000 y 2.500 habitantes, y es la base sobre la que se elaboran los censos y se organizan los procesos electorales. La ciudad nazar\u00ed se subdivide en 184 de estas parcelas. De ellas, 128 est\u00e1n ocupadas mayoritariamente por profesores, es decir, siete de cada diez, mientras otros 21 hacen lo propio con trabajadores sanitarios, una concentraci\u00f3n que se produce sobre todo en el entorno del barrio de los doctores y la zona aneja al Parque Tecnol\u00f3gico de la Salud.<\/p>\n<div class=\"v-c-cmp v-n-mrg\" style=\"text-align: justify;\">\u00a0<\/div>\n<div class=\"v-c-cmp \" style=\"text-align: justify;\">\n<div class=\"v-d-cmp-chp\">\n<header class=\"v-d-cmp-chp__h\">\n<h3 class=\"v-d-cmp-chp__t\">Un panorama diverso<\/h3>\n<\/header>\n<\/div>\n<\/div>\n<p class=\"v-p\" style=\"text-align: justify;\">Los datos del INE muestran a las claras las desigualdades econ\u00f3micas y de clase entre diferentes zonas de la capital granadina. La pr\u00e1ctica ubicuidad de trabajadores p\u00fablicos en este sentido solo se rompe en algunos puntos. Entre ellos, buena parte de la zona Norte, donde la ocupaci\u00f3n m\u00e1s habitual son los servicios de limpieza; lo mismo ocurre en el entorno de Santa Adela y las Casillas Bajas, en el Zaid\u00edn.<\/p>\n<p class=\"v-p\" style=\"text-align: justify;\">Es precisamente en el distrito Zaid\u00edn-Vergeles donde se muestra la mayor diversidad de profesiones mayoritarias por secci\u00f3n censal, con puntos donde son mayor\u00eda los trabajadores de hosteler\u00eda, los trabajadores del hogar o los dependientes de tienda. Por su parte, el entorno de Angustias, en La Chana, muestra una alta concentraci\u00f3n de peones agr\u00edcolas. En una solitaria secci\u00f3n censal, en el entorno del cruce de Mart\u00ednez Campos con las calles General Narv\u00e1ez y Recogidas, las profesiones m\u00e1s comunes son las relacionadas con el Derecho.<\/p>\n<p><a href=\"https:\/\/i0.wp.com\/miradordeatarfe.es\/wp-content\/uploads\/2023\/06\/Screenshot-2023-06-05-at-13-23-15-Granada-una-ciudad-de-profesores-y-sanitarios.png?ssl=1\"><img data-recalc-dims=\"1\" loading=\"lazy\" decoding=\"async\" class=\"alignnone wp-image-62036 size-full\" src=\"https:\/\/i0.wp.com\/miradordeatarfe.es\/wp-content\/uploads\/2023\/06\/Screenshot-2023-06-05-at-13-23-15-Granada-una-ciudad-de-profesores-y-sanitarios.png?resize=640%2C531&#038;ssl=1\" alt=\"\" width=\"640\" height=\"531\" srcset=\"https:\/\/i0.wp.com\/miradordeatarfe.es\/wp-content\/uploads\/2023\/06\/Screenshot-2023-06-05-at-13-23-15-Granada-una-ciudad-de-profesores-y-sanitarios.png?w=705&amp;ssl=1 705w, https:\/\/i0.wp.com\/miradordeatarfe.es\/wp-content\/uploads\/2023\/06\/Screenshot-2023-06-05-at-13-23-15-Granada-una-ciudad-de-profesores-y-sanitarios.png?resize=300%2C249&amp;ssl=1 300w\" sizes=\"auto, (max-width: 640px) 100vw, 640px\" \/><\/a><\/p>\n<p><a href=\"https:\/\/www.ideal.es\/autor\/juanjo-cerero-1525.html\"><strong>Juanjo Cerero<\/strong><\/a><\/p>\n","protected":false},"excerpt":{"rendered":"<p>Uno de cada cinco trabajadores de la ciudad nazar\u00ed se dedica a una de estas&#8230;<\/p>\n","protected":false},"author":1,"featured_media":62037,"comment_status":"closed","ping_status":"closed","sticky":false,"template":"","format":"standard","meta":{"_coblocks_attr":"","_coblocks_dimensions":"","_coblocks_responsive_height":"","_coblocks_accordion_ie_support":"","jetpack_post_was_ever_published":false,"_jetpack_newsletter_access":"","_jetpack_dont_email_post_to_subs":false,"_jetpack_newsletter_tier_id":0,"_jetpack_memberships_contains_paywalled_content":false,"_jetpack_memberships_contains_paid_content":false,"footnotes":"","jetpack_publicize_message":"","jetpack_publicize_feature_enabled":true,"jetpack_social_post_already_shared":false,"jetpack_social_options":{"image_generator_settings":{"template":"highway","default_image_id":0,"enabled":false},"version":2}},"categories":[1161,10781],"tags":[27,2182,10450],"class_list":["post-62035","post","type-post","status-publish","format-standard","has-post-thumbnail","hentry","category-ciudadania","category-granada","tag-educacion","tag-profesiones","tag-sasnidad"],"jetpack_publicize_connections":[],"jetpack_featured_media_url":"https:\/\/i0.wp.com\/miradordeatarfe.es\/wp-content\/uploads\/2023\/06\/1200x840-50.jpg?fit=1200%2C841&ssl=1","jetpack_likes_enabled":true,"jetpack_sharing_enabled":true,"_links":{"self":[{"href":"https:\/\/miradordeatarfe.es\/index.php?rest_route=\/wp\/v2\/posts\/62035","targetHints":{"allow":["GET"]}}],"collection":[{"href":"https:\/\/miradordeatarfe.es\/index.php?rest_route=\/wp\/v2\/posts"}],"about":[{"href":"https:\/\/miradordeatarfe.es\/index.php?rest_route=\/wp\/v2\/types\/post"}],"author":[{"embeddable":true,"href":"https:\/\/miradordeatarfe.es\/index.php?rest_route=\/wp\/v2\/users\/1"}],"replies":[{"embeddable":true,"href":"https:\/\/miradordeatarfe.es\/index.php?rest_route=%2Fwp%2Fv2%2Fcomments&post=62035"}],"version-history":[{"count":1,"href":"https:\/\/miradordeatarfe.es\/index.php?rest_route=\/wp\/v2\/posts\/62035\/revisions"}],"predecessor-version":[{"id":62038,"href":"https:\/\/miradordeatarfe.es\/index.php?rest_route=\/wp\/v2\/posts\/62035\/revisions\/62038"}],"wp:featuredmedia":[{"embeddable":true,"href":"https:\/\/miradordeatarfe.es\/index.php?rest_route=\/wp\/v2\/media\/62037"}],"wp:attachment":[{"href":"https:\/\/miradordeatarfe.es\/index.php?rest_route=%2Fwp%2Fv2%2Fmedia&parent=62035"}],"wp:term":[{"taxonomy":"category","embeddable":true,"href":"https:\/\/miradordeatarfe.es\/index.php?rest_route=%2Fwp%2Fv2%2Fcategories&post=62035"},{"taxonomy":"post_tag","embeddable":true,"href":"https:\/\/miradordeatarfe.es\/index.php?rest_route=%2Fwp%2Fv2%2Ftags&post=62035"}],"curies":[{"name":"wp","href":"https:\/\/api.w.org\/{rel}","templated":true}]}}