{"id":62042,"date":"2023-06-08T09:45:40","date_gmt":"2023-06-08T07:45:40","guid":{"rendered":"https:\/\/miradordeatarfe.es\/?p=62042"},"modified":"2023-10-23T13:50:54","modified_gmt":"2023-10-23T11:50:54","slug":"la-fp-dual-vuelve-a-crecer-en-granada-con-51-ciclos-nuevos-el-proximo-curso-aqui-la-lista-completa","status":"publish","type":"post","link":"https:\/\/miradordeatarfe.es\/?p=62042","title":{"rendered":"La FP Dual vuelve a crecer en Granada con 51 ciclos nuevos el pr\u00f3ximo curso: Aqu\u00ed la lista completa"},"content":{"rendered":"<h3 style=\"text-align: justify;\">Se suman a la oferta que se renueva de este a\u00f1o, lo que hace un total de casi 150 t\u00edtulos<\/h3>\n<div class=\"mce-body \">\n<p class=\"mce\" style=\"text-align: justify;\">La <a class=\"mce\" href=\"https:\/\/www.juntadeandalucia.es\/educacion\/portals\/web\/ced\" rel=\"dofollow\">Consejer\u00eda de Desarrollo Educativo y Formaci\u00f3n Profesional<\/a> ha hecho p\u00fablica la resoluci\u00f3n provisional de proyectos autorizados de ciclos formativos en dual as\u00ed como la renovaci\u00f3n de los cursos que en este 2022\/2023 est\u00e9n dando su primer a\u00f1o en esta modalidad, que permite compaginar a lo largo del a\u00f1o acad\u00e9mico la formaci\u00f3n en el aula con las pr\u00e1cticas. En el caso de Granada, se han autorizado de forma provisional 51 ciclos, mientras que otros 98 repetir\u00e1n a partir de septiembre.<\/p>\n<p class=\"mce\" style=\"text-align: justify;\">Tras la publicaci\u00f3n del listado a Delegaci\u00f3n Territorial correspondiente-en este caso, Granada- realizar\u00e1 un informe para los citados proyectos de renovaci\u00f3n, cuya valoraci\u00f3n favorable, junto a la autorizaci\u00f3n de la Direcci\u00f3n General de Formaci\u00f3n Profesional, ser\u00e1 necesaria para la puesta en marcha de dichos proyectos, recoge la resoluci\u00f3n de la Consejer\u00eda.<\/p>\n<p class=\"mce\" style=\"text-align: justify;\">Para el pr\u00f3ximo curso se impartir\u00e1n medio centenar de nuevos t\u00edtulos de FP Dual en Granada, tanto en centros p\u00fablicos como privados. Adem\u00e1s, contin\u00faan otros 98 ciclos que en este curso han desarrollado su primer a\u00f1o de formaci\u00f3n. El listado completo de los <strong>nuevos t\u00edtulos de FP Dual<\/strong> es este:<\/p>\n<ul class=\"mce\">\n<li class=\"mce\" style=\"text-align: justify;\"><strong class=\"mce\">Antigua Sexi<\/strong> Emergencias y protecci\u00f3n civil<\/li>\n<li class=\"mce\"><strong class=\"mce\">Il\u00edberis<\/strong> Ense\u00f1anza y animaci\u00f3n sociodeportiva<\/li>\n<li class=\"mce\"><strong class=\"mce\">Pedro Jim\u00e9nez de Montoya<\/strong> Procesos y calidad en la industria alimentaria<\/li>\n<li class=\"mce\"><strong class=\"mce\">El Soto<\/strong> Sistema microinform\u00e1ticos y redes<\/li>\n<li class=\"mce\"><strong class=\"mce\">El Soto<\/strong> Gu\u00eda en el medio natural y de tiempo libre<\/li>\n<li class=\"mce\"><strong class=\"mce\">El Soto<\/strong> Paisajismo y medio rural<\/li>\n<li class=\"mce\"><strong class=\"mce\">San Juan Bosco<\/strong> Video, disc jockey y sonido<\/li>\n<li class=\"mce\"><strong class=\"mce\">H. Lanz<\/strong> Modelado de la informaci\u00f3n de la construcci\u00f3n (BIM)<\/li>\n<li class=\"mce\"><strong class=\"mce\">Padre Manj\u00f3n<\/strong> Administraci\u00f3n y finanzas<\/li>\n<li class=\"mce\"><strong class=\"mce\">Hurtado de Mendoza<\/strong> Direcci\u00f3n de cocina<\/li>\n<li class=\"mce\"><strong class=\"mce\">Virgen de las Nieves<\/strong> Gesti\u00f3n de alojamientos tur\u00edsticos<\/li>\n<li class=\"mce\"><strong class=\"mce\">La Sagra<\/strong> Atenci\u00f3n a personas en situaci\u00f3n de dependencia<\/li>\n<li class=\"mce\"><strong class=\"mce\">Alquivira<\/strong> Gesti\u00f3n forestal y del medio natural<\/li>\n<li class=\"mce\"><strong class=\"mce\">Alquivira<\/strong> Automoci\u00f3n<\/li>\n<li class=\"mce\"><strong class=\"mce\">Virgen de la Caridad<\/strong> Atenci\u00f3n a personas en situaci\u00f3n de dependencia<\/li>\n<li class=\"mce\"><strong class=\"mce\">La Zafra<\/strong> Automatizaci\u00f3n y rob\u00f3tica industrial<\/li>\n<li class=\"mce\"><strong class=\"mce\">La Zafra<\/strong> Paisajismo y medio rural<\/li>\n<li class=\"mce\"><strong class=\"mce\">Cartuja<\/strong> Sistemas microinform\u00e1ticos y redes<\/li>\n<li class=\"mce\"><strong class=\"mce\">Cartuja<\/strong> Desarrollo de aplicaciones web<\/li>\n<li class=\"mce\"><strong class=\"mce\">Ram\u00f3n y Cajal<\/strong> Servicios comerciales<\/li>\n<li class=\"mce\"><strong class=\"mce\">Ram\u00f3n y Cajal<\/strong> Animaci\u00f3n sociocultural y tur\u00edstica<\/li>\n<li class=\"mce\"><strong class=\"mce\">Ram\u00f3n y Cajal<\/strong> Educaci\u00f3n infantil<\/li>\n<li class=\"mce\"><strong class=\"mce\">Severo Ochoa<\/strong> Integraci\u00f3n social<\/li>\n<li class=\"mce\"><strong class=\"mce\">Aynadamar<\/strong> Farmacia y parafarmacia<\/li>\n<li class=\"mce\"><strong class=\"mce\">Aynadamar<\/strong> Pr\u00f3tesis dentales<\/li>\n<li class=\"mce\"><strong class=\"mce\">Aynadamar<\/strong> Cultivos celulares<\/li>\n<li class=\"mce\"><strong class=\"mce\">Cerro de los Infantes<\/strong> Integraci\u00f3n social<\/li>\n<li class=\"mce\"><strong class=\"mce\">Alonso Cano<\/strong> Desarrollo de aplicaciones web<\/li>\n<li class=\"mce\"><strong class=\"mce\">Atl\u00e1ntida CIDEP 3<\/strong> Desarrollo de aplicaciones multiplataforma<\/li>\n<li class=\"mce\"><strong class=\"mce\">Zaid\u00edn Vergeles<\/strong> Gesti\u00f3n administrativa<\/li>\n<li class=\"mce\"><strong class=\"mce\">Zaid\u00edn Vergeles<\/strong> Comercio internacional<\/li>\n<li class=\"mce\"><strong class=\"mce\">Zaid\u00edn Vergeles\u00a0<\/strong>Desarrollo de aplicaciones web<\/li>\n<li class=\"mce\"><strong class=\"mce\">Trevenque<\/strong> Gu\u00eda de medio natural y de tiempo libre<\/li>\n<li class=\"mce\"><strong class=\"mce\">Am\u00e9rico Castro<\/strong> Aceite de oliva y vinos<\/li>\n<li class=\"mce\"><strong class=\"mce\">Am\u00e9rico Castro<\/strong> Panader\u00eda, reposter\u00eda y confiter\u00eda<\/li>\n<li class=\"mce\"><strong class=\"mce\">Am\u00e9rico Castro<\/strong> Asistencia a la direcci\u00f3n<\/li>\n<li class=\"mce\"><strong class=\"mce\">Am\u00e9rico Castro<\/strong> Procesos y calidad en la industria alimentaria<\/li>\n<li class=\"mce\"><strong class=\"mce\">Alcrebite\u00a0<\/strong>Sistemas microinform\u00e1ticos y redes<\/li>\n<li class=\"mce\"><strong class=\"mce\">Montevives<\/strong> Acceso y conservaci\u00f3n en instalaciones deportivas<\/li>\n<li class=\"mce\"><strong class=\"mce\">Alfaguara\u00a0<\/strong>Sistemas microinform\u00e1ticos y redes<\/li>\n<li class=\"mce\"><strong class=\"mce\">Alfaguara<\/strong> Ense\u00f1anza y animaci\u00f3n sociodeportiva<\/li>\n<li class=\"mce\"><strong class=\"mce\">Alfaguara<\/strong> Sistemas electrot\u00e9cnicos y automatizados<\/li>\n<li class=\"mce\"><strong class=\"mce\">Miguel de Cervantes<\/strong> Promoci\u00f3n de igualdad de g\u00e9nero<\/li>\n<li class=\"mce\"><strong class=\"mce\">Alhama<\/strong> Atenci\u00f3n a personas en situaci\u00f3n de dependencia<\/li>\n<li class=\"mce\"><strong class=\"mce\">Al \u00c1ndalus\u00a0<\/strong>Atenci\u00f3n a personas en situaci\u00f3n de dependencia<\/li>\n<li class=\"mce\"><strong class=\"mce\">Al \u00c1ndalus<\/strong> Instalaciones el\u00e9ctricas y autom\u00e1ticas<\/li>\n<li class=\"mce\"><strong class=\"mce\">Montes Orientales<\/strong>\u00a0Atenci\u00f3n a personas en situaci\u00f3n de dependencia<\/li>\n<li class=\"mce\"><strong class=\"mce\">Montes Orientales<\/strong> Aceite de oliva y vinos<\/li>\n<li class=\"mce\"><strong class=\"mce\">Fernando de los R\u00edos<\/strong> Agro jardiner\u00eda y composiciones florales<\/li>\n<li class=\"mce\"><strong class=\"mce\">La Laguna<\/strong> Educaci\u00f3n infantil<\/li>\n<\/ul>\n<\/div>\n","protected":false},"excerpt":{"rendered":"<p>Se suman a la oferta que se renueva de este a\u00f1o, lo que hace un&#8230;<\/p>\n","protected":false},"author":1,"featured_media":62043,"comment_status":"closed","ping_status":"closed","sticky":false,"template":"","format":"standard","meta":{"_coblocks_attr":"","_coblocks_dimensions":"","_coblocks_responsive_height":"","_coblocks_accordion_ie_support":"","jetpack_post_was_ever_published":false,"_jetpack_newsletter_access":"","_jetpack_dont_email_post_to_subs":false,"_jetpack_newsletter_tier_id":0,"_jetpack_memberships_contains_paywalled_content":false,"_jetpack_memberships_contains_paid_content":false,"footnotes":"","jetpack_publicize_message":"","jetpack_publicize_feature_enabled":true,"jetpack_social_post_already_shared":false,"jetpack_social_options":{"image_generator_settings":{"template":"highway","default_image_id":0,"enabled":false},"version":2}},"categories":[187,10781],"tags":[9281,129],"class_list":["post-62042","post","type-post","status-publish","format-standard","has-post-thumbnail","hentry","category-centros-educativos","category-granada","tag-ciclos-formativos","tag-granada"],"jetpack_publicize_connections":[],"jetpack_featured_media_url":"https:\/\/i0.wp.com\/miradordeatarfe.es\/wp-content\/uploads\/2023\/06\/Hurtado-Mendoza_1799230292_186084240_667x375.jpg?fit=667%2C375&ssl=1","jetpack_likes_enabled":true,"jetpack_sharing_enabled":true,"_links":{"self":[{"href":"https:\/\/miradordeatarfe.es\/index.php?rest_route=\/wp\/v2\/posts\/62042","targetHints":{"allow":["GET"]}}],"collection":[{"href":"https:\/\/miradordeatarfe.es\/index.php?rest_route=\/wp\/v2\/posts"}],"about":[{"href":"https:\/\/miradordeatarfe.es\/index.php?rest_route=\/wp\/v2\/types\/post"}],"author":[{"embeddable":true,"href":"https:\/\/miradordeatarfe.es\/index.php?rest_route=\/wp\/v2\/users\/1"}],"replies":[{"embeddable":true,"href":"https:\/\/miradordeatarfe.es\/index.php?rest_route=%2Fwp%2Fv2%2Fcomments&post=62042"}],"version-history":[{"count":1,"href":"https:\/\/miradordeatarfe.es\/index.php?rest_route=\/wp\/v2\/posts\/62042\/revisions"}],"predecessor-version":[{"id":62044,"href":"https:\/\/miradordeatarfe.es\/index.php?rest_route=\/wp\/v2\/posts\/62042\/revisions\/62044"}],"wp:featuredmedia":[{"embeddable":true,"href":"https:\/\/miradordeatarfe.es\/index.php?rest_route=\/wp\/v2\/media\/62043"}],"wp:attachment":[{"href":"https:\/\/miradordeatarfe.es\/index.php?rest_route=%2Fwp%2Fv2%2Fmedia&parent=62042"}],"wp:term":[{"taxonomy":"category","embeddable":true,"href":"https:\/\/miradordeatarfe.es\/index.php?rest_route=%2Fwp%2Fv2%2Fcategories&post=62042"},{"taxonomy":"post_tag","embeddable":true,"href":"https:\/\/miradordeatarfe.es\/index.php?rest_route=%2Fwp%2Fv2%2Ftags&post=62042"}],"curies":[{"name":"wp","href":"https:\/\/api.w.org\/{rel}","templated":true}]}}