{"id":62055,"date":"2023-06-08T11:14:14","date_gmt":"2023-06-08T09:14:14","guid":{"rendered":"https:\/\/miradordeatarfe.es\/?p=62055"},"modified":"2023-06-09T10:23:30","modified_gmt":"2023-06-09T08:23:30","slug":"por-que-no-votaron-por-juan-de-dios-villanueva-roa","status":"publish","type":"post","link":"https:\/\/miradordeatarfe.es\/?p=62055","title":{"rendered":"\u00abPor qu\u00e9 no votaron\u00bb por  Juan de Dios Villanueva Roa"},"content":{"rendered":"<h3 style=\"text-align: justify;\">Camiones cargados con vallas y tribunas enfilan la circunvalaci\u00f3n buscando nuevos espacios que acotar y construir.<\/h3>\n<p style=\"text-align: justify;\">Granada se queda a las puertas del Corpus y el sol brilla con la intensidad de un verano que llegar\u00e1 abrasador. Paco Cuenca va cerrando cap\u00edtulos, carpetas, y con las manos tranquilas prepara la entrega de una ciudad a quien lleg\u00f3 mandatada desde Sevilla a dirigir una tierra que antes hab\u00eda dejado cuando su jefe Torres Hurtado tuvo que salir de esa misma alcald\u00eda camino de la comisar\u00eda policial.<\/p>\n<p style=\"text-align: justify;\">Y Paco seguramente se preguntar\u00e1 por qu\u00e9 no han acudido a las urnas quienes pudieron votar una gesti\u00f3n basada en pagar trampas que hab\u00edan dejado PP y Ciudadanos, en sanear la caja municipal, arreglar calles, incluidas aquellas que habitan quienes jam\u00e1s lo votar\u00e1n.<\/p>\n<p style=\"text-align: justify;\">Piensa que desde la inmensa jornada de las Fuerzas Armadas hasta la entrega de los Goya, pasando por la apuesta fundamental en el acelerador de part\u00edculas, las jornadas europeas que reunir\u00e1n aqu\u00ed a la totalidad de l\u00edderes europeos en oto\u00f1o\u2026, haber dejado a Granada en la c\u00faspide nacional e internacional, con una proyecci\u00f3n de futuro inigualable, con turistas llenando calles, plazas, hoteles, bares, restaurantes; con una imagen fabulosa dentro y fuera; y con las tecnolog\u00edas y la definitiva apuesta por ellas como futuro de progreso, con el cintur\u00f3n verde casi cerrado\u2026 se pregunta por qu\u00e9 los votantes progresistas de esta ciudad han pasado de votar, qu\u00e9 es lo que esperaban, qu\u00e9 complejo de superioridad tienen para abandonar esta ciudad en manos de una derecha que no ha hecho nada en los \u00faltimos a\u00f1os por su mejora, ni siquiera desde la oposici\u00f3n, y en tiempos anteriores mejor ni nombrarlos.<\/p>\n<p style=\"text-align: justify;\">No se lo explica porque no tiene explicaci\u00f3n.<\/p>\n<p>foto:<span class=\"ue-c-article__media-source\"><span class=\"ue-c-article__media-agency\">ARABA PRESS<\/span><\/span><\/p>\n","protected":false},"excerpt":{"rendered":"<p>Camiones cargados con vallas y tribunas enfilan la circunvalaci\u00f3n buscando nuevos espacios que acotar y&#8230;<\/p>\n","protected":false},"author":1,"featured_media":62056,"comment_status":"closed","ping_status":"closed","sticky":false,"template":"","format":"standard","meta":{"_coblocks_attr":"","_coblocks_dimensions":"","_coblocks_responsive_height":"","_coblocks_accordion_ie_support":"","jetpack_post_was_ever_published":false,"_jetpack_newsletter_access":"","_jetpack_dont_email_post_to_subs":false,"_jetpack_newsletter_tier_id":0,"_jetpack_memberships_contains_paywalled_content":false,"_jetpack_memberships_contains_paid_content":false,"footnotes":"","jetpack_publicize_message":"","jetpack_publicize_feature_enabled":true,"jetpack_social_post_already_shared":false,"jetpack_social_options":{"image_generator_settings":{"template":"highway","default_image_id":0,"enabled":false},"version":2}},"categories":[1161,9772,44,7671,15],"tags":[129,10453,5626],"class_list":["post-62055","post","type-post","status-publish","format-standard","has-post-thumbnail","hentry","category-ciudadania","category-opinion-de-juan-de-dios-villanueva","category-noticias-de-hoy","category-politica","category-ultimas-noticias","tag-granada","tag-no-votantes","tag-votaciones-elecciones-municipales"],"jetpack_publicize_connections":[],"jetpack_featured_media_url":"https:\/\/i0.wp.com\/miradordeatarfe.es\/wp-content\/uploads\/2023\/06\/Sin-titulo-1.jpeg?fit=275%2C183&ssl=1","jetpack_likes_enabled":true,"jetpack_sharing_enabled":true,"_links":{"self":[{"href":"https:\/\/miradordeatarfe.es\/index.php?rest_route=\/wp\/v2\/posts\/62055","targetHints":{"allow":["GET"]}}],"collection":[{"href":"https:\/\/miradordeatarfe.es\/index.php?rest_route=\/wp\/v2\/posts"}],"about":[{"href":"https:\/\/miradordeatarfe.es\/index.php?rest_route=\/wp\/v2\/types\/post"}],"author":[{"embeddable":true,"href":"https:\/\/miradordeatarfe.es\/index.php?rest_route=\/wp\/v2\/users\/1"}],"replies":[{"embeddable":true,"href":"https:\/\/miradordeatarfe.es\/index.php?rest_route=%2Fwp%2Fv2%2Fcomments&post=62055"}],"version-history":[{"count":1,"href":"https:\/\/miradordeatarfe.es\/index.php?rest_route=\/wp\/v2\/posts\/62055\/revisions"}],"predecessor-version":[{"id":62057,"href":"https:\/\/miradordeatarfe.es\/index.php?rest_route=\/wp\/v2\/posts\/62055\/revisions\/62057"}],"wp:featuredmedia":[{"embeddable":true,"href":"https:\/\/miradordeatarfe.es\/index.php?rest_route=\/wp\/v2\/media\/62056"}],"wp:attachment":[{"href":"https:\/\/miradordeatarfe.es\/index.php?rest_route=%2Fwp%2Fv2%2Fmedia&parent=62055"}],"wp:term":[{"taxonomy":"category","embeddable":true,"href":"https:\/\/miradordeatarfe.es\/index.php?rest_route=%2Fwp%2Fv2%2Fcategories&post=62055"},{"taxonomy":"post_tag","embeddable":true,"href":"https:\/\/miradordeatarfe.es\/index.php?rest_route=%2Fwp%2Fv2%2Ftags&post=62055"}],"curies":[{"name":"wp","href":"https:\/\/api.w.org\/{rel}","templated":true}]}}