{"id":62088,"date":"2023-06-10T11:07:47","date_gmt":"2023-06-10T09:07:47","guid":{"rendered":"https:\/\/miradordeatarfe.es\/?p=62088"},"modified":"2023-06-09T11:13:34","modified_gmt":"2023-06-09T09:13:34","slug":"62088","status":"publish","type":"post","link":"https:\/\/miradordeatarfe.es\/?p=62088","title":{"rendered":"\u00abPATRIMONIO DE ATARFE\u00bb por Jos\u00e9 Enrique Granados"},"content":{"rendered":"<div class=\"\" dir=\"auto\">\n<div id=\":r3:\" class=\"x1iorvi4 x1pi30zi x1l90r2v x1swvt13\" data-ad-comet-preview=\"message\" data-ad-preview=\"message\">\n<div class=\"x78zum5 xdt5ytf xz62fqu x16ldp7u\">\n<div class=\"xu06os2 x1ok221b\">\n<div class=\"xdj266r x11i5rnm xat24cr x1mh8g0r x1vvkbs x126k92a\">\n<h3 dir=\"auto\" style=\"text-align: justify;\">\u201cLa historia de un pueblo es inseparable de su paisaje y \u00e9ste se convierte as\u00ed en una referencia hist\u00f3rica fundamental, en un signo visible de la identidad colectiva y de los pueblos\u201d (Jos\u00e9 Ortega y Gasset, Notas de andar y ver. Viajes, gentes y pa\u00edses).<\/h3>\n<\/div>\n<div class=\"x11i5rnm xat24cr x1mh8g0r x1vvkbs xtlvy1s x126k92a\" style=\"text-align: justify;\">\n<div dir=\"auto\">El pasado 21 de mayo la periodista Charo Jim\u00e9nez directora del programa Andaluc\u00eda Nuestra me hizo una entrevista con el fin de poner en valor el patrimonio de nuestro pueblo. El programa propone un recorrido por nuestra comunidad aut\u00f3noma. destacando la idiosincrasia, la naturaleza, la historia, el gastronom\u00eda, el turismo, la cultura, las tradiciones y el descanso. En \u00e9l invitan a los andaluces a conocer una tierra llena de gran talento, hermosa, diferente y, en definitiva, \u00fanica y aut\u00e9ntica.<\/div>\n<div dir=\"auto\">\u00a0<\/div>\n<div dir=\"auto\">Tomando como base el libro titulado \u201cAtarfe patrimonio cultural y natural\u201d, editado en 2015 por el ayuntamiento, escrito por Paqui L\u00f3pez, Manuel Guerrero e I\u00f1aki Nieva, licenciados contratados por el programa EMPLEA de la Junta de Andaluc\u00eda, para tal fin, el cual tuve el honor de asesorar y prologar.<\/div>\n<div dir=\"auto\">\u00a0<\/div>\n<div dir=\"auto\">Hice un esquema para que no quedara nada en el tintero y este fue el resultado:<\/div>\n<h3 dir=\"auto\">Patrimonio: Conjunto de bienes que una persona ha heredado de sus descendientes.<\/h3>\n<div dir=\"auto\">Patrimonio Natural<\/div>\n<div dir=\"auto\">Patrimonio Hist\u00f3rico<\/div>\n<div dir=\"auto\">Arqueol\u00f3gico<\/div>\n<div dir=\"auto\">Edilicio<\/div>\n<div dir=\"auto\">Industrial<\/div>\n<div dir=\"auto\">Patrimonio Natural:<\/div>\n<div dir=\"auto\">Visi\u00f3n global y no localista<\/div>\n<div dir=\"auto\">T\u00e9rmino municipal relativamente mediano (47 km2) diferenciamos 3 ecosistemas cada uno con sus paisajes, vegetaci\u00f3n y fauna asociada.<\/div>\n<div dir=\"auto\">Vega, Pantano de Cubillas y Sierra Elvira.<\/div>\n<div dir=\"auto\">Sierra Elvira unos 18 km2, macizo calizo con abundancia de fen\u00f3menos k\u00e1rsticos.<\/div>\n<div dir=\"auto\">Termalismo.<\/div>\n<div dir=\"auto\">Gran n\u00famero de simas entre las que podemos destacar la Raja Santa, \u00c1guila o Pisa de la Burra, las cuales han generado un gran n\u00famero de leyendas (dando lugar al patrimonio o tradici\u00f3n oral).<\/div>\n<div dir=\"auto\">Inversi\u00f3n t\u00e9rmica.<\/div>\n<div dir=\"auto\">Paso migratorio de aves, final de verano.<\/div>\n<div dir=\"auto\">Pinares de repoblaci\u00f3n, encinares. Muy degradado aprovechamiento minero.<\/div>\n<div dir=\"auto\">Orqu\u00eddeas de varios g\u00e9neros.<\/div>\n<div dir=\"auto\">Varios moluscos y artr\u00f3podos interesantes:<\/div>\n<div dir=\"auto\">Iberus gualterianus (chapa);<\/div>\n<div dir=\"auto\">Plebejus pylaon hespericus (Ni\u00f1a del astr\u00e1galo) es un endemismo ib\u00e9rico con poblaciones fragmentadas, muy locales y escasas, entre las que se encuentra una en Sierra Elvira. Parece ser que determinadas actuaciones antr\u00f3picas han provocado que desaparezcan las vecinas colonias de la sierra de Alfacar y Puerto de la Ragua, por lo que se incrementa el valor de \u201cnuestra\u201d mariposa.<\/div>\n<div dir=\"auto\">Iolana iolas. Esta codiciada mariposa vuela alrededor de los espantalobos (Colutea atlantica), arbusto con caracter\u00edsticos frutos en forma de vaina que encierra las nutritivas semillas que sirven de alimento a sus orugas.<\/div>\n<div dir=\"auto\">El porqu\u00e9 de la vulnerabilidad de estas mariposas hay que buscarlo en el hecho de ser especies mon\u00f3fagas, es decir, que sus orugas se alimentan de forma exclusiva de un solo tipo de planta y por tanto su supervivencia est\u00e1 estrechamente ligada al futuro de dicha planta. De ah\u00ed, la sensibilidad de estas especies a la alteraci\u00f3n de su h\u00e1bitat y en consecuencia la importancia de proteger Sierra Elvira.<\/div>\n<div dir=\"auto\">Amenazas: extracci\u00f3n de \u00e1ridos, fitosanitarios, incendios, etc\u2026<\/div>\n<div dir=\"auto\">Vertebrados: cabra mont\u00e9s. Seguimiento ciencia ciudadana.<\/div>\n<h3 dir=\"auto\">Patrimonio Hist\u00f3rico:<\/h3>\n<div dir=\"auto\"><strong>a. Arqueol\u00f3gico:<\/strong><\/div>\n<div dir=\"auto\">Medina Elvira (catalogado BIC en 2004).<\/div>\n<div dir=\"auto\">Cueva Viru\u00e9s-Mart\u00ednez, descubierto grupo espeleol\u00f3gico Il\u00edberis. IV milenio antes de Cristo. Restos \u00f3seos y cer\u00e1micos. Su estudio va a complementar la informaci\u00f3n de otras cuevas existentes alrededor de la Depresi\u00f3n de Granada. Informaci\u00f3n sobre rituales y usos funerarios habitantes de la Vega Alta, periodo tan temprano de nuestra historia.<\/div>\n<\/div>\n<div class=\"x11i5rnm xat24cr x1mh8g0r x1vvkbs xtlvy1s x126k92a\" style=\"text-align: justify;\">\n<div dir=\"auto\">Restos \u00edberos, tardoromanos, \u00e1rabes.<\/div>\n<\/div>\n<div class=\"x11i5rnm xat24cr x1mh8g0r x1vvkbs xtlvy1s x126k92a\" style=\"text-align: justify;\">\n<div dir=\"auto\">\u00a0<\/div>\n<div dir=\"auto\"><strong>b. Edificio:<\/strong><\/div>\n<div dir=\"auto\">Iglesia parroquial Nuestra Se\u00f1ora de la Encarnaci\u00f3n: 25 de septiembre, 400 a\u00f1os.<\/div>\n<div dir=\"auto\">Construida por Ambrosio de Vico. Diversas reformas.<\/div>\n<div dir=\"auto\">Traslado retablo Ermita Santa Ana.<\/div>\n<div dir=\"auto\">Cristo marfil siglo XVII.<\/div>\n<div dir=\"auto\">Serie pict\u00f3rica del apostolado, siglo XVIII.<\/div>\n<div dir=\"auto\">P\u00falpito madera, caliza y m\u00e1rmol, siglo XVIII.<\/div>\n<div dir=\"auto\">\u00d3rgano 1797, varias veces restaurado.<\/div>\n<div dir=\"auto\">Inmaculada Concepci\u00f3n del siglo XVIII (1750-1799) seg\u00fan consta en el cat\u00e1logo de patrimonio mueble del Instituto andaluz de Patrimonio Hist\u00f3rico. La imagen guarda un enorme parecido con la Inmaculada del facistol de la Catedral de Granada, obra escult\u00f3rica maestra de Alonso Cano conservada en la sacrist\u00eda de dicho templo.<\/div>\n<\/div>\n<div class=\"x11i5rnm xat24cr x1mh8g0r x1vvkbs xtlvy1s x126k92a\" style=\"text-align: justify;\">\n<div dir=\"auto\">Ermita de Santa Ana (siglos XVI-XVII) seg\u00fan consta libro inventario Bartolom\u00e9 S\u00e1nchez 1609, \u201ccon limosnas han hecho una ermita a la se\u00f1ora Santa Ana\u201d.<\/div>\n<\/div>\n<div class=\"x11i5rnm xat24cr x1mh8g0r x1vvkbs xtlvy1s x126k92a\" style=\"text-align: justify;\">\n<div dir=\"auto\">\u00a0<\/div>\n<div dir=\"auto\"><strong>Casas blasonadas:<\/strong><\/div>\n<div dir=\"auto\">Pedro de Hita (calle la Vega).<\/div>\n<div dir=\"auto\">Xim\u00e9nez de Cisneros (calle Nueva).<\/div>\n<div dir=\"auto\">Castillas, se\u00f1orito Don Gonzalo, heredero de Gonzalo Henr\u00edquez de Luna, tristemente desaparecida.<\/div>\n<div dir=\"auto\">Casino de Labradores, Pedro de Hita, Casa de Burgos, finales siglo XVIII seg\u00fan describe Almagro C\u00e1rdenas en su \u201cCuriosidades del pueblo de Atarfe y Ruinas de Elvira.<\/div>\n<\/div>\n<div class=\"x11i5rnm xat24cr x1mh8g0r x1vvkbs xtlvy1s x126k92a\" style=\"text-align: justify;\">\n<div dir=\"auto\">Pilar de la plaza del Ayuntamiento 1901, Fco. Gim\u00e9nez Abril.<\/div>\n<\/div>\n<div class=\"x11i5rnm xat24cr x1mh8g0r x1vvkbs xtlvy1s x126k92a\" style=\"text-align: justify;\">\n<div dir=\"auto\">Ermita de los Tres Juanes, Juan de Dios S\u00e1nchez Pozo 1941.<\/div>\n<\/div>\n<div class=\"x11i5rnm xat24cr x1mh8g0r x1vvkbs xtlvy1s x126k92a\" style=\"text-align: justify;\">\n<div dir=\"auto\">\u00a0<\/div>\n<div dir=\"auto\">c. Industrial:<\/div>\n<\/div>\n<div class=\"x11i5rnm xat24cr x1mh8g0r x1vvkbs xtlvy1s x126k92a\" style=\"text-align: justify;\">\n<div dir=\"auto\">V\u00eda f\u00e9rrea Granada- Campillos (1866-1874) 150 aniversario. Part\u00edan ramales para las diferentes industrias.<\/div>\n<div dir=\"auto\">Revitalizar la l\u00ednea y convertirla en cercan\u00edas.<\/div>\n<div dir=\"auto\">Miradas desde el ferrocarril del az\u00facar (Miguel Gim\u00e9nez Yanguas y Jos\u00e9 Miguel Reyes Mesa).<\/div>\n<\/div>\n<div class=\"x11i5rnm xat24cr x1mh8g0r x1vvkbs xtlvy1s x126k92a\" style=\"text-align: justify;\">\n<div dir=\"auto\">Ingenio de San Fernando 1883.la segunda que se construy\u00f3 en la provincia. Demolida a\u00f1os noventa.<\/div>\n<\/div>\n<div class=\"x11i5rnm xat24cr x1mh8g0r x1vvkbs xtlvy1s x126k92a\" style=\"text-align: justify;\">\n<div dir=\"auto\">Azucarera de la Vega 1904-1982. Capital inicial de mill\u00f3n y medio de pesetas. M\u00e1quina de vapor plaza de San Pedro de Galatino.<\/div>\n<\/div>\n<div class=\"x11i5rnm xat24cr x1mh8g0r x1vvkbs xtlvy1s x126k92a\" style=\"text-align: justify;\">\n<div dir=\"auto\">Alcoholera de Santa Adelaida. Usaba las melazas de San Fernando.<\/div>\n<\/div>\n<div class=\"x11i5rnm xat24cr x1mh8g0r x1vvkbs xtlvy1s x126k92a\" style=\"text-align: justify;\">\n<div dir=\"auto\">F\u00e1brica de Carrillo 1920. Esta industria elaboraba, desde sus inicios superfosfatos de todas graduaciones, as\u00ed como sulfato de amoniaco y de potasa, nitrato de sosa, cloruro de potasa o sulfato de hierro. a f\u00e1brica Carrillo ha sido la \u00faltima en producir \u00e1cido sulf\u00farico por el m\u00e9todo de las c\u00e1maras de plomo, ya que lo hizo hasta 1989.<\/div>\n<div dir=\"auto\">En sus instalaciones impart\u00edan clases pr\u00e1cticas Jes\u00fas Yoldi, catedr\u00e1tico de qu\u00edmica en la universidad granadina y alcalde de la ciudad.<\/div>\n<\/div>\n<div class=\"x11i5rnm xat24cr x1mh8g0r x1vvkbs xtlvy1s x126k92a\" style=\"text-align: justify;\">\n<div dir=\"auto\">F\u00e1brica de Nuestra Se\u00f1ora de los Dolores (Cementos Portland) 1903. Se construye para satisfacer la demanda de materiales de construcci\u00f3n. cemento tipo portland y cal hidr\u00e1ulica. Cierra en los a\u00f1os setenta del siglo pasado.<\/div>\n<\/div>\n<div class=\"x11i5rnm xat24cr x1mh8g0r x1vvkbs xtlvy1s x126k92a\">\n<div dir=\"auto\" style=\"text-align: justify;\">\u00a0<\/div>\n<div dir=\"auto\">FOTO: Restos arqueol\u00f3gicos encontrados en la cueva Viru\u00e9s-Mart\u00ednez.<\/div>\n<div dir=\"auto\">Gacetilla y curiosidades elvirenses.<\/div>\n<\/div>\n<\/div>\n<\/div>\n<\/div>\n<\/div>\n","protected":false},"excerpt":{"rendered":"<p>\u201cLa historia de un pueblo es inseparable de su paisaje y \u00e9ste se convierte as\u00ed&#8230;<\/p>\n","protected":false},"author":1,"featured_media":62089,"comment_status":"closed","ping_status":"closed","sticky":false,"template":"","format":"standard","meta":{"_coblocks_attr":"","_coblocks_dimensions":"","_coblocks_responsive_height":"","_coblocks_accordion_ie_support":"","jetpack_post_was_ever_published":false,"_jetpack_newsletter_access":"","_jetpack_dont_email_post_to_subs":false,"_jetpack_newsletter_tier_id":0,"_jetpack_memberships_contains_paywalled_content":false,"_jetpack_memberships_contains_paid_content":false,"footnotes":"","jetpack_publicize_message":"","jetpack_publicize_feature_enabled":true,"jetpack_social_post_already_shared":false,"jetpack_social_options":{"image_generator_settings":{"template":"highway","default_image_id":0,"enabled":false},"version":2}},"categories":[2,12,1161,38,44,15],"tags":[81,374],"class_list":["post-62088","post","type-post","status-publish","format-standard","has-post-thumbnail","hentry","category-atarfe","category-cultura","category-ciudadania","category-opinion-de-jose-enrique-granados","category-noticias-de-hoy","category-ultimas-noticias","tag-atarfe","tag-patrimonio"],"jetpack_publicize_connections":[],"jetpack_featured_media_url":"https:\/\/i0.wp.com\/miradordeatarfe.es\/wp-content\/uploads\/2023\/06\/347872548_193696326912632_1648324491190631988_n.jpg?fit=710%2C540&ssl=1","jetpack_likes_enabled":true,"jetpack_sharing_enabled":true,"_links":{"self":[{"href":"https:\/\/miradordeatarfe.es\/index.php?rest_route=\/wp\/v2\/posts\/62088","targetHints":{"allow":["GET"]}}],"collection":[{"href":"https:\/\/miradordeatarfe.es\/index.php?rest_route=\/wp\/v2\/posts"}],"about":[{"href":"https:\/\/miradordeatarfe.es\/index.php?rest_route=\/wp\/v2\/types\/post"}],"author":[{"embeddable":true,"href":"https:\/\/miradordeatarfe.es\/index.php?rest_route=\/wp\/v2\/users\/1"}],"replies":[{"embeddable":true,"href":"https:\/\/miradordeatarfe.es\/index.php?rest_route=%2Fwp%2Fv2%2Fcomments&post=62088"}],"version-history":[{"count":2,"href":"https:\/\/miradordeatarfe.es\/index.php?rest_route=\/wp\/v2\/posts\/62088\/revisions"}],"predecessor-version":[{"id":62091,"href":"https:\/\/miradordeatarfe.es\/index.php?rest_route=\/wp\/v2\/posts\/62088\/revisions\/62091"}],"wp:featuredmedia":[{"embeddable":true,"href":"https:\/\/miradordeatarfe.es\/index.php?rest_route=\/wp\/v2\/media\/62089"}],"wp:attachment":[{"href":"https:\/\/miradordeatarfe.es\/index.php?rest_route=%2Fwp%2Fv2%2Fmedia&parent=62088"}],"wp:term":[{"taxonomy":"category","embeddable":true,"href":"https:\/\/miradordeatarfe.es\/index.php?rest_route=%2Fwp%2Fv2%2Fcategories&post=62088"},{"taxonomy":"post_tag","embeddable":true,"href":"https:\/\/miradordeatarfe.es\/index.php?rest_route=%2Fwp%2Fv2%2Ftags&post=62088"}],"curies":[{"name":"wp","href":"https:\/\/api.w.org\/{rel}","templated":true}]}}