{"id":62111,"date":"2023-06-12T11:32:30","date_gmt":"2023-06-12T09:32:30","guid":{"rendered":"https:\/\/miradordeatarfe.es\/?p=62111"},"modified":"2023-07-22T09:36:04","modified_gmt":"2023-07-22T07:36:04","slug":"a-tacon-calzado-por-remedios-sanchez","status":"publish","type":"post","link":"https:\/\/miradordeatarfe.es\/?p=62111","title":{"rendered":"\u00abA TAC\u00d3N CALZADO\u00bb por Remedios S\u00e1nchez"},"content":{"rendered":"<h3>Olona nunca tuvo discurso ni ideolog\u00eda verdadera, ni siquiera en sus tiempos de mayor agresividad verbal<\/h3>\n<p style=\"text-align: justify;\">En Espa\u00f1a se ha le\u00eddo a Antonio Machado poco y mal. Se han concentrado en los recuerdos del patio de Sevilla donde madura el limonero y se han olvidado del magisterio verdadero, del compromiso \u00e9tico de Juan de Mairena o Abel Mart\u00edn, poetas ap\u00f3crifos donde subyace lo m\u00e1s hondo de don Antonio, voz recia de la verdad del pueblo, diseccionando lo intr\u00ednseco de la idiosincrasia espa\u00f1ola. Incluso, con el paso del tiempo, hemos perdido de vista \u2018Campos de Castilla\u2019 donde escribi\u00f3 serenamente: \u201cAyer so\u00f1\u00e9 que ve\u00eda\/a Dios y que a Dios hablaba;\/y so\u00f1\u00e9 que Dios me o\u00eda&#8230;\/Despu\u00e9s so\u00f1\u00e9 que so\u00f1aba\u201d.<\/p>\n<p style=\"text-align: justify;\">A Macarena Olona debieron leerle esto de ni\u00f1a y se le ha quedado una suerte de impregnaci\u00f3n epid\u00e9rmica del sentido general -literal-, que es lo que se antoja que subyace en esa visi\u00f3n\u00a0de su porvenir que ella afirm\u00f3 haber tenido en la Alhambra y que se resume con la frase lapidaria de aquel lejano febrero, cuando la derecha ultramontana de Vox dej\u00f3 de ser su cortijo: \u00abSi vuelvo ser\u00e1 en Granada o no ser\u00e1\u00bb. Y resulta que ha vuelto, so\u00f1ando caminos, entremezclando a Juan Ram\u00f3n con Machado, confundiendo, como la paloma albertiana, el norte con el sur, el coraz\u00f3n con la casa. Se presenta por Granada con el totum revolutum daliniano que denomina \u2018Caminando juntos\u2019 y que suena m\u00e1s a eslogan de grupo de autoayuda (con gur\u00fa falso incluido) que a partido pol\u00edtico. Porque la pol\u00edtica debiera ser algo m\u00e1s serio, con liderazgos s\u00f3lidos de personas con alta cualificaci\u00f3n que, generosamente, dedican sus esfuerzos a los dem\u00e1s desde un posicionamiento \u00e9tico centrado con la b\u00fasqueda de soluciones a los problemas ciudadanos. Es decir, que tal y como est\u00e1 el patio electoral, van a servirnos menos de una docena. Por lo pronto Macarena se ha calzado sus tacones, uno rojo y otro azul, para evidenciar que a ella le valen todos los votantes; que es cl\u00e1sica y moderna a la vez, innovadora y tradicional, de izquierdas y de derechas, mon\u00e1rquica y republicana, cat\u00f3lica y atea. En resumen, transversal, que es la forma eufem\u00edstica de no decir nada.<\/p>\n<p style=\"text-align: justify;\">Porque Olona nunca tuvo discurso ni ideolog\u00eda verdadera, ni siquiera en sus tiempos de mayor agresividad verbal. Lo que s\u00ed tuvo fueron hordas de hooligans anim\u00e1ndola a insultar para inmolarse despu\u00e9s; y, cuando le surgi\u00f3 la ocasi\u00f3n de regresar a su puesto de trabajo despu\u00e9s del fracaso abisal en las elecciones andaluzas, no aprovech\u00f3 la oportunidad de correr sin mirar atr\u00e1s. De retornar a la vida discreta de la que habl\u00f3 Fern\u00e1ndez de Andrada en su \u2018Ep\u00edstola moral a Fabio\u2019: \u201cUna mediana vida yo posea, \/un estilo com\u00fan y moderado, \/que no lo note nadie que lo vea\u201d. Su lema vital es ahora el de esa mezcolanza estrafalaria que lidera, \u201ccaminando con el pie izquierdo y con el derecho\u201d. Lo que nadie sabe es por d\u00f3nde va a transitar con esos tacones de aguja. Desde luego, no parece que vaya a ser por los senderos rurales de los pueblos. No se enteran ni ella (ni muchos otros) de que la pol\u00edtica no era esto, de que no pueden volver al pasado, a lo que pudieron ser y no fueron. Porque releyendo a Machado se da una cuenta de que ya somos distintos y, de aquel tiempo gris, por fortuna para la democracia verdadera, s\u00f3lo quedan difusas estelas en la mar.<\/p>\n<p style=\"text-align: justify;\">FOTO: <span id=\"m240269-240268-240270\" class=\"c-detail__media__credit \">Macarena Olona y su mensaje en Twitter<\/span><\/p>\n<p>&nbsp;<\/p>\n<p>&nbsp;<\/p>\n","protected":false},"excerpt":{"rendered":"<p>Olona nunca tuvo discurso ni ideolog\u00eda verdadera, ni siquiera en sus tiempos de mayor agresividad&#8230;<\/p>\n","protected":false},"author":1,"featured_media":62112,"comment_status":"closed","ping_status":"closed","sticky":false,"template":"","format":"standard","meta":{"_coblocks_attr":"","_coblocks_dimensions":"","_coblocks_responsive_height":"","_coblocks_accordion_ie_support":"","jetpack_post_was_ever_published":false,"_jetpack_newsletter_access":"","_jetpack_dont_email_post_to_subs":false,"_jetpack_newsletter_tier_id":0,"_jetpack_memberships_contains_paywalled_content":false,"_jetpack_memberships_contains_paid_content":false,"footnotes":"","jetpack_publicize_message":"","jetpack_publicize_feature_enabled":true,"jetpack_social_post_already_shared":false,"jetpack_social_options":{"image_generator_settings":{"template":"highway","default_image_id":0,"enabled":false},"version":2}},"categories":[1161,44,7671,6914,15],"tags":[9548,42],"class_list":["post-62111","post","type-post","status-publish","format-standard","has-post-thumbnail","hentry","category-ciudadania","category-noticias-de-hoy","category-politica","category-opinion-de-reme-sanchez","category-ultimas-noticias","tag-macarena-olona","tag-politica"],"jetpack_publicize_connections":[],"jetpack_featured_media_url":"https:\/\/i0.wp.com\/miradordeatarfe.es\/wp-content\/uploads\/2023\/06\/macarena-olona-y-su-mensaje-en-twitter.jpeg?fit=720%2C480&ssl=1","jetpack_likes_enabled":true,"jetpack_sharing_enabled":true,"_links":{"self":[{"href":"https:\/\/miradordeatarfe.es\/index.php?rest_route=\/wp\/v2\/posts\/62111","targetHints":{"allow":["GET"]}}],"collection":[{"href":"https:\/\/miradordeatarfe.es\/index.php?rest_route=\/wp\/v2\/posts"}],"about":[{"href":"https:\/\/miradordeatarfe.es\/index.php?rest_route=\/wp\/v2\/types\/post"}],"author":[{"embeddable":true,"href":"https:\/\/miradordeatarfe.es\/index.php?rest_route=\/wp\/v2\/users\/1"}],"replies":[{"embeddable":true,"href":"https:\/\/miradordeatarfe.es\/index.php?rest_route=%2Fwp%2Fv2%2Fcomments&post=62111"}],"version-history":[{"count":1,"href":"https:\/\/miradordeatarfe.es\/index.php?rest_route=\/wp\/v2\/posts\/62111\/revisions"}],"predecessor-version":[{"id":62113,"href":"https:\/\/miradordeatarfe.es\/index.php?rest_route=\/wp\/v2\/posts\/62111\/revisions\/62113"}],"wp:featuredmedia":[{"embeddable":true,"href":"https:\/\/miradordeatarfe.es\/index.php?rest_route=\/wp\/v2\/media\/62112"}],"wp:attachment":[{"href":"https:\/\/miradordeatarfe.es\/index.php?rest_route=%2Fwp%2Fv2%2Fmedia&parent=62111"}],"wp:term":[{"taxonomy":"category","embeddable":true,"href":"https:\/\/miradordeatarfe.es\/index.php?rest_route=%2Fwp%2Fv2%2Fcategories&post=62111"},{"taxonomy":"post_tag","embeddable":true,"href":"https:\/\/miradordeatarfe.es\/index.php?rest_route=%2Fwp%2Fv2%2Ftags&post=62111"}],"curies":[{"name":"wp","href":"https:\/\/api.w.org\/{rel}","templated":true}]}}