{"id":62120,"date":"2023-06-11T12:38:46","date_gmt":"2023-06-11T10:38:46","guid":{"rendered":"https:\/\/miradordeatarfe.es\/?p=62120"},"modified":"2023-06-11T12:38:46","modified_gmt":"2023-06-11T10:38:46","slug":"atarfe-geografia-de-nuestro-municipio","status":"publish","type":"post","link":"https:\/\/miradordeatarfe.es\/?p=62120","title":{"rendered":"ATARFE: GEOGRAF\u00cdA DE NUESTRO MUNICIPIO"},"content":{"rendered":"<h3 style=\"text-align: justify;\">Atarfe es uno de los 32 municipios del \u00e1rea metropolitana de la ciudad de Granada, a escasos 10 km de la misma. Pertenece a la comarca Vega-Sierra Elvira. Limita al norte con los municipios de Albolote y Colomera, al este con Maracena y Granada, con Pinos Puente al oeste y con Santa Fe al sur.<\/h3>\n<p style=\"text-align: justify;\">El t\u00e9rmino municipal ocupa 47 km\u00b2, con un per\u00edmetro de 46 km y se estructura en tres n\u00facleos de poblaci\u00f3n: Atarfe (17.750 habitantes, 2015) y los Ba\u00f1os de Sierra Elvira (135 habitantes) se sit\u00faan en la zona sur del t\u00e9rmino municipal, en la Vega del r\u00edo Genil; Caparacena (554 habitantes) se sit\u00faa al norte de la Sierra Elvira, y cercano al rio Cubillas, abarcando las urbanizaciones del Balc\u00f3n del Cubillas, los Cortijos y los Llanos.<br \/>\nGeol\u00f3gicamente se sit\u00faa en el centro de la Depresi\u00f3n de Granada dentro de la unidad Subb\u00e9tica del Sistema B\u00e9tico. Es una de las \u00e1reas de m\u00e1s alta sismicidad de la Andaluc\u00eda y de la Pen\u00ednsula por lo que los terremotos de baja intensidad son relativamente frecuentes. Como ejemplo, destacan los siguientes sismos:<\/p>\n<p style=\"text-align: justify;\"><a href=\"https:\/\/i0.wp.com\/miradordeatarfe.es\/wp-content\/uploads\/2023\/06\/Imagen-de-WhatsApp-2023-06-11-a-las-12.04.23-scaled.jpg?ssl=1\"><img data-recalc-dims=\"1\" loading=\"lazy\" decoding=\"async\" class=\"alignnone wp-image-62121 size-large\" src=\"https:\/\/i0.wp.com\/miradordeatarfe.es\/wp-content\/uploads\/2023\/06\/Imagen-de-WhatsApp-2023-06-11-a-las-12.04.23.jpg?resize=618%2C231&#038;ssl=1\" alt=\"\" width=\"618\" height=\"231\" srcset=\"https:\/\/i0.wp.com\/miradordeatarfe.es\/wp-content\/uploads\/2023\/06\/Imagen-de-WhatsApp-2023-06-11-a-las-12.04.23-scaled.jpg?resize=1024%2C382&amp;ssl=1 1024w, https:\/\/i0.wp.com\/miradordeatarfe.es\/wp-content\/uploads\/2023\/06\/Imagen-de-WhatsApp-2023-06-11-a-las-12.04.23-scaled.jpg?resize=300%2C112&amp;ssl=1 300w, https:\/\/i0.wp.com\/miradordeatarfe.es\/wp-content\/uploads\/2023\/06\/Imagen-de-WhatsApp-2023-06-11-a-las-12.04.23-scaled.jpg?resize=768%2C287&amp;ssl=1 768w, https:\/\/i0.wp.com\/miradordeatarfe.es\/wp-content\/uploads\/2023\/06\/Imagen-de-WhatsApp-2023-06-11-a-las-12.04.23-scaled.jpg?resize=1536%2C573&amp;ssl=1 1536w, https:\/\/i0.wp.com\/miradordeatarfe.es\/wp-content\/uploads\/2023\/06\/Imagen-de-WhatsApp-2023-06-11-a-las-12.04.23-scaled.jpg?resize=2048%2C765&amp;ssl=1 2048w, https:\/\/i0.wp.com\/miradordeatarfe.es\/wp-content\/uploads\/2023\/06\/Imagen-de-WhatsApp-2023-06-11-a-las-12.04.23-scaled.jpg?resize=1320%2C493&amp;ssl=1 1320w, https:\/\/i0.wp.com\/miradordeatarfe.es\/wp-content\/uploads\/2023\/06\/Imagen-de-WhatsApp-2023-06-11-a-las-12.04.23-scaled.jpg?w=1920&amp;ssl=1 1920w\" sizes=\"auto, (max-width: 618px) 100vw, 618px\" \/><\/a><\/p>\n<p style=\"text-align: justify;\">\nEl clima es mediterr\u00e1neo con rasgos de continentalidad y con alta insolaci\u00f3n anual (2935 horas de sol). La temperatura media anual es de 15,1\u00baC con contrastes entre el invierno y el verano, ya que las temperaturas medias del mes m\u00e1s fr\u00edo y del m\u00e1s c\u00e1lido son de 6,4\u00baC y 25,5\u00baC. En cambio, la primavera y el oto\u00f1o son cortos e irregulares y de temperaturas suaves. En invierno la amplitud t\u00e9rmica diaria es alta, con temperaturas mucho m\u00e1s suaves durante el d\u00eda que por la noche, siendo frecuentes las heladas debido a la ausencia de nubosidad. El r\u00e9gimen h\u00eddrico es muy irregular, con a\u00f1os de fuertes sequ\u00edas y otros de una pluviosidad considerablemente mayor a la media. El valor medio de precipitaci\u00f3n entre 1971 y 2000, seg\u00fan datos del aeropuerto de Granada, es de 344 mm por m2. El verano es muy seco, con algunos episodios tormentosos debido a la fuerte evaporaci\u00f3n, mientras que durante el resto del a\u00f1o las lluvias aparecen de forma irregular. Son frecuentes las lluvias torrenciales lo cual provoca erosi\u00f3n en las laderas y que el riesgo de avenidas sea mayor, de ah\u00ed la importancia de conservar la vegetaci\u00f3n. Bioclim\u00e1ticamente Atarfe estar\u00eda incluido dentro del piso Mesomediterr\u00e1neo seco.<\/p>\n<p style=\"text-align: justify;\">Los cursos de agua superficiales principales, discurren al norte del municipio, y son dos: el r\u00edo Colomera, que sigue una direcci\u00f3n N-S y que desemboca en el r\u00edo Cubillas, que sigue una direcci\u00f3n aproximadamente E-W. Ambos forman valles de cierta frondosidad y alto valor ambiental y paisaj\u00edstico. El caudal de estos r\u00edos es muy irregular y viene condicionado por la gran variabilidad de las precipitaciones, siendo m\u00e1ximo en los periodos comprendidos entre los meses de diciembre y febrero. Sin embargo, desde 1956, est\u00e1n regulados por el embalse del Cubillas con una capacidad de 21 Hm\u00b3 y de uso casi exclusivo para los regad\u00edos de la parte septentrional de la Vega. Existen otros cursos secundarios, la mayor\u00eda de tipo estacional que forman peque\u00f1os barrancos. Tanto en las vegas del Genil y del Cubillas es destacable una tupida red de acequias, cursos artificiales que transportan el agua desde los r\u00edos para regar los campos del territorio. En cuanto a las aguas subterr\u00e1neas encontramos dos acu\u00edferos. El de Sierra Elvira es un peque\u00f1o acu\u00edfero k\u00e1rstico que ocupa una extensi\u00f3n de aproximadamente 10 km\u00b2, extendi\u00e9ndose al norte y oeste de Atarfe. Recoge las aguas que se filtran en superficie, pero no existen manantiales. Su car\u00e1cter termal, con temperaturas que oscilan entre los 28 y 32\u00ba C, les confiere un car\u00e1cter apto para el uso en la balneoterapia. El Acu\u00edfero de la Vega de Granada ocupa una extensi\u00f3n de 250 Km\u00b2, posee una circulaci\u00f3n subterr\u00e1nea de direcci\u00f3n y sentido aproximado este-oeste. Corresponde al dep\u00f3sito aluvial del r\u00edo Genil y de sus afluentes de cabecera, que lo alimentan junto con otras aguas de escorrent\u00eda. La descarga se produce por medio de manantiales.<\/p>\n<p style=\"text-align: justify;\">\nCon el fin de caracterizar el territorio de Atarfe distinguiremos cinco Unidades Eco-paisaj\u00edsticas homog\u00e9neas: Sierra Elvira y piedemonte, Vega de Granada, Entorno del Embalse, Regad\u00edos del Cubillas, Llanos del Norte. A continuaci\u00f3n describiremos detalladamente los aspectos que las definen: geomorfolog\u00eda, vegetaci\u00f3n y fauna, suelos, usos el suelo.<\/p>\n<p style=\"text-align: justify;\"><a href=\"https:\/\/i0.wp.com\/miradordeatarfe.es\/wp-content\/uploads\/2023\/06\/IMG_20230611_114656-scaled.jpg?ssl=1\"><img data-recalc-dims=\"1\" loading=\"lazy\" decoding=\"async\" class=\"wp-image-62122 size-large aligncenter\" src=\"https:\/\/i0.wp.com\/miradordeatarfe.es\/wp-content\/uploads\/2023\/06\/IMG_20230611_114656.jpg?resize=618%2C870&#038;ssl=1\" alt=\"\" width=\"618\" height=\"870\" srcset=\"https:\/\/i0.wp.com\/miradordeatarfe.es\/wp-content\/uploads\/2023\/06\/IMG_20230611_114656-scaled.jpg?resize=727%2C1024&amp;ssl=1 727w, https:\/\/i0.wp.com\/miradordeatarfe.es\/wp-content\/uploads\/2023\/06\/IMG_20230611_114656-scaled.jpg?resize=213%2C300&amp;ssl=1 213w, https:\/\/i0.wp.com\/miradordeatarfe.es\/wp-content\/uploads\/2023\/06\/IMG_20230611_114656-scaled.jpg?resize=768%2C1081&amp;ssl=1 768w, https:\/\/i0.wp.com\/miradordeatarfe.es\/wp-content\/uploads\/2023\/06\/IMG_20230611_114656-scaled.jpg?resize=1091%2C1536&amp;ssl=1 1091w, https:\/\/i0.wp.com\/miradordeatarfe.es\/wp-content\/uploads\/2023\/06\/IMG_20230611_114656-scaled.jpg?resize=1454%2C2048&amp;ssl=1 1454w, https:\/\/i0.wp.com\/miradordeatarfe.es\/wp-content\/uploads\/2023\/06\/IMG_20230611_114656-scaled.jpg?resize=1320%2C1859&amp;ssl=1 1320w, https:\/\/i0.wp.com\/miradordeatarfe.es\/wp-content\/uploads\/2023\/06\/IMG_20230611_114656-scaled.jpg?w=1818&amp;ssl=1 1818w\" sizes=\"auto, (max-width: 618px) 100vw, 618px\" \/><\/a><\/p>\n<h3 style=\"text-align: justify;\">Sierra Elvira y Piedemonte<\/h3>\n<p style=\"text-align: justify;\">Se localiza en la zona central del t\u00e9rmino municipal, separando claramente los terrenos de la Depresi\u00f3n de Granada del resto de unidades identificadas en el municipio. Presenta dos cordales, el oriental m\u00e1s escarpado pero de menos altitud con cimas como el Cerro Castillejo (861m), Cerro Colorado y de la Atalaya o Torre\u00f3n (886m), los dos \u00faltimos en el t\u00e9rmino municipal de Albolote; y el occidental o de los Morrones, de relieves m\u00e1s suaves pero de mayor altitud, con los picos de Morr\u00f3n de la Punta (1.045m), Morr\u00f3n de Enmedio (cuya cima es la cota m\u00e1s elevada del municipio con 1.102 metros) y el Cerro del Piorno (1.082 m).Es un macizo de rocas carbonatadas tri\u00e1sicas: calizas y dolom\u00edas, con aparici\u00f3n de dep\u00f3sitos de ladera y abundancia de fen\u00f3menos k\u00e1rsticos. Se conocen gran cantidad de simas, algunas de grandes dimensiones y de inter\u00e9s espeleol\u00f3gico.<\/p>\n<p style=\"text-align: justify;\">Los suelos predominantes son Litosoles en los escarpes de calizas y dolom\u00edas, y cambisoles c\u00e1lcicos en las zonas de piedemonte donde es posible el desarrollo edafol\u00f3gico.<\/p>\n<p style=\"text-align: justify;\">En la cara norte de la Sierra es mayor el crecimiento de una vegetaci\u00f3n de sotobosque de encinar\/chaparral (Quercus ilex\/Quercus coccifera) constitu\u00edda por comunidades subarbustivas de gran cobertura (compuestas b\u00e1sicamente por Retama sphaerocarpa acompa\u00f1ada de Genista cinerea, Cytisus reverchonii, Genista scorpius, Rosmarinus officinalis, Cistus clusii, Thymus granatensis, Centaurea boissieri, etc. La zona sur la ocupa un matorral ralo de menor cobertura donde la inexistencia de suelo, por afloramientos rocosos, unido a la fuerte insolaci\u00f3n, limitan Unidades Eco-paisaj\u00edsticas la vegetaci\u00f3n a especies de escaso porte tales como: Rosmarinus officinalis, Cistus clusii, Stipa tenacissima, Genista scorpius, Thymus zygis, Thymus orospedanus y Phlomis lichnitis.<\/p>\n<p style=\"text-align: justify;\">Es destacable la presencia de varias especies de Orqu\u00eddeas, de gran valor natural\u00edstico. En cuanto a fauna, abundan aves que buscan el roquedo para su nidificaci\u00f3n y peque\u00f1as rapaces, mam\u00edferos como el conejo, la liebre y diversos roedores y una peque\u00f1a poblaci\u00f3n de cabras montesas que comienzan a asentarse sobre todo en la vertiente norte. Las especies de reptiles no son tan numerosas como las de mam\u00edferos y aves, pero no por ello son menos importantes: culebrilla ciega, lagartija colilarga, lagartija cenicienta, lagarto ocelado, culebra bastarda y lisa meridional, salamanquesa. Los lepid\u00f3pteros (mariposas) destacables son dos, la conocida como ni\u00f1a del astr\u00e1galo (Plebejus pylaon hesperica) y la mariposa del espantalobos (Iolana iolas). De gran importancia dado su valor end\u00e9mico y sus caracter\u00edsticas, es el gaster\u00f3podo (caracol) conocido como la Chapa (Iberus gualtieranus gualtieranus).El macizo acoge actividades de canteras de piedra y \u00e1ridos, que han dejado una profunda huella en el paisaje, y se localizan instalaciones recreativas en el entorno de la Ermita de los Tres Juanes. Los olivares ocupan el piedemonte, tanto en la vertiente norte como en la sur, donde el terreno es menos abrupto.<\/p>\n<p><a href=\"https:\/\/i0.wp.com\/miradordeatarfe.es\/wp-content\/uploads\/2023\/06\/SIERR-ELVIRA-Y-PIEDEMONTE-scaled.jpg?ssl=1\"><img data-recalc-dims=\"1\" loading=\"lazy\" decoding=\"async\" class=\"alignnone wp-image-62128 size-full\" src=\"https:\/\/i0.wp.com\/miradordeatarfe.es\/wp-content\/uploads\/2023\/06\/SIERR-ELVIRA-Y-PIEDEMONTE-scaled.jpg?resize=640%2C360&#038;ssl=1\" alt=\"\" width=\"640\" height=\"360\" srcset=\"https:\/\/i0.wp.com\/miradordeatarfe.es\/wp-content\/uploads\/2023\/06\/SIERR-ELVIRA-Y-PIEDEMONTE-scaled.jpg?w=2560&amp;ssl=1 2560w, https:\/\/i0.wp.com\/miradordeatarfe.es\/wp-content\/uploads\/2023\/06\/SIERR-ELVIRA-Y-PIEDEMONTE-scaled.jpg?resize=300%2C169&amp;ssl=1 300w, https:\/\/i0.wp.com\/miradordeatarfe.es\/wp-content\/uploads\/2023\/06\/SIERR-ELVIRA-Y-PIEDEMONTE-scaled.jpg?resize=1024%2C576&amp;ssl=1 1024w, https:\/\/i0.wp.com\/miradordeatarfe.es\/wp-content\/uploads\/2023\/06\/SIERR-ELVIRA-Y-PIEDEMONTE-scaled.jpg?resize=768%2C432&amp;ssl=1 768w, https:\/\/i0.wp.com\/miradordeatarfe.es\/wp-content\/uploads\/2023\/06\/SIERR-ELVIRA-Y-PIEDEMONTE-scaled.jpg?resize=1536%2C865&amp;ssl=1 1536w, https:\/\/i0.wp.com\/miradordeatarfe.es\/wp-content\/uploads\/2023\/06\/SIERR-ELVIRA-Y-PIEDEMONTE-scaled.jpg?resize=2048%2C1153&amp;ssl=1 2048w, https:\/\/i0.wp.com\/miradordeatarfe.es\/wp-content\/uploads\/2023\/06\/SIERR-ELVIRA-Y-PIEDEMONTE-scaled.jpg?resize=1320%2C743&amp;ssl=1 1320w, https:\/\/i0.wp.com\/miradordeatarfe.es\/wp-content\/uploads\/2023\/06\/SIERR-ELVIRA-Y-PIEDEMONTE-scaled.jpg?w=1920&amp;ssl=1 1920w\" sizes=\"auto, (max-width: 640px) 100vw, 640px\" \/><\/a><\/p>\n<h3 style=\"text-align: justify;\">Entorno del Embalse.<\/h3>\n<p style=\"text-align: justify;\">Se encuentra en la mitad norte del t\u00e9rmino municipal, en la zona m\u00e1s oriental del mismo, compartiendo l\u00edmite con el municipio de Albolote. Constituye una zona de suave pendiente, por donde discurr\u00eda el r\u00edo Cubillas, aprovechada para represar el r\u00edo y construir un embalse.<br \/>\nCuenta con materiales ne\u00f3genos y cuaternarios constituidos b\u00e1sicamente por calizas travert\u00ednicas y, en menor medida por margas y conglomerados. Predominan los cambisoles c\u00e1lcicos y en las proximidades del embalse, en lugares encharcados, existen suelos que presentan caracter\u00edsticas de hidromorfismo.<br \/>\nGran parte de la superficie de esta zona est\u00e1 ocupada por una gran masa de pinares de repoblaci\u00f3n de Pinus halepensis (pino carrasco); y en los claros del pinar aparecen especies heli\u00f3filas pertenecientes a la serie de degradaci\u00f3n del encinar mediterr\u00e1neo.<br \/>\nPeque\u00f1os mam\u00edferos y aves buscan su refugio en los pinares que rodean el embalse y encontramos anfibios, ligados a la presencia de la l\u00e1mina de agua, as\u00ed como distintas especies de ictiofauna que encuentran en el pantano su medio natural.<br \/>\nRespecto a los usos predominantes hay instalaciones deportivas para la pr\u00e1ctica de deportes n\u00e1uticos as\u00ed como otras infraestructuras de servicios que consolidan a la zona como centro de actividades l\u00fadicas principalmente los fines de semana.<\/p>\n<p><a href=\"https:\/\/i0.wp.com\/miradordeatarfe.es\/wp-content\/uploads\/2023\/06\/IMG_20230611_114724.jpg?ssl=1\"><img data-recalc-dims=\"1\" loading=\"lazy\" decoding=\"async\" class=\"alignnone wp-image-62124 size-full\" src=\"https:\/\/i0.wp.com\/miradordeatarfe.es\/wp-content\/uploads\/2023\/06\/IMG_20230611_114724.jpg?resize=640%2C609&#038;ssl=1\" alt=\"\" width=\"640\" height=\"609\" srcset=\"https:\/\/i0.wp.com\/miradordeatarfe.es\/wp-content\/uploads\/2023\/06\/IMG_20230611_114724.jpg?w=2244&amp;ssl=1 2244w, https:\/\/i0.wp.com\/miradordeatarfe.es\/wp-content\/uploads\/2023\/06\/IMG_20230611_114724.jpg?resize=300%2C286&amp;ssl=1 300w, https:\/\/i0.wp.com\/miradordeatarfe.es\/wp-content\/uploads\/2023\/06\/IMG_20230611_114724.jpg?resize=1024%2C975&amp;ssl=1 1024w, https:\/\/i0.wp.com\/miradordeatarfe.es\/wp-content\/uploads\/2023\/06\/IMG_20230611_114724.jpg?resize=768%2C731&amp;ssl=1 768w, https:\/\/i0.wp.com\/miradordeatarfe.es\/wp-content\/uploads\/2023\/06\/IMG_20230611_114724.jpg?resize=1536%2C1462&amp;ssl=1 1536w, https:\/\/i0.wp.com\/miradordeatarfe.es\/wp-content\/uploads\/2023\/06\/IMG_20230611_114724.jpg?resize=2048%2C1949&amp;ssl=1 2048w, https:\/\/i0.wp.com\/miradordeatarfe.es\/wp-content\/uploads\/2023\/06\/IMG_20230611_114724.jpg?resize=1320%2C1256&amp;ssl=1 1320w, https:\/\/i0.wp.com\/miradordeatarfe.es\/wp-content\/uploads\/2023\/06\/IMG_20230611_114724.jpg?w=1920&amp;ssl=1 1920w\" sizes=\"auto, (max-width: 640px) 100vw, 640px\" \/><\/a><\/p>\n<h3 style=\"text-align: justify;\">Vega de Granada.<\/h3>\n<p style=\"text-align: justify;\">Se localiza a los pies del macizo de Sierra Elvira, al sur del n\u00facleo urbano extendi\u00e9ndose hasta el l\u00edmite municipal con Santa Fe y Pinos Puente, y pr\u00f3ximo al r\u00edo Genil. Se trata de una llanura aluvial que conforma el borde de la Depresi\u00f3n de Granada. Presenta una topograf\u00eda pr\u00e1cticamente llana (a unos 574 metros de altitud) y los materiales que la constituyen son de naturaleza detr\u00edtica, predominantemente aluviales pliocuaternarios. Los suelos que integran esta unidad, dada su g\u00e9nesis, son ricos y f\u00e9rtiles; los constituyen fluvisoles calc\u00e1ricos con alto \u00edndice de materia org\u00e1nica muy aptos para el aprovechamiento hidrol\u00f3gico.<br \/>\nConsecuencia de la fuerte antropizaci\u00f3n del \u00e1rea, la casi totalidad de la vegetaci\u00f3n aut\u00f3ctona (esencialmente frondosas como fresnos y \u00e1lamos y algunos encinares) se encuentra esquilmada.<br \/>\nLa fauna la componen peque\u00f1os mam\u00edferos roedores asociados a las explotaciones agr\u00edcolas y a los asentamientos urbanos, al igual que especies comunes de aves especializadas en buscar su alimento en las tierras de labor.<br \/>\nDada la presencia de agua y la riqueza de suelos, predomina el aprovechamiento agr\u00edcola de cultivos de regad\u00edo y choperas. La madera se destina principalmente a las industrias de envases y embalajes.<br \/>\n<a href=\"https:\/\/i0.wp.com\/miradordeatarfe.es\/wp-content\/uploads\/2023\/06\/VEGA-ATARFE.jpg?ssl=1\"><img data-recalc-dims=\"1\" loading=\"lazy\" decoding=\"async\" class=\"alignnone wp-image-62125 size-full\" src=\"https:\/\/i0.wp.com\/miradordeatarfe.es\/wp-content\/uploads\/2023\/06\/VEGA-ATARFE.jpg?resize=640%2C253&#038;ssl=1\" alt=\"\" width=\"640\" height=\"253\" srcset=\"https:\/\/i0.wp.com\/miradordeatarfe.es\/wp-content\/uploads\/2023\/06\/VEGA-ATARFE.jpg?w=2035&amp;ssl=1 2035w, https:\/\/i0.wp.com\/miradordeatarfe.es\/wp-content\/uploads\/2023\/06\/VEGA-ATARFE.jpg?resize=300%2C118&amp;ssl=1 300w, https:\/\/i0.wp.com\/miradordeatarfe.es\/wp-content\/uploads\/2023\/06\/VEGA-ATARFE.jpg?resize=1024%2C404&amp;ssl=1 1024w, https:\/\/i0.wp.com\/miradordeatarfe.es\/wp-content\/uploads\/2023\/06\/VEGA-ATARFE.jpg?resize=768%2C303&amp;ssl=1 768w, https:\/\/i0.wp.com\/miradordeatarfe.es\/wp-content\/uploads\/2023\/06\/VEGA-ATARFE.jpg?resize=1536%2C606&amp;ssl=1 1536w, https:\/\/i0.wp.com\/miradordeatarfe.es\/wp-content\/uploads\/2023\/06\/VEGA-ATARFE.jpg?resize=1320%2C521&amp;ssl=1 1320w, https:\/\/i0.wp.com\/miradordeatarfe.es\/wp-content\/uploads\/2023\/06\/VEGA-ATARFE.jpg?w=1920&amp;ssl=1 1920w\" sizes=\"auto, (max-width: 640px) 100vw, 640px\" \/><\/a><\/p>\n<h3 style=\"text-align: justify;\">\nRegad\u00edos del Cubillas.<\/h3>\n<p style=\"text-align: justify;\">Bordea la falda norte de Sierra Elvira hasta llegar al Embalse del Cubillas y est\u00e1 formada por el cauce del r\u00edo y terrazas fluviales en sus m\u00e1rgenes. Esencialmente encontramos materiales aluviales constituidos por cantos, gravas y arenas. Por la naturaleza de sus materiales podr\u00eda considerarse que posee comportamiento de acu\u00edfero. Los suelos que integran esta unidad, dada su g\u00e9nesis, son ricos y f\u00e9rtiles; los constituyen fluvisoles calc\u00e1ricos con alto \u00edndice de materia org\u00e1nica muy aptos para el aprovechamiento hidrol\u00f3gico. Dada la existencia de un curso de agua permanente la vegetaci\u00f3n existente es la m\u00e1s cercana a la clim\u00e1cica de un bosque galer\u00eda. Como consecuencia de la acci\u00f3n antr\u00f3pica la serie de vegetaci\u00f3n correspondiente no posee una estratificaci\u00f3n clara, pero el bosque resultante puede considerarse bien desarrollado, con \u00e1lamos y fresnos como especies caracter\u00edsticas. Encontramos anfibios, reptiles, y un grupo reducido de aves cuyo h\u00e1bitat se encuentra \u00edntimamente ligado a los cursos de agua. Al ser suelos ricos predominan los cultivos de regad\u00edo, huertas y choperas.<\/p>\n<p><a href=\"https:\/\/i0.wp.com\/miradordeatarfe.es\/wp-content\/uploads\/2023\/06\/REGADIOS-DEL-CUBILLAS.jpg?ssl=1\"><img data-recalc-dims=\"1\" loading=\"lazy\" decoding=\"async\" class=\"alignnone wp-image-62126 size-full\" src=\"https:\/\/i0.wp.com\/miradordeatarfe.es\/wp-content\/uploads\/2023\/06\/REGADIOS-DEL-CUBILLAS.jpg?resize=640%2C203&#038;ssl=1\" alt=\"\" width=\"640\" height=\"203\" srcset=\"https:\/\/i0.wp.com\/miradordeatarfe.es\/wp-content\/uploads\/2023\/06\/REGADIOS-DEL-CUBILLAS.jpg?w=1554&amp;ssl=1 1554w, https:\/\/i0.wp.com\/miradordeatarfe.es\/wp-content\/uploads\/2023\/06\/REGADIOS-DEL-CUBILLAS.jpg?resize=300%2C95&amp;ssl=1 300w, https:\/\/i0.wp.com\/miradordeatarfe.es\/wp-content\/uploads\/2023\/06\/REGADIOS-DEL-CUBILLAS.jpg?resize=1024%2C325&amp;ssl=1 1024w, https:\/\/i0.wp.com\/miradordeatarfe.es\/wp-content\/uploads\/2023\/06\/REGADIOS-DEL-CUBILLAS.jpg?resize=768%2C244&amp;ssl=1 768w, https:\/\/i0.wp.com\/miradordeatarfe.es\/wp-content\/uploads\/2023\/06\/REGADIOS-DEL-CUBILLAS.jpg?resize=1536%2C487&amp;ssl=1 1536w, https:\/\/i0.wp.com\/miradordeatarfe.es\/wp-content\/uploads\/2023\/06\/REGADIOS-DEL-CUBILLAS.jpg?resize=1320%2C419&amp;ssl=1 1320w\" sizes=\"auto, (max-width: 640px) 100vw, 640px\" \/><\/a><\/p>\n<h3 style=\"text-align: justify;\">\nLlanos del Norte.<\/h3>\n<p style=\"text-align: justify;\">\nEsta unidad se localiza en el tercio norte del t\u00e9rmino municipal, abarcando la totalidad de los Llanos de Silva y los glacis de Caparacena. El conjunto presenta un relieve tabular con topograf\u00eda alomada hacia el encajamiento de r\u00edo Colomera y el barranco del Negro.<br \/>\nEst\u00e1 formado por materiales ne\u00f3geno-cuaternarios constituidos por cantos, gravas y arenas con inclusiones de margas y arcillas. Los suelos son pobres.<br \/>\nLa vegetaci\u00f3n natural se encuentra fuertemente degradada por los procesos de roturaci\u00f3n a los que se han visto sometidas las tierras de esta unidad. Los restos de los distintos estadios de vegetaci\u00f3n presentes en el \u00e1rea est\u00e1n constituidos por chaparral acompa\u00f1ado de pies sueltos de encina y arom\u00e1ticas como el tomillar.<br \/>\nRespecto a los usos, ocupan gran parte del terreno los cultivos de olivar y en menor medida explotaciones extensivas de cereal. Tambi\u00e9n hay presencia de ganader\u00eda extensiva.<\/p>\n<p style=\"text-align: justify;\"><a href=\"https:\/\/i0.wp.com\/miradordeatarfe.es\/wp-content\/uploads\/2023\/06\/LLANOS-DEL-NORTE.jpg?ssl=1\"><img data-recalc-dims=\"1\" loading=\"lazy\" decoding=\"async\" class=\"alignnone wp-image-62127 size-full\" src=\"https:\/\/i0.wp.com\/miradordeatarfe.es\/wp-content\/uploads\/2023\/06\/LLANOS-DEL-NORTE.jpg?resize=640%2C394&#038;ssl=1\" alt=\"\" width=\"640\" height=\"394\" srcset=\"https:\/\/i0.wp.com\/miradordeatarfe.es\/wp-content\/uploads\/2023\/06\/LLANOS-DEL-NORTE.jpg?w=1569&amp;ssl=1 1569w, https:\/\/i0.wp.com\/miradordeatarfe.es\/wp-content\/uploads\/2023\/06\/LLANOS-DEL-NORTE.jpg?resize=300%2C185&amp;ssl=1 300w, https:\/\/i0.wp.com\/miradordeatarfe.es\/wp-content\/uploads\/2023\/06\/LLANOS-DEL-NORTE.jpg?resize=1024%2C631&amp;ssl=1 1024w, https:\/\/i0.wp.com\/miradordeatarfe.es\/wp-content\/uploads\/2023\/06\/LLANOS-DEL-NORTE.jpg?resize=768%2C473&amp;ssl=1 768w, https:\/\/i0.wp.com\/miradordeatarfe.es\/wp-content\/uploads\/2023\/06\/LLANOS-DEL-NORTE.jpg?resize=1536%2C947&amp;ssl=1 1536w, https:\/\/i0.wp.com\/miradordeatarfe.es\/wp-content\/uploads\/2023\/06\/LLANOS-DEL-NORTE.jpg?resize=1320%2C814&amp;ssl=1 1320w\" sizes=\"auto, (max-width: 640px) 100vw, 640px\" \/><\/a><\/p>\n<p>DEL LIBRO:<\/p>\n<p>ATARFE PATRIMONIO CULTURAL Y NATURAL<\/p>\n<p>Por\u00a0 Francisca L\u00f3pez Prados, I\u00f1aki nieva Pardo y Manuel Guerrero Jim\u00e9nez<\/p>\n<p>Editado por Ayuntamiento de Atarfe ( 2015)<\/p>\n","protected":false},"excerpt":{"rendered":"<p>Atarfe es uno de los 32 municipios del \u00e1rea metropolitana de la ciudad de Granada,&#8230;<\/p>\n","protected":false},"author":1,"featured_media":62129,"comment_status":"closed","ping_status":"closed","sticky":false,"template":"","format":"standard","meta":{"_coblocks_attr":"","_coblocks_dimensions":"","_coblocks_responsive_height":"","_coblocks_accordion_ie_support":"","jetpack_post_was_ever_published":false,"_jetpack_newsletter_access":"","_jetpack_dont_email_post_to_subs":false,"_jetpack_newsletter_tier_id":0,"_jetpack_memberships_contains_paywalled_content":false,"_jetpack_memberships_contains_paid_content":false,"footnotes":"","jetpack_publicize_message":"","jetpack_publicize_feature_enabled":true,"jetpack_social_post_already_shared":false,"jetpack_social_options":{"image_generator_settings":{"template":"highway","default_image_id":0,"enabled":false},"version":2}},"categories":[2,6916,1161,1225,44,15],"tags":[81,10461],"class_list":["post-62120","post","type-post","status-publish","format-standard","has-post-thumbnail","hentry","category-atarfe","category-ayuntamiento-de-atarfe","category-ciudadania","category-ha-de-atarfe","category-noticias-de-hoy","category-ultimas-noticias","tag-atarfe","tag-patrimonio-natural"],"jetpack_publicize_connections":[],"jetpack_featured_media_url":"https:\/\/i0.wp.com\/miradordeatarfe.es\/wp-content\/uploads\/2023\/06\/IMG_20230611_114707-scaled.jpg?fit=2560%2C552&ssl=1","jetpack_likes_enabled":true,"jetpack_sharing_enabled":true,"_links":{"self":[{"href":"https:\/\/miradordeatarfe.es\/index.php?rest_route=\/wp\/v2\/posts\/62120","targetHints":{"allow":["GET"]}}],"collection":[{"href":"https:\/\/miradordeatarfe.es\/index.php?rest_route=\/wp\/v2\/posts"}],"about":[{"href":"https:\/\/miradordeatarfe.es\/index.php?rest_route=\/wp\/v2\/types\/post"}],"author":[{"embeddable":true,"href":"https:\/\/miradordeatarfe.es\/index.php?rest_route=\/wp\/v2\/users\/1"}],"replies":[{"embeddable":true,"href":"https:\/\/miradordeatarfe.es\/index.php?rest_route=%2Fwp%2Fv2%2Fcomments&post=62120"}],"version-history":[{"count":1,"href":"https:\/\/miradordeatarfe.es\/index.php?rest_route=\/wp\/v2\/posts\/62120\/revisions"}],"predecessor-version":[{"id":62130,"href":"https:\/\/miradordeatarfe.es\/index.php?rest_route=\/wp\/v2\/posts\/62120\/revisions\/62130"}],"wp:featuredmedia":[{"embeddable":true,"href":"https:\/\/miradordeatarfe.es\/index.php?rest_route=\/wp\/v2\/media\/62129"}],"wp:attachment":[{"href":"https:\/\/miradordeatarfe.es\/index.php?rest_route=%2Fwp%2Fv2%2Fmedia&parent=62120"}],"wp:term":[{"taxonomy":"category","embeddable":true,"href":"https:\/\/miradordeatarfe.es\/index.php?rest_route=%2Fwp%2Fv2%2Fcategories&post=62120"},{"taxonomy":"post_tag","embeddable":true,"href":"https:\/\/miradordeatarfe.es\/index.php?rest_route=%2Fwp%2Fv2%2Ftags&post=62120"}],"curies":[{"name":"wp","href":"https:\/\/api.w.org\/{rel}","templated":true}]}}