{"id":62170,"date":"2023-06-12T08:11:20","date_gmt":"2023-06-12T06:11:20","guid":{"rendered":"https:\/\/miradordeatarfe.es\/?p=62170"},"modified":"2023-06-11T21:08:46","modified_gmt":"2023-06-11T19:08:46","slug":"los-trabajos-para-exhumar-a-las-victimas-de-cuelgamuros-reclamadas-por-sus-familias-comienzan-este-lunes","status":"publish","type":"post","link":"https:\/\/miradordeatarfe.es\/?p=62170","title":{"rendered":"Los trabajos para exhumar a las v\u00edctimas de Cuelgamuros reclamadas por sus familias han comenzado"},"content":{"rendered":"<h3 style=\"text-align: justify;\">Tras a\u00f1os de espera y de lucha de los familiares de las v\u00edctimas de la guerra y la dictadura franquista, los t\u00e9cnicos empezar\u00e1n la identificaci\u00f3n de los restos de las personas enterradas en las criptas<\/h3>\n<div accesskey=\"1\" class=\"row row-news\" style=\"text-align: justify;\">\n<div class=\"container\">\n<div class=\"row-sumary\">\n<div id=\"ctl00_PlaceHolderMain_DisplayMode_noticia_divSummary\" class=\"banner-top-content slider-content\">\n<p>Las actuaciones se desarrollar\u00e1n de acuerdo a un plan impulsado desde el Ministerio de la Presidencia, Relaciones con las Cortes y Memoria Democr\u00e1tica, junto a Patrimonio Nacional.<\/p>\n<\/div>\n<\/div>\n<\/div>\n<\/div>\n<div id=\"ContentDetail\" class=\"row row-wrapper-content\">\n<div class=\"container\">\n<div id=\"MainContent\" class=\"column-content colum-content-news two-colum\">\n<p style=\"text-align: justify;\">Los trabajos para exhumar, a petici\u00f3n de sus familias, los restos de <em><strong>118 v\u00edctimas de la guerra,<\/strong><\/em> se han reanudado este lunes en el Valle de Cuelgamuros. La reanudaci\u00f3n se produce tras la paralizaci\u00f3n que supusieron las medidas cautelares impuestas por el juzgado n\u00ba 10 de Madrid ante los diversos recursos presentados.<\/p>\n<p style=\"text-align: justify;\">Una vez levantadas las medidas cautelares por parte del TSJM el pasado mes de julio y despu\u00e9s de que el Ayuntamiento de San Lorenzo de El Escorial estableciese que el consistorio no tenia competencia para suspender la licencia de obra, desde Patrimonio Nacional se ha procedido a reanudar los trabajos para terminar as\u00ed con el sufrimiento que esta situaci\u00f3n estaba ocasionando a los familiares de las v\u00edctimas.<\/p>\n<p style=\"text-align: justify;\">De acuerdo con la voluntad decidida del Gobierno de Espa\u00f1a de colocar a las v\u00edctimas de la guerra y la dictadura en el centro de la acci\u00f3n del Ejecutivo en materia de memoria, y con el objetivo de reparar cuanto antes el dolor de quienes llevan d\u00e9cadas intentando recuperar los restos de sus seres queridos para darles una sepultura digna, el Ministerio de la Presidencia, Relaciones con las Cortes y Memoria Democr\u00e1tica ha establecido, junto con Patrimonio Nacional, un plan dotado con 650.000 euros con el que dar respuesta a la solicitud de los familiares y a su voluntad de recuperar los restos inhumados en el Valle.<\/p>\n<p style=\"text-align: justify;\">Este plan tiene el aval del Consejo M\u00e9dico Forense y cuenta con los medios materiales necesarios para llevar a cabo las labores de localizaci\u00f3n y extracci\u00f3n, as\u00ed como con los medios humanos y profesionales especializados en materia de antropolog\u00eda forense. De esta forma se garantiza la adecuada proporcionalidad entre los medios necesarios y los resultados que se pretenden alcanzar, sin crear falsas expectativas dada la complejidad de los trabajos, derivada del estado de los enterramientos.<\/p>\n<p style=\"text-align: justify;\">El equipo forense encargado de esta investigaci\u00f3n, de alta cualificaci\u00f3n y experiencia, actuar\u00e1 de conformidad a principios \u00e9ticos y deontol\u00f3gicos propios de las Ciencias Forenses y aplicando metodolog\u00edas y protocolos universalmente reconocidos. Tras las primeras apreciaciones de car\u00e1cter forense, se llevar\u00e1n a cabo, siempre en las propias dependencias de la Bas\u00edlica, los an\u00e1lisis antropol\u00f3gicos y la toma de muestras que ser\u00e1n despu\u00e9s utilizadas para los an\u00e1lisis gen\u00e9ticos, a cargo del Instituto Nacional de Toxicolog\u00eda y Ciencias Forenses de Madrid, dependiente del Ministerio de Justicia.<\/p>\n<p style=\"text-align: justify;\">Una vez sean identificados los restos que hayan sido requeridos por los familiares de las v\u00edctimas, se proceder\u00e1 a elaborar los correspondientes informes t\u00e9cnicos forenses para llevar a cabo la entrega de estos a las familias. Est\u00e1 previsto tambi\u00e9n que aquellos restos que no sean objeto de devoluci\u00f3n a sus familiares por no haber sido establecida su identidad sean retornados al correspondiente columbario.<\/p>\n<p style=\"text-align: justify;\">En todo momento el procedimiento estar\u00e1 guiado por criterios de car\u00e1cter t\u00e9cnico y forense y el plan se desarrollar\u00e1 de acuerdo con el cumplimiento de los principios de legitimidad, legalidad, respeto y confidencialidad.<\/p>\n<p style=\"text-align: justify;\">Los trabajos ser\u00e1n desarrollados desde Patrimonio Nacional, y est\u00e1n financiados con un fondo de 650.000 euros procedentes del Ministerio de la Presidencia, Relaciones con las Cortes y Memoria Democr\u00e1tica.<\/p>\n<\/div>\n<\/div>\n<\/div>\n<p>FOTO: <span class=\"title\">Complejo monumental del Valle de Cuelgamuros. <span class=\"author\"> A. P\u00e9rez Meca &#8211; Europa Press &#8211; Archivo<\/span><\/span><\/p>\n<p>https:\/\/www.lamoncloa.gob.es\/serviciosdeprensa\/notasprensa\/mpresidencia14\/Paginas\/2022\/reanudacion-exhumacion-valle-de-cuelgamuros.aspx<\/p>\n","protected":false},"excerpt":{"rendered":"<p>Tras a\u00f1os de espera y de lucha de los familiares de las v\u00edctimas de la&#8230;<\/p>\n","protected":false},"author":1,"featured_media":62171,"comment_status":"closed","ping_status":"closed","sticky":false,"template":"","format":"standard","meta":{"_coblocks_attr":"","_coblocks_dimensions":"","_coblocks_responsive_height":"","_coblocks_accordion_ie_support":"","jetpack_post_was_ever_published":false,"_jetpack_newsletter_access":"","_jetpack_dont_email_post_to_subs":false,"_jetpack_newsletter_tier_id":0,"_jetpack_memberships_contains_paywalled_content":false,"_jetpack_memberships_contains_paid_content":false,"footnotes":"","jetpack_publicize_message":"","jetpack_publicize_feature_enabled":true,"jetpack_social_post_already_shared":false,"jetpack_social_options":{"image_generator_settings":{"template":"highway","default_image_id":0,"enabled":false},"version":2}},"categories":[1161,44,7671,6937,15],"tags":[10470,10469,2474],"class_list":["post-62170","post","type-post","status-publish","format-standard","has-post-thumbnail","hentry","category-ciudadania","category-noticias-de-hoy","category-politica","category-sociedad","category-ultimas-noticias","tag-118-victimas","tag-cuelgamuros","tag-exhumar"],"jetpack_publicize_connections":[],"jetpack_featured_media_url":"https:\/\/i0.wp.com\/miradordeatarfe.es\/wp-content\/uploads\/2023\/06\/ed961318-931b-4336-8f70-f1ebdf66c10d_16-9-discover-aspect-ratio_default_0.webp?fit=1200%2C675&ssl=1","jetpack_likes_enabled":true,"jetpack_sharing_enabled":true,"_links":{"self":[{"href":"https:\/\/miradordeatarfe.es\/index.php?rest_route=\/wp\/v2\/posts\/62170","targetHints":{"allow":["GET"]}}],"collection":[{"href":"https:\/\/miradordeatarfe.es\/index.php?rest_route=\/wp\/v2\/posts"}],"about":[{"href":"https:\/\/miradordeatarfe.es\/index.php?rest_route=\/wp\/v2\/types\/post"}],"author":[{"embeddable":true,"href":"https:\/\/miradordeatarfe.es\/index.php?rest_route=\/wp\/v2\/users\/1"}],"replies":[{"embeddable":true,"href":"https:\/\/miradordeatarfe.es\/index.php?rest_route=%2Fwp%2Fv2%2Fcomments&post=62170"}],"version-history":[{"count":3,"href":"https:\/\/miradordeatarfe.es\/index.php?rest_route=\/wp\/v2\/posts\/62170\/revisions"}],"predecessor-version":[{"id":62174,"href":"https:\/\/miradordeatarfe.es\/index.php?rest_route=\/wp\/v2\/posts\/62170\/revisions\/62174"}],"wp:featuredmedia":[{"embeddable":true,"href":"https:\/\/miradordeatarfe.es\/index.php?rest_route=\/wp\/v2\/media\/62171"}],"wp:attachment":[{"href":"https:\/\/miradordeatarfe.es\/index.php?rest_route=%2Fwp%2Fv2%2Fmedia&parent=62170"}],"wp:term":[{"taxonomy":"category","embeddable":true,"href":"https:\/\/miradordeatarfe.es\/index.php?rest_route=%2Fwp%2Fv2%2Fcategories&post=62170"},{"taxonomy":"post_tag","embeddable":true,"href":"https:\/\/miradordeatarfe.es\/index.php?rest_route=%2Fwp%2Fv2%2Ftags&post=62170"}],"curies":[{"name":"wp","href":"https:\/\/api.w.org\/{rel}","templated":true}]}}