{"id":62178,"date":"2023-06-15T09:49:06","date_gmt":"2023-06-15T07:49:06","guid":{"rendered":"https:\/\/miradordeatarfe.es\/?p=62178"},"modified":"2023-06-11T21:52:04","modified_gmt":"2023-06-11T19:52:04","slug":"sumar-arranca","status":"publish","type":"post","link":"https:\/\/miradordeatarfe.es\/?p=62178","title":{"rendered":"Sumar arranca"},"content":{"rendered":"<h3 class=\"a_st\">Por primera vez una coalici\u00f3n electoral agrupa a la mayor\u00eda de partidos a la izquierda del PSOE en unas elecciones generales<\/h3>\n<p class=\"\" style=\"text-align: justify;\">Pasadas las 20.30 del viernes llegaba a la Junta Electoral <a href=\"https:\/\/elpais.com\/espana\/elecciones-generales\/2023-06-09\/sumar-sella-la-coalicion-con-una-quincena-de-partidos-incluido-podemos-y-sin-montero.html\" target=\"_blank\" rel=\"noopener\" data-link-track-dtm=\"\">el documento con las firmas de los 16 partidos coaligados bajo el Movimiento Sumar, incluida la de Podemos<\/a>. No hab\u00eda sucedido nunca en los m\u00e1s de 40 a\u00f1os de democracia que las diversas izquierdas territoriales, alternativas y ecologistas encontrasen la sinton\u00eda y la motivaci\u00f3n pol\u00edtica para concurrir de forma conjunta a unas elecciones generales. Y traslada tambi\u00e9n la plena conciencia de que las lecciones de los comicios municipales y auton\u00f3micos del 28 de mayo han sido atendidas. La primera de ellas es que la atomizaci\u00f3n de partidos dilapida los votos y la consecuencia puede ser tan gravosa como la p\u00e9rdida para la izquierda del considerable poder territorial que se produjo en esa fecha. <a href=\"https:\/\/elpais.com\/espana\/elecciones-generales\/2023-06-10\/que-partidos-han-pactado-con-sumar-quien-es-quien-en-las-confluencias-de-la-izquierda.html\" target=\"_blank\" rel=\"noopener\" data-link-track-dtm=\"\">El eterno clamor de la uni\u00f3n de las izquierdas a la izquierda del PSOE <\/a>ha encontrado respuesta despu\u00e9s de darse de bruces contra unos resultados catastr\u00f3ficos en unos casos y mejorables en todos.<\/p>\n<p class=\"\" style=\"text-align: justify;\">Pero esa mirada rasa no basta para entender la tarea enorme que tiene por delante el Movimiento Sumar: Yolanda D\u00edaz ha encarnado la renovaci\u00f3n actualizada de la izquierda post 15-M, una d\u00e9cada despu\u00e9s de pasar de la calle a las instituciones y con un bagaje de gesti\u00f3n personal m\u00e1s que notable en el primer Gobierno de coalici\u00f3n que ha tenido Espa\u00f1a en democracia. Ahora debe traducirlo en el programa para unas elecciones generales y <a href=\"https:\/\/elpais.com\/espana\/2023-06-11\/ernest-urtasun-de-los-despachos-de-la-eurocamara-a-la-arena-de-una-campana-electoral.html\" target=\"_blank\" rel=\"noopener\" data-link-track-dtm=\"\">en equipos capaces de transmitir solvencia, una idea de pa\u00eds y un modelo de sociedad<\/a> donde las demandas de la mayor\u00eda en mejoras salariales, vivienda, sanidad, educaci\u00f3n o justicia centren la atenci\u00f3n pol\u00edtica en un contexto todav\u00eda muy inestable, pese a los buenos datos de crecimiento econ\u00f3mico que puede exhibir el Gobierno. A<a href=\"https:\/\/elpais.com\/espana\/2022-07-08\/yolanda-diaz-presenta-sumar-su-proceso-de-escucha-ciudadano.html\" target=\"_blank\" rel=\"noopener\" data-link-track-dtm=\"\"> D\u00edaz le ha llegado la hora de pasar del proceso de escuchar, del trabajoso y silente camino de aunar voluntades muy dispersas,<\/a> a empezar a liderar p\u00fablicamente las decisiones que ha tomado al crear el Movimiento Sumar y concretar una oferta electoral que deje atr\u00e1s los atascos negociadores y evite que cale en su electorado el desenga\u00f1o y la melancol\u00eda de haberse asomado durante la \u00faltima semana a las tripas y la miseria de la negociaci\u00f3n pol\u00edtica.<\/p>\n<p class=\"\" style=\"text-align: justify;\">Con todo el ruido del que suele acompa\u00f1arse, <a href=\"https:\/\/elpais.com\/espana\/2023-06-10\/belarra-dice-que-decidio-firmar-el-pacto-con-sumar-sin-acuerdo-por-la-amenaza-de-quedarse-fuera-de-la-plataforma.html\" target=\"_blank\" rel=\"noopener\" data-link-track-dtm=\"\">Podemos ha firmado tambi\u00e9n el acuerdo pol\u00edtico para integrarse en Sumar. <\/a>El partido morado ha tenido que digerir un tr\u00e1nsito muy r\u00e1pido que lo ha llevado de aglutinar hasta 71 diputados en las elecciones de 2015 a resultados ag\u00f3nicos en las \u00faltimas elecciones auton\u00f3micas y municipales. Concurrir solos el 23-J pod\u00eda ser un suicidio pol\u00edtico para una dirigencia que no ha encontrado la manera de conservar su electorado en el nuevo ciclo pol\u00edtico. El precio ha sido alto: en votos y en desgaste de sus l\u00edderes, cada vez m\u00e1s aislados social y pol\u00edticamente. La todav\u00eda <a href=\"https:\/\/elpais.com\/sociedad\/2023-06-09\/irene-montero-en-el-corazon-de-la-discordia.html\" target=\"_blank\" rel=\"noopener\" data-link-track-dtm=\"\">ministra de Igualdad, Irene Montero, no va en las listas de candidatos<\/a> que ha firmado Podemos con Sumar. La gesti\u00f3n de los efectos indeseados de la <i>ley del solo s\u00ed es s\u00ed <\/i>fue impropia de un gobernante que descubre demasiado tarde un error t\u00e9cnico de car\u00e1cter jur\u00eddico en una ley crucial para su propio ministerio, para el Gobierno de coalici\u00f3n y tambi\u00e9n para el electorado que lo respalda. Y que ignora el contexto en el que desarrolla su acci\u00f3n pol\u00edtica. Prolongar ahora la reivindicaci\u00f3n de su inclusi\u00f3n en las listas hasta que se cierre el plazo el d\u00eda 19, como est\u00e1 haciendo Podemos, solo da\u00f1a la campa\u00f1a de la coalici\u00f3n en la que se han integrado.<\/p>\n<p class=\"\" style=\"text-align: justify;\">Las expectativas que Sumar sea capaz de inyectar en su electorado no dependen ya de quienes no est\u00e1n sino de quienes s\u00ed est\u00e1n.<a href=\"https:\/\/elpais.com\/espana\/2023-06-10\/diaz-celebra-el-acuerdo-de-sumar-y-elude-el-conflicto-con-podemos-espana-queria-que-nos-dieramos-la-mano.html\" target=\"_blank\" rel=\"noopener\" data-link-track-dtm=\"\"> El reto es enorme porque se trata de entusiasmar a los electorados de 16 formaciones <\/a>con una idea com\u00fan de pa\u00eds y gestionar despu\u00e9s la pluralidad de ese grupo parlamentario.<\/p>\n<p>EL PAIS<\/p>\n<p>FOTO: La l\u00edder de Sumar y vicepresidenta segunda del Gobierno, Yolanda D\u00edaz, presenta el acuerdo de coalici\u00f3n, ayer en Madrid. <span class=\"a_m_m\">Foto: GUSTAVO VALIENTE &#8211; EUROPA PRESS (EUROPA PRESS)<\/span><\/p>\n<p>https:\/\/elpais.com\/opinion\/2023-06-11\/sumar-arranca.html<\/p>\n","protected":false},"excerpt":{"rendered":"<p>Por primera vez una coalici\u00f3n electoral agrupa a la mayor\u00eda de partidos a la izquierda&#8230;<\/p>\n","protected":false},"author":1,"featured_media":62179,"comment_status":"closed","ping_status":"closed","sticky":false,"template":"","format":"standard","meta":{"_coblocks_attr":"","_coblocks_dimensions":"","_coblocks_responsive_height":"","_coblocks_accordion_ie_support":"","jetpack_post_was_ever_published":false,"_jetpack_newsletter_access":"","_jetpack_dont_email_post_to_subs":false,"_jetpack_newsletter_tier_id":0,"_jetpack_memberships_contains_paywalled_content":false,"_jetpack_memberships_contains_paid_content":false,"footnotes":"","jetpack_publicize_message":"","jetpack_publicize_feature_enabled":true,"jetpack_social_post_already_shared":false,"jetpack_social_options":{"image_generator_settings":{"template":"highway","default_image_id":0,"enabled":false},"version":2}},"categories":[1161,44,7671,15],"tags":[10473,9438,10472],"class_list":["post-62178","post","type-post","status-publish","format-standard","has-post-thumbnail","hentry","category-ciudadania","category-noticias-de-hoy","category-politica","category-ultimas-noticias","tag-izquierda-del-psoe","tag-sumar","tag-union-de-partidos"],"jetpack_publicize_connections":[],"jetpack_featured_media_url":"https:\/\/i0.wp.com\/miradordeatarfe.es\/wp-content\/uploads\/2023\/06\/Screenshot-2023-06-11-at-21-50-04-Sumar-arranca.png?fit=518%2C258&ssl=1","jetpack_likes_enabled":true,"jetpack_sharing_enabled":true,"_links":{"self":[{"href":"https:\/\/miradordeatarfe.es\/index.php?rest_route=\/wp\/v2\/posts\/62178","targetHints":{"allow":["GET"]}}],"collection":[{"href":"https:\/\/miradordeatarfe.es\/index.php?rest_route=\/wp\/v2\/posts"}],"about":[{"href":"https:\/\/miradordeatarfe.es\/index.php?rest_route=\/wp\/v2\/types\/post"}],"author":[{"embeddable":true,"href":"https:\/\/miradordeatarfe.es\/index.php?rest_route=\/wp\/v2\/users\/1"}],"replies":[{"embeddable":true,"href":"https:\/\/miradordeatarfe.es\/index.php?rest_route=%2Fwp%2Fv2%2Fcomments&post=62178"}],"version-history":[{"count":1,"href":"https:\/\/miradordeatarfe.es\/index.php?rest_route=\/wp\/v2\/posts\/62178\/revisions"}],"predecessor-version":[{"id":62180,"href":"https:\/\/miradordeatarfe.es\/index.php?rest_route=\/wp\/v2\/posts\/62178\/revisions\/62180"}],"wp:featuredmedia":[{"embeddable":true,"href":"https:\/\/miradordeatarfe.es\/index.php?rest_route=\/wp\/v2\/media\/62179"}],"wp:attachment":[{"href":"https:\/\/miradordeatarfe.es\/index.php?rest_route=%2Fwp%2Fv2%2Fmedia&parent=62178"}],"wp:term":[{"taxonomy":"category","embeddable":true,"href":"https:\/\/miradordeatarfe.es\/index.php?rest_route=%2Fwp%2Fv2%2Fcategories&post=62178"},{"taxonomy":"post_tag","embeddable":true,"href":"https:\/\/miradordeatarfe.es\/index.php?rest_route=%2Fwp%2Fv2%2Ftags&post=62178"}],"curies":[{"name":"wp","href":"https:\/\/api.w.org\/{rel}","templated":true}]}}