{"id":62195,"date":"2023-06-16T11:17:59","date_gmt":"2023-06-16T09:17:59","guid":{"rendered":"https:\/\/miradordeatarfe.es\/?p=62195"},"modified":"2023-06-13T18:33:52","modified_gmt":"2023-06-13T16:33:52","slug":"atarfe-escuela-de-verano-2023-descubre-tu-talento","status":"publish","type":"post","link":"https:\/\/miradordeatarfe.es\/?p=62195","title":{"rendered":"ATARFE: Escuela de Verano 2023 &#8211; \u00a1 DESCUBRE T\u00da TALENTO !"},"content":{"rendered":"<div class=\"\" dir=\"auto\">\n<div id=\":r2v:\" class=\"x1iorvi4 x1pi30zi x1l90r2v x1swvt13\" data-ad-comet-preview=\"message\" data-ad-preview=\"message\">\n<div class=\"x78zum5 xdt5ytf xz62fqu x16ldp7u\">\n<div class=\"xu06os2 x1ok221b\">\n<div class=\"x11i5rnm xat24cr x1mh8g0r x1vvkbs xtlvy1s x126k92a\">\n<h3 dir=\"auto\">Los\/as ni\u00f1os\/as que se matriculen en esta experiencia multicultural, tendr\u00e1n la posibilidad de probar todas las especialidades que impartimos en la escuela: M\u00daSICA, DANZA, TEATRO, PINTURA Y MANUALIDADES. La finalidad de este taller multicultural es que los ni\u00f1os\/as descubran las disciplinas con las que se sienten m\u00e1s identificados.<\/h3>\n<div dir=\"auto\">\n<p style=\"text-align: justify;\">LOS\/AS NI\u00d1OS\/AS QUE SE MATRICULEN EN ESTA EXPERIENCIA MULTICULTURAL, TENDR\u00c1N LA POSIBILIDAD DE PROBAR TODAS LAS ESPECIALIDADES QUE IMPARTIMOS EN LA ESCUELA: M\u00daSICA, DANZA, TEATRO, PINTURA Y MANUALIDADES. LA FINALIDAD DE ESTE TALLER MULTICULTURAL ES QUE LOS\/AS NI\u00d1OS\/AS DESCUBRAN LAS DISCIPLINAS CON LAS QUE SE SIENTEN M\u00c1S IDENTIFICADOS.<\/p>\n<p><strong>DIRIGIDO:<\/strong><\/p>\n<p>NI\u00d1OS\/AS NACIDOS\/AS <em>ENTRE <strong>2011 \u2013 2019<\/strong><\/em><br \/>\nPERIODO: DEL<strong> <em>3 AL 21 DE JULIO<\/em> DE 2023<\/strong> ( DE LUNES A VIERNES)<br \/>\nHORARIO: <strong>DE <em>9:00H. A 14:00<\/em>H.<\/strong><br \/>\nPRECIOS: SEMANA <strong>50<\/strong>\u20ac \u2013 CURSO COMPLETO <strong>100\u20ac<\/strong> ( 3 SEMANAS)<\/p>\n<p><strong>INSCRIPCI\u00d3N: DEL 5 AL 22 DE JUNIO DE 2023<\/strong><\/p>\n<p>LA INSCRIPCI\u00d3N SE PUEDE REALIZAR DE 2 FORMAS:<\/p>\n<p><strong>PRESENCIAL:<\/strong><\/p>\n<p>Se podr\u00e1 realizar la inscripci\u00f3n de forma presencial en el horario de oficina<\/p>\n<p>( Ma\u00f1anas: Lunes a Viernes de 10:00h a 13:00h \u2013 Tardes: Lunes y Mi\u00e9rcoles de 17:00h a 19:00H)<\/p>\n<p><strong>TELEM\u00c1TICA:<\/strong><\/p>\n<p class=\"has-black-color has-text-color\">A continuaci\u00f3n podr\u00e1 <strong><a href=\"http:\/\/acatarfe.es\/wp-content\/uploads\/2023\/06\/Matricula-ESCUELAS-DE-VERANO-2023_DESCUBRE-TU-TALENTO.pdf\">DESCARGARSE<\/a><\/strong> el formulario:<\/p>\n<div class=\"wp-block-buttons is-layout-flex\">\n<div class=\"wp-block-button\"><a class=\"wp-block-button__link wp-element-button\" href=\"http:\/\/acatarfe.es\/wp-content\/uploads\/2023\/06\/Matricula-ESCUELAS-DE-VERANO-2023_DESCUBRE-TU-TALENTO.pdf\" target=\"_blank\" rel=\"noreferrer noopener\">DESCARGAR MATR\u00cdCULA TALLER<\/a><\/div>\n<\/div>\n<p>Deber\u00e1 rellenar el<strong> formulario al completo<\/strong> y enviarlo junto con el<strong> justificante de pago<\/strong> (en esta modalidad el pago se realizar\u00e1 mediante transferencia bancaria \u2013 APARTADO 4 del Formulario) al correo electr\u00f3nico : <strong>admision.acatarfe@gmail.com<\/strong><\/p>\n<p>Le recordamos que para cualquier duda o informaci\u00f3n adicional puede ponerse en contacto con nosotros.<\/p>\n<\/div>\n<\/div>\n<div class=\"x11i5rnm xat24cr x1mh8g0r x1vvkbs xtlvy1s x126k92a\">\n<div dir=\"auto\">Horario de oficina:<\/div>\n<div dir=\"auto\">Ma\u00f1anas: Lunes a Viernes de 10:00h a 13:00h<\/div>\n<div dir=\"auto\">Tardes: Lunes y Mi\u00e9rcoles de 17:00h a 19:00H<\/div>\n<\/div>\n<\/div>\n<\/div>\n<\/div>\n<\/div>\n","protected":false},"excerpt":{"rendered":"<p>Los\/as ni\u00f1os\/as que se matriculen en esta experiencia multicultural, tendr\u00e1n la posibilidad de probar todas&#8230;<\/p>\n","protected":false},"author":1,"featured_media":62196,"comment_status":"closed","ping_status":"closed","sticky":false,"template":"","format":"standard","meta":{"_coblocks_attr":"","_coblocks_dimensions":"","_coblocks_responsive_height":"","_coblocks_accordion_ie_support":"","jetpack_post_was_ever_published":false,"_jetpack_newsletter_access":"","_jetpack_dont_email_post_to_subs":false,"_jetpack_newsletter_tier_id":0,"_jetpack_memberships_contains_paywalled_content":false,"_jetpack_memberships_contains_paid_content":false,"footnotes":"","jetpack_publicize_message":"","jetpack_publicize_feature_enabled":true,"jetpack_social_post_already_shared":false,"jetpack_social_options":{"image_generator_settings":{"template":"highway","default_image_id":0,"enabled":false},"version":2}},"categories":[12,186,44,15,10],"tags":[10476,10477],"class_list":["post-62195","post","type-post","status-publish","format-standard","has-post-thumbnail","hentry","category-cultura","category-instituciones","category-noticias-de-hoy","category-ultimas-noticias","category-salud","tag-escuela-de-verano-ciudad-atarfe","tag-multicultural"],"jetpack_publicize_connections":[],"jetpack_featured_media_url":"https:\/\/i0.wp.com\/miradordeatarfe.es\/wp-content\/uploads\/2023\/06\/Slider-CARTEL-TALLER-MULTICULTURAL-DE-VERANO-2023-1-1024x417-1.jpg?fit=1024%2C417&ssl=1","jetpack_likes_enabled":true,"jetpack_sharing_enabled":true,"_links":{"self":[{"href":"https:\/\/miradordeatarfe.es\/index.php?rest_route=\/wp\/v2\/posts\/62195","targetHints":{"allow":["GET"]}}],"collection":[{"href":"https:\/\/miradordeatarfe.es\/index.php?rest_route=\/wp\/v2\/posts"}],"about":[{"href":"https:\/\/miradordeatarfe.es\/index.php?rest_route=\/wp\/v2\/types\/post"}],"author":[{"embeddable":true,"href":"https:\/\/miradordeatarfe.es\/index.php?rest_route=\/wp\/v2\/users\/1"}],"replies":[{"embeddable":true,"href":"https:\/\/miradordeatarfe.es\/index.php?rest_route=%2Fwp%2Fv2%2Fcomments&post=62195"}],"version-history":[{"count":2,"href":"https:\/\/miradordeatarfe.es\/index.php?rest_route=\/wp\/v2\/posts\/62195\/revisions"}],"predecessor-version":[{"id":62198,"href":"https:\/\/miradordeatarfe.es\/index.php?rest_route=\/wp\/v2\/posts\/62195\/revisions\/62198"}],"wp:featuredmedia":[{"embeddable":true,"href":"https:\/\/miradordeatarfe.es\/index.php?rest_route=\/wp\/v2\/media\/62196"}],"wp:attachment":[{"href":"https:\/\/miradordeatarfe.es\/index.php?rest_route=%2Fwp%2Fv2%2Fmedia&parent=62195"}],"wp:term":[{"taxonomy":"category","embeddable":true,"href":"https:\/\/miradordeatarfe.es\/index.php?rest_route=%2Fwp%2Fv2%2Fcategories&post=62195"},{"taxonomy":"post_tag","embeddable":true,"href":"https:\/\/miradordeatarfe.es\/index.php?rest_route=%2Fwp%2Fv2%2Ftags&post=62195"}],"curies":[{"name":"wp","href":"https:\/\/api.w.org\/{rel}","templated":true}]}}