{"id":62213,"date":"2023-06-15T08:22:51","date_gmt":"2023-06-15T06:22:51","guid":{"rendered":"https:\/\/miradordeatarfe.es\/?p=62213"},"modified":"2023-06-14T13:30:25","modified_gmt":"2023-06-14T11:30:25","slug":"un-pacto-que-senala-el-camino-por-angels-barcelo","status":"publish","type":"post","link":"https:\/\/miradordeatarfe.es\/?p=62213","title":{"rendered":"\u00abUN PACTO QUE SE\u00d1ALA EL CAMINO\u00bb por \u00c1ngels Barcel\u00f3"},"content":{"rendered":"<p style=\"text-align: justify;\">Despu\u00e9s de semanas de ambig\u00fcedades, de defender gobiernos en solitario, Feij\u00f3o ya tiene a Vox dentro de otro gobierno auton\u00f3mico: el de la Comunitat Valenciana. Y esta vez no es como en Castilla y Le\u00f3n, cuando acababa de llegar a la presidencia del PP. Esta vez \u00e9l mismo ha bendecido el pacto, que no se trata de un acuerdo para permitir el gobierno del PP, sino para formar un gobierno de coalici\u00f3n, dando a la ultraderecha una vicepresidencia y algunas consejer\u00edas.<\/p>\n<p style=\"text-align: justify;\">Ni siquiera lo han dilatado en el tiempo, ni han disimulado con m\u00e1s de una reuni\u00f3n y la escenificaci\u00f3n de unas tensas negociaciones. Primera reuni\u00f3n y gobierno de coalici\u00f3n, asentado sobre unas bases que parece un contrato escrito por los hermanos Marx. Cinco puntos que no superar\u00edan el ex\u00e1men m\u00e1s b\u00e1sico del colegio y que, evidentemente, es un aval para hacer lo que quieran, sin que los ciudadanos puedan saber exactamente en que van a consistir las pol\u00edticas pactadas en este gobierno de coalici\u00f3n.<\/p>\n<p style=\"text-align: justify;\">Feij\u00f3o suscribe los acuerdos con una fuerza pol\u00edtica contraria al estado de las autonom\u00edas, a algunos puntos de la Constituci\u00f3n y declaradamente xen\u00f3foba, hom\u00f3foba, machista, negacionista del cambio clim\u00e1tico y de la violencia machista. Vox va a formar gobiernos con el PP de Feij\u00f3o, ahora en ayuntamientos y comunidades pero se\u00f1alando el camino de lo que puede pasar en un futuro Gobierno de Espa\u00f1a.<\/p>\n<p style=\"text-align: justify;\">Se hab\u00eda puesto todo digno el portavoz Borja S\u00e9mper, al que el PP fich\u00f3 por su imagen de moderaci\u00f3n, pero el PP ya ha pactado con los ultras y que lo pueda hacer en el Gobierno de la naci\u00f3n ya no es ni una hip\u00f3tesis ni una remota posibilidad. Ser\u00eda el siguiente paso l\u00f3gico en el camino emprendido por Alberto N\u00fa\u00f1ez Feij\u00f3o, el mismo que dec\u00eda que no cre\u00eda en los gobiernos que se pactan en los despachos o el que dec\u00eda que a veces es mejor perder el gobierno que ganarlo desde el populismo. Sus principios le han durado exactamente unas elecciones.<\/p>\n<p style=\"text-align: justify;\">\u00c0ngels Barcel\u00f3<\/p>\n","protected":false},"excerpt":{"rendered":"<p>Despu\u00e9s de semanas de ambig\u00fcedades, de defender gobiernos en solitario, Feij\u00f3o ya tiene a Vox&#8230;<\/p>\n","protected":false},"author":1,"featured_media":62214,"comment_status":"closed","ping_status":"closed","sticky":false,"template":"","format":"standard","meta":{"_coblocks_attr":"","_coblocks_dimensions":"","_coblocks_responsive_height":"","_coblocks_accordion_ie_support":"","jetpack_post_was_ever_published":false,"_jetpack_newsletter_access":"","_jetpack_dont_email_post_to_subs":false,"_jetpack_newsletter_tier_id":0,"_jetpack_memberships_contains_paywalled_content":false,"_jetpack_memberships_contains_paid_content":false,"footnotes":"","jetpack_publicize_message":"","jetpack_publicize_feature_enabled":true,"jetpack_social_post_already_shared":false,"jetpack_social_options":{"image_generator_settings":{"template":"highway","default_image_id":0,"enabled":false},"version":2}},"categories":[1161,44,7671,15],"tags":[10482,1912],"class_list":["post-62213","post","type-post","status-publish","format-standard","has-post-thumbnail","hentry","category-ciudadania","category-noticias-de-hoy","category-politica","category-ultimas-noticias","tag-pacto-con-vox","tag-valencia"],"jetpack_publicize_connections":[],"jetpack_featured_media_url":"https:\/\/i0.wp.com\/miradordeatarfe.es\/wp-content\/uploads\/2023\/06\/vox.png?fit=593%2C250&ssl=1","jetpack_likes_enabled":true,"jetpack_sharing_enabled":true,"_links":{"self":[{"href":"https:\/\/miradordeatarfe.es\/index.php?rest_route=\/wp\/v2\/posts\/62213","targetHints":{"allow":["GET"]}}],"collection":[{"href":"https:\/\/miradordeatarfe.es\/index.php?rest_route=\/wp\/v2\/posts"}],"about":[{"href":"https:\/\/miradordeatarfe.es\/index.php?rest_route=\/wp\/v2\/types\/post"}],"author":[{"embeddable":true,"href":"https:\/\/miradordeatarfe.es\/index.php?rest_route=\/wp\/v2\/users\/1"}],"replies":[{"embeddable":true,"href":"https:\/\/miradordeatarfe.es\/index.php?rest_route=%2Fwp%2Fv2%2Fcomments&post=62213"}],"version-history":[{"count":1,"href":"https:\/\/miradordeatarfe.es\/index.php?rest_route=\/wp\/v2\/posts\/62213\/revisions"}],"predecessor-version":[{"id":62215,"href":"https:\/\/miradordeatarfe.es\/index.php?rest_route=\/wp\/v2\/posts\/62213\/revisions\/62215"}],"wp:featuredmedia":[{"embeddable":true,"href":"https:\/\/miradordeatarfe.es\/index.php?rest_route=\/wp\/v2\/media\/62214"}],"wp:attachment":[{"href":"https:\/\/miradordeatarfe.es\/index.php?rest_route=%2Fwp%2Fv2%2Fmedia&parent=62213"}],"wp:term":[{"taxonomy":"category","embeddable":true,"href":"https:\/\/miradordeatarfe.es\/index.php?rest_route=%2Fwp%2Fv2%2Fcategories&post=62213"},{"taxonomy":"post_tag","embeddable":true,"href":"https:\/\/miradordeatarfe.es\/index.php?rest_route=%2Fwp%2Fv2%2Ftags&post=62213"}],"curies":[{"name":"wp","href":"https:\/\/api.w.org\/{rel}","templated":true}]}}