{"id":62227,"date":"2023-06-17T09:09:28","date_gmt":"2023-06-17T07:09:28","guid":{"rendered":"https:\/\/miradordeatarfe.es\/?p=62227"},"modified":"2023-10-23T13:50:25","modified_gmt":"2023-10-23T11:50:25","slug":"granada-entre-las-cinco-ciudades-de-espana-con-equipos-en-las-tres-ligas-profesionales-principales","status":"publish","type":"post","link":"https:\/\/miradordeatarfe.es\/?p=62227","title":{"rendered":"Granada, entre las cinco ciudades de Espa\u00f1a con equipos en las tres ligas profesionales principales"},"content":{"rendered":"<h3 class=\"v-a-sub-t\" style=\"text-align: justify;\">Solo Madrid, Barcelona, Bilbao y Valencia pueden presumir de compartir este privilegio con poblaciones m\u00e1s grandes, y apenas las dos primeras tambi\u00e9n con filiales en Primera RFEF o por encima<\/h3>\n<p class=\"v-p\" style=\"text-align: justify;\">El ascenso del primer equipo femenino del Granada CF a la Liga F, m\u00e1xima categor\u00eda nacional, hizo que la ciudad acceda al selecto club de las cinco \u00fanicas en toda Espa\u00f1a con clubes en las tres ligas profesionales principales del deporte nacional junto a Madrid, Barcelona, Bilbao y Valencia, al unirse al primer equipo masculino en LaLiga EA Sport -su nueva denominaci\u00f3n- y al Covir\u00e1n Granada de la Fundaci\u00f3n CB Granada en la Liga Endesa, la ACB. De ellas, adem\u00e1s, solo Madrid y Barcelona tienen filiales de f\u00fatbol en Primera RFEF o por encima con el Real Madrid Castilla y el Bar\u00e7a B. Los blancos, adem\u00e1s, remontaron a los azulgranas en el &#8216;play off&#8217; y pelear\u00e1n por subir a Segunda.<\/p>\n<p class=\"v-p\" style=\"text-align: justify;\">En Primera, el Granada coincidir\u00e1 con Real Madrid y Atl\u00e9tico de Madrid en la capital del pa\u00eds; con FC Barcelona en la ciudad condal (y solo con este, tras el descenso del Espanyol); con Valencia a orillas del Turia; y con Athletic Club en Bilbao. En la Liga F, por su parte, lo har\u00e1 con Real Madrid, Atl\u00e9tico de Madrid y Madrid CFF; FC Barcelona, Valencia y Athletic Club. En la Liga Endesa, por \u00faltimo, el Covir\u00e1n Granada se medir\u00e1 al Real Madrid, FC Barcelona, Valencia Basket y Surne Bilbao Basket.<\/p>\n<p class=\"v-p\" style=\"text-align: justify;\">El \u00e9xito para Granada como ciudad queda en perspectiva al considerarse su poblaci\u00f3n, muy inferior a la del resto de ciudades. Con 228.682 habitantes como la vig\u00e9sima m\u00e1s poblada del pa\u00eds, mira desde abajo aunque con mucho orgullo a Bilbao, con 340.455 como la und\u00e9cima; Valencia, con 797.665 como la tercera; Barcelona, con 1.656.725 como la segunda; y Madrid, con 3.339.931 como la primera. No formar\u00e1 parte de este selecto club de cinco la pr\u00f3xima temporada deportiva Sevilla, la cuarta m\u00e1s poblada del pa\u00eds con 693.229 habitantes, al perder al Real Betis en la Liga Endesa de baloncesto precisamente para beneficio del Covir\u00e1n Granada.<\/p>\n<p class=\"v-p\" style=\"text-align: justify;\">Como Granada, otra ciudad modesta que puede presumir de contar con equipos masculinos en las m\u00e1ximas categor\u00edas del f\u00fatbol y el baloncesto nacional es Girona, como la sexag\u00e9sima segunda ciudad del pa\u00eds en cuanto a poblaci\u00f3n por tener 102.666 habitantes, al reunir al Girona en Primera y al B\u00e0squet Girona en la Liga Endesa, con una permanencia m\u00e1s holgada para el equipo de f\u00fatbol que para el de baloncesto.<\/p>\n<div class=\"v-c-cmp v-n-mrg\">\n<h3 class=\"v-d-cmp-sub-hl\" style=\"text-align: justify;\">Los C\u00e1rmenes<\/h3>\n<\/div>\n<p class=\"v-p\">La participaci\u00f3n del Granada en la Liga F, con m\u00e1s desplazamiento de aficionados visitantes, hace que el club contemple la opci\u00f3n de que juegue en Los C\u00e1rmenes tambi\u00e9n durante el campeonato regular al menos en sus enfrentamientos contra FC Barcelona o Real Madrid. Ello depender\u00e1, en cualquier caso, del calendario y la disponibilidad con respecto al primer equipo masculino. La segunda fase de ampliaci\u00f3n de la Ciudad Deportiva del club que al fin arranc\u00f3 en mayo acabar\u00e1 con la carencia de iluminaci\u00f3n artificial en la instalaci\u00f3n, aunque el plazo de ejecuci\u00f3n se estim\u00f3 en doce meses.<\/p>\n<p class=\"v-p\">De momento, el equipo femenino del Granada se centra en disfrutar su vuelta a la Primera divisi\u00f3n diez a\u00f1os despu\u00e9s. Las futbolistas quisieron celebrar el ascenso en la Fuente de las Batallas de la capital poco antes de la medianoche tras aterrizar desde La Coru\u00f1a. Tambi\u00e9n se ha realizado una recepci\u00f3n municipal en el Ayuntamiento de Granada.<\/p>\n<p><strong><a href=\"https:\/\/www.ideal.es\/autor\/jose-ignacio-cejudo-1091.html\">Jos\u00e9 Ignacio Cejudo<\/a><\/strong><\/p>\n<article class=\"v-a v-a--d v-a--d-bs v-a--p-b\">\n<div class=\"v-a-img-c v-a-img-c--fw-xs\">\n<figure class=\"v-a-fig\"><figcaption class=\"v-fc\"><span class=\"v-fc__text\">FOTO: La granadina Laura P\u00e9rez, en plena celebraci\u00f3n en la Fuente de las Batallas.<\/span> <span class=\"v-fc__ath\">Ram\u00f3n L. P\u00e9rez<\/span><\/figcaption><\/figure>\n<\/div>\n<\/article>\n<div class=\"v-d v-d--ab-c v-d--bs\">\n<div class=\"v-mdl-ath\" data-voc-component=\"viewport-not-visible\">\n<div class=\"v-mdl-ath__c v-mdl-ath__c--1\">\n<figure class=\"v-mdl-ath__fig\"><a class=\"v-mdl-ath__fig-link\" title=\"Jos\u00e9 Ignacio Cejudo\" href=\"https:\/\/www.ideal.es\/granadacf\/granada-cinco-ciudades-equipos-tres-ligas-profesionales-20230611134546-nt.html\">https:\/\/www.ideal.es\/granadacf\/granada-cinco-ciudades-equipos-tres-ligas-profesionales-20230611134546-nt.html\u00a0<\/a><\/figure>\n<p>&nbsp;<\/p>\n<div class=\"v-mdl-ath__info\">\n<p class=\"v-mdl-ath__p v-mdl-ath__p--name\">\u00a0<\/p>\n<\/div>\n<\/div>\n<\/div>\n<\/div>\n","protected":false},"excerpt":{"rendered":"<p>Solo Madrid, Barcelona, Bilbao y Valencia pueden presumir de compartir este privilegio con poblaciones m\u00e1s&#8230;<\/p>\n","protected":false},"author":1,"featured_media":62228,"comment_status":"closed","ping_status":"closed","sticky":false,"template":"","format":"standard","meta":{"_coblocks_attr":"","_coblocks_dimensions":"","_coblocks_responsive_height":"","_coblocks_accordion_ie_support":"","jetpack_post_was_ever_published":false,"_jetpack_newsletter_access":"","_jetpack_dont_email_post_to_subs":false,"_jetpack_newsletter_tier_id":0,"_jetpack_memberships_contains_paywalled_content":false,"_jetpack_memberships_contains_paid_content":false,"footnotes":"","jetpack_publicize_message":"","jetpack_publicize_feature_enabled":true,"jetpack_social_post_already_shared":false,"jetpack_social_options":{"image_generator_settings":{"template":"highway","default_image_id":0,"enabled":false},"version":2}},"categories":[10781,44,10],"tags":[666,10483],"class_list":["post-62227","post","type-post","status-publish","format-standard","has-post-thumbnail","hentry","category-granada","category-noticias-de-hoy","category-salud","tag-futbol","tag-primera-categoria"],"jetpack_publicize_connections":[],"jetpack_featured_media_url":"https:\/\/i0.wp.com\/miradordeatarfe.es\/wp-content\/uploads\/2023\/06\/gcf-femenino-celebracion-fuente-batallas-kZo-U200529871103jrE-758x531%40Ideal.jpg?fit=758%2C531&ssl=1","jetpack_likes_enabled":true,"jetpack_sharing_enabled":true,"_links":{"self":[{"href":"https:\/\/miradordeatarfe.es\/index.php?rest_route=\/wp\/v2\/posts\/62227","targetHints":{"allow":["GET"]}}],"collection":[{"href":"https:\/\/miradordeatarfe.es\/index.php?rest_route=\/wp\/v2\/posts"}],"about":[{"href":"https:\/\/miradordeatarfe.es\/index.php?rest_route=\/wp\/v2\/types\/post"}],"author":[{"embeddable":true,"href":"https:\/\/miradordeatarfe.es\/index.php?rest_route=\/wp\/v2\/users\/1"}],"replies":[{"embeddable":true,"href":"https:\/\/miradordeatarfe.es\/index.php?rest_route=%2Fwp%2Fv2%2Fcomments&post=62227"}],"version-history":[{"count":1,"href":"https:\/\/miradordeatarfe.es\/index.php?rest_route=\/wp\/v2\/posts\/62227\/revisions"}],"predecessor-version":[{"id":62229,"href":"https:\/\/miradordeatarfe.es\/index.php?rest_route=\/wp\/v2\/posts\/62227\/revisions\/62229"}],"wp:featuredmedia":[{"embeddable":true,"href":"https:\/\/miradordeatarfe.es\/index.php?rest_route=\/wp\/v2\/media\/62228"}],"wp:attachment":[{"href":"https:\/\/miradordeatarfe.es\/index.php?rest_route=%2Fwp%2Fv2%2Fmedia&parent=62227"}],"wp:term":[{"taxonomy":"category","embeddable":true,"href":"https:\/\/miradordeatarfe.es\/index.php?rest_route=%2Fwp%2Fv2%2Fcategories&post=62227"},{"taxonomy":"post_tag","embeddable":true,"href":"https:\/\/miradordeatarfe.es\/index.php?rest_route=%2Fwp%2Fv2%2Ftags&post=62227"}],"curies":[{"name":"wp","href":"https:\/\/api.w.org\/{rel}","templated":true}]}}