{"id":62233,"date":"2023-06-14T15:33:46","date_gmt":"2023-06-14T13:33:46","guid":{"rendered":"https:\/\/miradordeatarfe.es\/?p=62233"},"modified":"2023-06-14T15:33:46","modified_gmt":"2023-06-14T13:33:46","slug":"atarfe-psoe-e-iu-alcanzan-un-acuerdo-para-un-gobierno-de-progreso","status":"publish","type":"post","link":"https:\/\/miradordeatarfe.es\/?p=62233","title":{"rendered":"ATARFE: PSOE e IU, alcanzan un acuerdo para un Gobierno de Progreso"},"content":{"rendered":"<h3 style=\"text-align: justify;\">El pasado 28 de mayo, los Atarfe\u00f1os y Atarfe\u00f1as expresaron su deseo de contar con un Gobierno Municipal progresista de izquierdas para transformar nuestro municipio.<\/h3>\n<p style=\"text-align: justify;\">En respuesta, PSOE e IU han firmado un hist\u00f3rico acuerdo con el objetivo de constituir un gobierno comprometido en la lucha contra la desigualdad social y enfocado en la sostenibilidad.<\/p>\n<p style=\"text-align: justify;\">El acuerdo busca garantizar que los beneficios del desarrollo y la modernizaci\u00f3n lleguen a todos los vecinos y vecinas de Atarfe, sin importar su ubicaci\u00f3n o condici\u00f3n econ\u00f3mica y social.<\/p>\n<p style=\"text-align: justify;\">El \u00abAcuerdo por l@s ciudadan@s de Atarfe\u00bb establece los objetivos para el horizonte del a\u00f1o 2030. Se fomentar\u00e1 la participaci\u00f3n ciudadana para impulsar el desarrollo sostenible y el bienestar de todos los habitantes.<\/p>\n<p style=\"text-align: justify;\">El gobierno compuesto por PSOE e IU se compromete a exigir inversiones e infraestructuras estrat\u00e9gicas para el futuro de Atarfe, y a trabajar con transparencia como muestra de reciprocidad hacia la confianza depositada por la ciudadan\u00eda.<\/p>\n<p style=\"text-align: justify;\">Este acuerdo marca un hito en nuestra historia y representa el inicio de una etapa de trabajo conjunto para construir un Atarfe m\u00e1s pr\u00f3spero, igualitario y sostenible.<\/p>\n","protected":false},"excerpt":{"rendered":"<p>El pasado 28 de mayo, los Atarfe\u00f1os y Atarfe\u00f1as expresaron su deseo de contar con&#8230;<\/p>\n","protected":false},"author":1,"featured_media":62234,"comment_status":"closed","ping_status":"closed","sticky":false,"template":"","format":"standard","meta":{"_coblocks_attr":"","_coblocks_dimensions":"","_coblocks_responsive_height":"","_coblocks_accordion_ie_support":"","jetpack_post_was_ever_published":false,"_jetpack_newsletter_access":"","_jetpack_dont_email_post_to_subs":false,"_jetpack_newsletter_tier_id":0,"_jetpack_memberships_contains_paywalled_content":false,"_jetpack_memberships_contains_paid_content":false,"footnotes":"","jetpack_publicize_message":"","jetpack_publicize_feature_enabled":true,"jetpack_social_post_already_shared":false,"jetpack_social_options":{"image_generator_settings":{"template":"highway","default_image_id":0,"enabled":false},"version":2}},"categories":[2,6916,1161,44,7671,15],"tags":[10485,4293],"class_list":["post-62233","post","type-post","status-publish","format-standard","has-post-thumbnail","hentry","category-atarfe","category-ayuntamiento-de-atarfe","category-ciudadania","category-noticias-de-hoy","category-politica","category-ultimas-noticias","tag-acuerdo-psoe-iu","tag-ayuntamiento-de-atarfe"],"jetpack_publicize_connections":[],"jetpack_featured_media_url":"https:\/\/i0.wp.com\/miradordeatarfe.es\/wp-content\/uploads\/2023\/06\/AYNTAMIENTO.jpg?fit=2048%2C1536&ssl=1","jetpack_likes_enabled":true,"jetpack_sharing_enabled":true,"_links":{"self":[{"href":"https:\/\/miradordeatarfe.es\/index.php?rest_route=\/wp\/v2\/posts\/62233","targetHints":{"allow":["GET"]}}],"collection":[{"href":"https:\/\/miradordeatarfe.es\/index.php?rest_route=\/wp\/v2\/posts"}],"about":[{"href":"https:\/\/miradordeatarfe.es\/index.php?rest_route=\/wp\/v2\/types\/post"}],"author":[{"embeddable":true,"href":"https:\/\/miradordeatarfe.es\/index.php?rest_route=\/wp\/v2\/users\/1"}],"replies":[{"embeddable":true,"href":"https:\/\/miradordeatarfe.es\/index.php?rest_route=%2Fwp%2Fv2%2Fcomments&post=62233"}],"version-history":[{"count":1,"href":"https:\/\/miradordeatarfe.es\/index.php?rest_route=\/wp\/v2\/posts\/62233\/revisions"}],"predecessor-version":[{"id":62235,"href":"https:\/\/miradordeatarfe.es\/index.php?rest_route=\/wp\/v2\/posts\/62233\/revisions\/62235"}],"wp:featuredmedia":[{"embeddable":true,"href":"https:\/\/miradordeatarfe.es\/index.php?rest_route=\/wp\/v2\/media\/62234"}],"wp:attachment":[{"href":"https:\/\/miradordeatarfe.es\/index.php?rest_route=%2Fwp%2Fv2%2Fmedia&parent=62233"}],"wp:term":[{"taxonomy":"category","embeddable":true,"href":"https:\/\/miradordeatarfe.es\/index.php?rest_route=%2Fwp%2Fv2%2Fcategories&post=62233"},{"taxonomy":"post_tag","embeddable":true,"href":"https:\/\/miradordeatarfe.es\/index.php?rest_route=%2Fwp%2Fv2%2Ftags&post=62233"}],"curies":[{"name":"wp","href":"https:\/\/api.w.org\/{rel}","templated":true}]}}