{"id":62239,"date":"2023-06-15T11:51:05","date_gmt":"2023-06-15T09:51:05","guid":{"rendered":"https:\/\/miradordeatarfe.es\/?p=62239"},"modified":"2023-06-15T11:51:29","modified_gmt":"2023-06-15T09:51:29","slug":"castigos-divinos-por-juan-de-dios-villanueva-roa","status":"publish","type":"post","link":"https:\/\/miradordeatarfe.es\/?p=62239","title":{"rendered":"\u00abCastigos divinos\u00bb por Juan de Dios Villanueva Roa"},"content":{"rendered":"<h3 style=\"text-align: justify;\">Nos hemos convertido en una sociedad Tiktok, en la que todo dura unos segundos, lleva publicidad aparejada y pierde su valor cuando la siguiente payasada llega al relevo.<\/h3>\n<p style=\"text-align: justify;\">Una sociedad en la que las ideas valen nada comparadas con las ocurrencias, donde lo importante es lo aparente y no lo meditado. Una sociedad en la que la mentira tiene m\u00e1s valor que lo cierto y en la que donde hoy dije Diego ma\u00f1ana puedo cambiarlo por lo que crea que quieres o\u00edr aunque sea la falacia m\u00e1s enorme que en esos segundos se le ocurra a alg\u00fan asesor, que, por cierto, cobra mucho m\u00e1s, pero much\u00edsimo m\u00e1s, que cualquier investigador mileurista con dos o tres carreras que est\u00e1 rompi\u00e9ndose la vida para encontrar una soluci\u00f3n a alguna enfermedad que a\u00fan no tiene cura.<\/p>\n<p style=\"text-align: justify;\">Una sociedad banal porque hasta ah\u00ed la han llevado algunos pol\u00edticos, no todos, aquellos que hacen de cabeza de carnero como ariete para destruir lo que les estorba en su camino e imponer los intereses de quienes los sostienen. Y la ciudadan\u00eda no reacciona, al contrario, pasa horas viendo videos de Tiktok, aspira a que sus hijos sean influencers, no valoran a quienes trabajan por mejorar al conjunto, apoyan a quienes callan en sus maquinaciones y se ocultan en otros intereses.<\/p>\n<p style=\"text-align: justify;\">Una sociedad que cuestiona al maestro en la escuela, que golpea al m\u00e9dico en la consulta, que prioriza comodidad a urbanidad y que vuelve a sentir p\u00e1lpitos cuando alguien grita arengas que solo<br \/>\nhacen ruido, pero que a ning\u00fan sitio llevan. Y esto ha ocurrido aderezado con una pandemia, un volc\u00e1n, una guerra, un cambio clim\u00e1tico\u2026 que al parecer solo son castigos divinos para hacer caer a un gobierno.<\/p>\n<p>FOTO: https:\/\/semanariouniversidad.com\/suplementos\/loslibros\/la-mentira-en-politica\/<\/p>\n","protected":false},"excerpt":{"rendered":"<p>Nos hemos convertido en una sociedad Tiktok, en la que todo dura unos segundos, lleva&#8230;<\/p>\n","protected":false},"author":1,"featured_media":62240,"comment_status":"closed","ping_status":"closed","sticky":false,"template":"","format":"standard","meta":{"_coblocks_attr":"","_coblocks_dimensions":"","_coblocks_responsive_height":"","_coblocks_accordion_ie_support":"","jetpack_post_was_ever_published":false,"_jetpack_newsletter_access":"","_jetpack_dont_email_post_to_subs":false,"_jetpack_newsletter_tier_id":0,"_jetpack_memberships_contains_paywalled_content":false,"_jetpack_memberships_contains_paid_content":false,"footnotes":"","jetpack_publicize_message":"","jetpack_publicize_feature_enabled":true,"jetpack_social_post_already_shared":false,"jetpack_social_options":{"image_generator_settings":{"template":"highway","default_image_id":0,"enabled":false},"version":2}},"categories":[1161,9772,44,7671,6937,15],"tags":[10486,10487,619],"class_list":["post-62239","post","type-post","status-publish","format-standard","has-post-thumbnail","hentry","category-ciudadania","category-opinion-de-juan-de-dios-villanueva","category-noticias-de-hoy","category-politica","category-sociedad","category-ultimas-noticias","tag-destruir","tag-falta-de-cultura","tag-mentiras"],"jetpack_publicize_connections":[],"jetpack_featured_media_url":"https:\/\/i0.wp.com\/miradordeatarfe.es\/wp-content\/uploads\/2023\/06\/mentira-y-politica.jpg?fit=540%2C240&ssl=1","jetpack_likes_enabled":true,"jetpack_sharing_enabled":true,"_links":{"self":[{"href":"https:\/\/miradordeatarfe.es\/index.php?rest_route=\/wp\/v2\/posts\/62239","targetHints":{"allow":["GET"]}}],"collection":[{"href":"https:\/\/miradordeatarfe.es\/index.php?rest_route=\/wp\/v2\/posts"}],"about":[{"href":"https:\/\/miradordeatarfe.es\/index.php?rest_route=\/wp\/v2\/types\/post"}],"author":[{"embeddable":true,"href":"https:\/\/miradordeatarfe.es\/index.php?rest_route=\/wp\/v2\/users\/1"}],"replies":[{"embeddable":true,"href":"https:\/\/miradordeatarfe.es\/index.php?rest_route=%2Fwp%2Fv2%2Fcomments&post=62239"}],"version-history":[{"count":1,"href":"https:\/\/miradordeatarfe.es\/index.php?rest_route=\/wp\/v2\/posts\/62239\/revisions"}],"predecessor-version":[{"id":62241,"href":"https:\/\/miradordeatarfe.es\/index.php?rest_route=\/wp\/v2\/posts\/62239\/revisions\/62241"}],"wp:featuredmedia":[{"embeddable":true,"href":"https:\/\/miradordeatarfe.es\/index.php?rest_route=\/wp\/v2\/media\/62240"}],"wp:attachment":[{"href":"https:\/\/miradordeatarfe.es\/index.php?rest_route=%2Fwp%2Fv2%2Fmedia&parent=62239"}],"wp:term":[{"taxonomy":"category","embeddable":true,"href":"https:\/\/miradordeatarfe.es\/index.php?rest_route=%2Fwp%2Fv2%2Fcategories&post=62239"},{"taxonomy":"post_tag","embeddable":true,"href":"https:\/\/miradordeatarfe.es\/index.php?rest_route=%2Fwp%2Fv2%2Ftags&post=62239"}],"curies":[{"name":"wp","href":"https:\/\/api.w.org\/{rel}","templated":true}]}}