{"id":62278,"date":"2023-06-21T09:19:23","date_gmt":"2023-06-21T07:19:23","guid":{"rendered":"https:\/\/miradordeatarfe.es\/?p=62278"},"modified":"2023-06-20T18:54:55","modified_gmt":"2023-06-20T16:54:55","slug":"vacaciones-una-boda-o-turno-en-algunos-trabajos-desgranamos-las-causas-que-pueden-eximirte-de-estar-en-una-mesa-electoral","status":"publish","type":"post","link":"https:\/\/miradordeatarfe.es\/?p=62278","title":{"rendered":"Vacaciones, una boda o turno en algunos trabajos. Desgranamos las causas que pueden eximirte de estar en una mesa electoral"},"content":{"rendered":"<h3 class=\"post-lead\" style=\"text-align: justify;\">Excepto en los casos tasados, la aceptaci\u00f3n o no de las excusas depender\u00e1 del criterio de la junta de zona. Te contamos qu\u00e9 puedes alegar y cu\u00e1les son los plazos.<\/h3>\n<p style=\"text-align: justify;\">La Junta Electoral Central (JEC) ha decidido aprobar <a href=\"http:\/\/www.juntaelectoralcentral.es\/cs\/jec\/documentos\/mesas_electorales_excusas.pdf#BOEn\" target=\"_blank\" rel=\"noopener\">un criterio interpretativo<\/a> para unificar criterios a la hora de valorar, de cara a las elecciones generales del 23 de julio, qu\u00e9 pasa con las <strong>vacaciones o viajes contratados antes de la convocatoria de los comicios si te toca estar, ese d\u00eda, en una mesa electoral<\/strong>. En \u00e9l, piden a las juntas de zona, las encargadas de aprobar o denegar las solicitudes para evitar ser presidente o vocal, que valoren las contrataciones de viajes o vacaciones a cualquier destino que se hubieran realizado antes de la convocatoria de elecciones, esto es, <strong>antes del 30 de mayo<\/strong>.<\/p>\n<p style=\"text-align: justify;\">Esto no significa que cualquier persona que tenga algo contratado para esa fecha ser\u00e1 excusada autom\u00e1ticamente. Para tomar la decisi\u00f3n, dice el documento, las juntas de zona deber\u00e1n tener en cuenta dos cosas: la primera, que haya personas suficientes para tener vocales y presidentes, as\u00ed como sustitutos, en todas las mesas; la segunda, <strong>que la persona demuestre con documentos que hab\u00eda contratado esas vacaciones antes del 30 de mayo y que ir a la mesa el 23J le causar\u00eda \u201cun perjuicio econ\u00f3mico o un trastorno grave\u201d<\/strong>.<\/p>\n<div class=\"lateral\" style=\"text-align: justify;\">\n<div class=\"post-item size-xl banner newsletter\">\n<div class=\"post-item-content\">\n<div class=\"banner-text\">\n<form id=\"mc-embedded-subscribe-form\" action=\"\/\/civio.us4.list-manage.com\/subscribe\/post?u=9416fe6b76f2c3f985c1f8e0f&amp;id=9d5b4c8cda&amp;FORMULARIO=General\" method=\"post\" name=\"mc-embedded-subscribe-form\" target=\"_blank\">Y es que, por regla general y excepto en casos muy tasados, como los mayores de 65 a\u00f1os, <strong>son las juntas de zona las que, dependiendo de su criterio, deciden si aceptan o no las excusas de las personas elegidas<\/strong>. El sorteo para presidente y vocales se har\u00e1 entre todos los electores de menos de 70 a\u00f1os que sepan leer y escribir entre el 22 y el 28 de junio. A partir de entonces tienen tres d\u00edas para notificarte, as\u00ed que muy probablemente lo sepas a finales de junio. Una vez te avisen, <strong>tienes siete d\u00edas para alegar ante la junta electoral cualquier \u201ccausa justificada y documentada\u201d<\/strong> que te impida acudir, como recoge la Ley electoral. Y, si recurres, tienen que responderte en cinco d\u00edas.<\/form>\n<\/div>\n<\/div>\n<\/div>\n<\/div>\n<p style=\"text-align: justify;\">Eso s\u00ed, <a href=\"http:\/\/www.juntaelectoralcentral.es\/cs\/jec\/doctrina\/instrucciones?esinstruccion=true&amp;idacuerdoinstruccion=28832&amp;sPag=1&amp;template=Doctrina\/JEC_Detalle&amp;total=99#BOEn\" target=\"_blank\" rel=\"noopener\">una instrucci\u00f3n general de 2011<\/a> de la JEC, que incluye todos los cambios de los \u00faltimos a\u00f1os, marca, en l\u00edneas generales, qu\u00e9 excusas s\u00ed deben ser aceptadas y cu\u00e1les no. De hecho, la Junta decidi\u00f3 ayer que, pese a pedir que se valoren las vacaciones ya contratadas, no es necesario cambiar esa instrucci\u00f3n para incluirlo de forma espec\u00edfica.<\/p>\n<p style=\"text-align: justify;\"><strong>Es la norma que enumera qu\u00e9 excusas se aceptar\u00e1n directamente, siempre que se demuestren, y cu\u00e1les se valorar\u00e1n caso por caso<\/strong>. Eso no significa que no puedas alegar otras, como en el caso de las vacaciones, siempre que demuestres el da\u00f1o, en este caso econ\u00f3mico, que te causar\u00eda estar en la mesa.<\/p>\n<div class=\"despiece\">\n<h3 id=\"causas-que-por-s-solas-ya-valen-para-ser-excusado\" style=\"text-align: justify;\">Causas que por s\u00ed solas ya valen para ser excusado:<\/h3>\n<ul style=\"text-align: justify;\">\n<li>\n<p>Ser mayor de 65 a\u00f1os y menor de 70 (art\u00edculo 26.2 LOREG). Esta se acepta autom\u00e1ticamente para quien lo pida.<\/p>\n<\/li>\n<li>\n<p>Discapacidad. La aportaci\u00f3n por el interesado de la declaraci\u00f3n de discapacidad, cualquiera que sea el grado de \u00e9sta, bastar\u00e1. No hace falta justificar que te impide estar en la mesa.<\/p>\n<\/li>\n<li>\n<p>Pensionista de incapacidad permanente absoluta y gran invalidez.<\/p>\n<\/li>\n<li>\n<p>Incapacidad temporal para el trabajo, acreditada mediante baja m\u00e9dica.<\/p>\n<\/li>\n<li>\n<p>Gestaci\u00f3n a partir de los seis meses de embarazo y el per\u00edodo correspondiente de descanso maternal sea subsidiado o no por la Seguridad Social.<\/p>\n<\/li>\n<li>\n<p>Internamiento en centros penitenciarios o en hospitales psiqui\u00e1tricos.<\/p>\n<\/li>\n<li>\n<p>Haber formado parte de una Mesa electoral con anterioridad, al menos en tres ocasiones en los \u00faltimos diez a\u00f1os.<\/p>\n<\/li>\n<li>\n<p>Ser v\u00edctima de un delito, declarado o presunto, con orden de alejamiento si el agresor est\u00e1 en el mismo colegio electoral.<\/p>\n<\/li>\n<li>\n<p>Madres durante el per\u00edodo de lactancia hasta que el beb\u00e9 cumpla nueve meses, presentando fotocopia del libro de familia o certificaci\u00f3n del encargado del Registro Civil.<\/p>\n<\/li>\n<li>\n<p>Por cuidado \u201cdirecto y continuo\u201d, por razones de guarda legal, de menores de ocho a\u00f1os o de personas con discapacidad f\u00edsica, ps\u00edquica o sensorial, o de familiar hasta el segundo grado de consanguinidad o afinidad que por razones de edad, accidente o enfermedad, no pueda valerse por s\u00ed mismo. Presentando escrito de reducci\u00f3n de jornada para este fin o certificado de los servicios sociales de la Comunidad Aut\u00f3noma o de la entidad local correspondiente.<\/p>\n<\/li>\n<\/ul>\n<h3 id=\"causas-que-se-valoran-caso-por-caso\" style=\"text-align: justify;\">Causas que se valoran caso por caso<\/h3>\n<ul style=\"text-align: justify;\">\n<li>\n<p>Lesiones, dolencias o enfermedades, sin incapacidad para trabajar, Pensionista de incapacidad permanente total para una determinada profesi\u00f3n o riesgo durante el embarazo durante los primeros seis meses, siempre que las causas tambi\u00e9n impidan ejercer las funciones en la mesa o lo haga muy dif\u00edcil, presentando certificado m\u00e9dico que lo acredite.<\/p>\n<\/li>\n<li>\n<p>Tener una operaci\u00f3n o pruebas m\u00e9dicas relevantes el d\u00eda de la votaci\u00f3n, en los d\u00edas anteriores o al d\u00eda siguiente, siempre que sea inaplazable, ya sea por salud o porque afectar\u00eda a la organizaci\u00f3n de los servicios sanitarios, con informe del centro de salud.<\/p>\n<\/li>\n<li>\n<p>Pertenencia a confesiones religiosas con r\u00e9gimen de clausura.<\/p>\n<\/li>\n<li>\n<p>Cambio de domicilio a otra comunidad aut\u00f3noma siempre que se justifique que no se puede ir a la mesa el d\u00eda de la votaci\u00f3n.<\/p>\n<\/li>\n<li>\n<p>Eventos familiares \u201cde especial relevancia\u201d y que resulten inaplazables, o que aplazarlos supongo un perjuicio econ\u00f3mico importante, como una boda. Eso s\u00ed, siempre que seas el protagonista (quien se casa) o pariente hasta segundo grado de consanguinidad (padres, hijos, abuelos, hermanos y nietos). Deber\u00e1s acreditar no solo que se celebra el evento, sino tambi\u00e9n por qu\u00e9 aplazarlo o cancelarlo causar\u00eda graves da\u00f1os econ\u00f3micos.<\/p>\n<\/li>\n<li>\n<p>Madres o padres de menores de catorce a\u00f1os, cuando se acredite que el otro progenitor no puede ocuparse del menor durante la jornada electoral, careciendo adem\u00e1s el interesado de ascendientes o de otros hijos mayores que puedan hacerlo.<\/p>\n<\/li>\n<\/ul>\n<h3 id=\"causas-profesionales\" style=\"text-align: justify;\">Causas profesionales<\/h3>\n<ul style=\"text-align: justify;\">\n<li>\n<p>Quienes durante el d\u00eda de la votaci\u00f3n deban prestar sus servicios a las Juntas Electorales, a los Juzgados y a las Administraciones P\u00fablicas que tengan encomendadas funciones electorales o los notarios que participen en la jornada.<\/p>\n<\/li>\n<li>\n<p>Quienes presten servicios esenciales como los de car\u00e1cter m\u00e9dico, sanitario, de protecci\u00f3n civil, bomberos\u2026 Ser\u00e1 necesario informe del responsable del servicio que acredite que es imposible o muy dif\u00edcil sustituirte.<\/p>\n<\/li>\n<li>\n<p>Directores de medios de comunicaci\u00f3n de informaci\u00f3n general y jefes de los servicios informativos que cubran la jornada electoral.<\/p>\n<\/li>\n<li>\n<p>Profesionales que deban participar en acontecimientos p\u00fablicos a celebrar el d\u00eda de la votaci\u00f3n, previstos con anterioridad a la convocatoria electoral, cuando el interesado no pueda ser sustituido y la no participaci\u00f3n del mismo obligue a suspender el acontecimiento, produciendo perjuicios econ\u00f3micos relevantes<\/p>\n<\/li>\n<\/ul>\n<p style=\"text-align: justify;\"><a title=\"Eva Belmonte\" href=\"https:\/\/civio.es\/equipo\/eva-belmonte\/\"><strong>Eva Belmonte<\/strong><\/a><\/p>\n<p style=\"text-align: justify;\">FOTO: <a class=\"post-image-credit\" href=\"https:\/\/commons.wikimedia.org\/wiki\/File:Mesa_electoral_Begur_2015_02.JPG\" target=\"_blank\" rel=\"noopener\">Davidpar<\/a><\/p>\n<p style=\"text-align: justify;\">https:\/\/civio.es\/el-boe-nuestro-de-cada-dia\/2023\/06\/09\/excusas-para-no-ir-en-mesa-electoral-aceptables\/<\/p>\n<header class=\"post-header\">\n<h1 class=\"post-title\" style=\"text-align: justify;\">\u00a0<\/h1>\n<\/header>\n<\/div>\n","protected":false},"excerpt":{"rendered":"<p>Excepto en los casos tasados, la aceptaci\u00f3n o no de las excusas depender\u00e1 del criterio&#8230;<\/p>\n","protected":false},"author":1,"featured_media":62279,"comment_status":"closed","ping_status":"closed","sticky":false,"template":"","format":"standard","meta":{"_coblocks_attr":"","_coblocks_dimensions":"","_coblocks_responsive_height":"","_coblocks_accordion_ie_support":"","jetpack_post_was_ever_published":false,"_jetpack_newsletter_access":"","_jetpack_dont_email_post_to_subs":false,"_jetpack_newsletter_tier_id":0,"_jetpack_memberships_contains_paywalled_content":false,"_jetpack_memberships_contains_paid_content":false,"footnotes":"","jetpack_publicize_message":"","jetpack_publicize_feature_enabled":true,"jetpack_social_post_already_shared":false,"jetpack_social_options":{"image_generator_settings":{"template":"highway","default_image_id":0,"enabled":false},"version":2}},"categories":[1161,44,7671,6937,15],"tags":[5806,1696],"class_list":["post-62278","post","type-post","status-publish","format-standard","has-post-thumbnail","hentry","category-ciudadania","category-noticias-de-hoy","category-politica","category-sociedad","category-ultimas-noticias","tag-elecciones-generales","tag-mesas-electorales"],"jetpack_publicize_connections":[],"jetpack_featured_media_url":"https:\/\/i0.wp.com\/miradordeatarfe.es\/wp-content\/uploads\/2023\/06\/mesa-electoral.jpg?fit=800%2C400&ssl=1","jetpack_likes_enabled":true,"jetpack_sharing_enabled":true,"_links":{"self":[{"href":"https:\/\/miradordeatarfe.es\/index.php?rest_route=\/wp\/v2\/posts\/62278","targetHints":{"allow":["GET"]}}],"collection":[{"href":"https:\/\/miradordeatarfe.es\/index.php?rest_route=\/wp\/v2\/posts"}],"about":[{"href":"https:\/\/miradordeatarfe.es\/index.php?rest_route=\/wp\/v2\/types\/post"}],"author":[{"embeddable":true,"href":"https:\/\/miradordeatarfe.es\/index.php?rest_route=\/wp\/v2\/users\/1"}],"replies":[{"embeddable":true,"href":"https:\/\/miradordeatarfe.es\/index.php?rest_route=%2Fwp%2Fv2%2Fcomments&post=62278"}],"version-history":[{"count":1,"href":"https:\/\/miradordeatarfe.es\/index.php?rest_route=\/wp\/v2\/posts\/62278\/revisions"}],"predecessor-version":[{"id":62280,"href":"https:\/\/miradordeatarfe.es\/index.php?rest_route=\/wp\/v2\/posts\/62278\/revisions\/62280"}],"wp:featuredmedia":[{"embeddable":true,"href":"https:\/\/miradordeatarfe.es\/index.php?rest_route=\/wp\/v2\/media\/62279"}],"wp:attachment":[{"href":"https:\/\/miradordeatarfe.es\/index.php?rest_route=%2Fwp%2Fv2%2Fmedia&parent=62278"}],"wp:term":[{"taxonomy":"category","embeddable":true,"href":"https:\/\/miradordeatarfe.es\/index.php?rest_route=%2Fwp%2Fv2%2Fcategories&post=62278"},{"taxonomy":"post_tag","embeddable":true,"href":"https:\/\/miradordeatarfe.es\/index.php?rest_route=%2Fwp%2Fv2%2Ftags&post=62278"}],"curies":[{"name":"wp","href":"https:\/\/api.w.org\/{rel}","templated":true}]}}