{"id":62346,"date":"2023-06-19T10:29:56","date_gmt":"2023-06-19T08:29:56","guid":{"rendered":"https:\/\/miradordeatarfe.es\/?p=62346"},"modified":"2023-06-18T19:34:20","modified_gmt":"2023-06-18T17:34:20","slug":"sesion-de-informacion-al-consumidor-sobre-energia","status":"publish","type":"post","link":"https:\/\/miradordeatarfe.es\/?p=62346","title":{"rendered":"MA\u00d1ANA MARTES SESI\u00d3N DE INFORMACI\u00d3N AL CONSUMIDOR SOBRE ENERG\u00cdA"},"content":{"rendered":"<h3>Desde el Ayuntamiento, cogiendo propuesta de Diputaci\u00f3n, ha organizado, para el martes 20, una sesi\u00f3n de Informaci\u00f3n al consumidor sobre Energ\u00eda.<\/h3>\n<p>De 10 a 11:30 se asesorar\u00e1 a situaciones individuales sobre facturas, instalacion renovables, mejora bioclimatic, bono social, ayudas,&#8230;<\/p>\n<p>De 11:30 a 13 se informar\u00e1 sobre Comunidades Energ\u00e9ticas (ya en marcha la constituci\u00f3n de una)<\/p>\n<p>\n<strong>VEN E INF\u00d3RMATE.<\/strong><br \/>\n<strong>Centro\u00a0C\u00edvico\u00a0&#8211;\u00a0Atarfe<\/strong><\/p>\n<p>&nbsp;<\/p>\n<p><a href=\"https:\/\/i0.wp.com\/miradordeatarfe.es\/wp-content\/uploads\/2023\/06\/cARTEL1_page-0001.jpg?ssl=1\"><img data-recalc-dims=\"1\" loading=\"lazy\" decoding=\"async\" class=\"alignnone wp-image-62347 size-full\" src=\"https:\/\/i0.wp.com\/miradordeatarfe.es\/wp-content\/uploads\/2023\/06\/cARTEL1_page-0001.jpg?resize=640%2C905&#038;ssl=1\" alt=\"\" width=\"640\" height=\"905\" srcset=\"https:\/\/i0.wp.com\/miradordeatarfe.es\/wp-content\/uploads\/2023\/06\/cARTEL1_page-0001.jpg?w=1754&amp;ssl=1 1754w, https:\/\/i0.wp.com\/miradordeatarfe.es\/wp-content\/uploads\/2023\/06\/cARTEL1_page-0001.jpg?resize=212%2C300&amp;ssl=1 212w, https:\/\/i0.wp.com\/miradordeatarfe.es\/wp-content\/uploads\/2023\/06\/cARTEL1_page-0001.jpg?resize=724%2C1024&amp;ssl=1 724w, https:\/\/i0.wp.com\/miradordeatarfe.es\/wp-content\/uploads\/2023\/06\/cARTEL1_page-0001.jpg?resize=768%2C1086&amp;ssl=1 768w, https:\/\/i0.wp.com\/miradordeatarfe.es\/wp-content\/uploads\/2023\/06\/cARTEL1_page-0001.jpg?resize=1086%2C1536&amp;ssl=1 1086w, https:\/\/i0.wp.com\/miradordeatarfe.es\/wp-content\/uploads\/2023\/06\/cARTEL1_page-0001.jpg?resize=1448%2C2048&amp;ssl=1 1448w, https:\/\/i0.wp.com\/miradordeatarfe.es\/wp-content\/uploads\/2023\/06\/cARTEL1_page-0001.jpg?resize=1320%2C1867&amp;ssl=1 1320w\" sizes=\"auto, (max-width: 640px) 100vw, 640px\" \/><\/a><\/p>\n","protected":false},"excerpt":{"rendered":"<p>Desde el Ayuntamiento, cogiendo propuesta de Diputaci\u00f3n, ha organizado, para el martes 20, una sesi\u00f3n&#8230;<\/p>\n","protected":false},"author":1,"featured_media":62348,"comment_status":"closed","ping_status":"closed","sticky":false,"template":"","format":"standard","meta":{"_coblocks_attr":"","_coblocks_dimensions":"","_coblocks_responsive_height":"","_coblocks_accordion_ie_support":"","jetpack_post_was_ever_published":false,"_jetpack_newsletter_access":"","_jetpack_dont_email_post_to_subs":false,"_jetpack_newsletter_tier_id":0,"_jetpack_memberships_contains_paywalled_content":false,"_jetpack_memberships_contains_paid_content":false,"footnotes":"","jetpack_publicize_message":"","jetpack_publicize_feature_enabled":true,"jetpack_social_post_already_shared":false,"jetpack_social_options":{"image_generator_settings":{"template":"highway","default_image_id":0,"enabled":false},"version":2}},"categories":[2,7725,1161,186,9,44,15],"tags":[588,10498],"class_list":["post-62346","post","type-post","status-publish","format-standard","has-post-thumbnail","hentry","category-atarfe","category-atarfe-sostenible","category-ciudadania","category-instituciones","category-medio-ambiente","category-noticias-de-hoy","category-ultimas-noticias","tag-energia","tag-sesion-informativa"],"jetpack_publicize_connections":[],"jetpack_featured_media_url":"https:\/\/i0.wp.com\/miradordeatarfe.es\/wp-content\/uploads\/2023\/06\/cARTEL1_page-0001-2.jpg?fit=1754%2C851&ssl=1","jetpack_likes_enabled":true,"jetpack_sharing_enabled":true,"_links":{"self":[{"href":"https:\/\/miradordeatarfe.es\/index.php?rest_route=\/wp\/v2\/posts\/62346","targetHints":{"allow":["GET"]}}],"collection":[{"href":"https:\/\/miradordeatarfe.es\/index.php?rest_route=\/wp\/v2\/posts"}],"about":[{"href":"https:\/\/miradordeatarfe.es\/index.php?rest_route=\/wp\/v2\/types\/post"}],"author":[{"embeddable":true,"href":"https:\/\/miradordeatarfe.es\/index.php?rest_route=\/wp\/v2\/users\/1"}],"replies":[{"embeddable":true,"href":"https:\/\/miradordeatarfe.es\/index.php?rest_route=%2Fwp%2Fv2%2Fcomments&post=62346"}],"version-history":[{"count":2,"href":"https:\/\/miradordeatarfe.es\/index.php?rest_route=\/wp\/v2\/posts\/62346\/revisions"}],"predecessor-version":[{"id":62350,"href":"https:\/\/miradordeatarfe.es\/index.php?rest_route=\/wp\/v2\/posts\/62346\/revisions\/62350"}],"wp:featuredmedia":[{"embeddable":true,"href":"https:\/\/miradordeatarfe.es\/index.php?rest_route=\/wp\/v2\/media\/62348"}],"wp:attachment":[{"href":"https:\/\/miradordeatarfe.es\/index.php?rest_route=%2Fwp%2Fv2%2Fmedia&parent=62346"}],"wp:term":[{"taxonomy":"category","embeddable":true,"href":"https:\/\/miradordeatarfe.es\/index.php?rest_route=%2Fwp%2Fv2%2Fcategories&post=62346"},{"taxonomy":"post_tag","embeddable":true,"href":"https:\/\/miradordeatarfe.es\/index.php?rest_route=%2Fwp%2Fv2%2Ftags&post=62346"}],"curies":[{"name":"wp","href":"https:\/\/api.w.org\/{rel}","templated":true}]}}