{"id":62354,"date":"2023-06-20T11:37:41","date_gmt":"2023-06-20T09:37:41","guid":{"rendered":"https:\/\/miradordeatarfe.es\/?p=62354"},"modified":"2023-10-23T13:49:58","modified_gmt":"2023-10-23T11:49:58","slug":"yolanda-fernandez-psoe-toma-posesion-como-primera-alcaldesa-en-la-historia-de-atarfe","status":"publish","type":"post","link":"https:\/\/miradordeatarfe.es\/?p=62354","title":{"rendered":"EL INDEPENDIENTE DE GRANADA: Yolanda Fern\u00e1ndez (PSOE) toma posesi\u00f3n como primera alcaldesa en la historia de Atarfe"},"content":{"rendered":"<h3 style=\"text-align: justify;\">Es un honor vivir en primera persona este momento, ser la primera mujer alcaldesa y recibir tanto cari\u00f1o\u201d, ha dicho la nueva regidora, que gobernar\u00e1 con IU<\/h3>\n<div id=\"main\">\n<div class=\"item\">\n<div class=\"anteti\" style=\"text-align: justify;\">\u00abTrabajar\u00e9 con humildad y con cercan\u00eda\u00bb, ha asegurado<\/div>\n<div class=\"cols2-2\">\n<div class=\"colA\">\n<div class=\"entrad\" style=\"text-align: justify;\">\u00a0<\/div>\n<div class=\"blq-img mainImg\" style=\"text-align: justify;\">\n<div class=\"img\"><img data-recalc-dims=\"1\" loading=\"lazy\" decoding=\"async\" src=\"https:\/\/i0.wp.com\/www.elindependientedegranada.es\/sites\/default\/files\/styles\/large\/public\/politica\/alcaldesa-de-atarfe.jpg?resize=640%2C462&#038;ssl=1\" alt=\"Yolanda Fern\u00e1ndez Morales, tras ser investida alcaldesa. \" width=\"640\" height=\"462\" \/><\/div>\n<div class=\"txt\">\n<div class=\"firma\">Ayto. Atarfe<\/div>\n<div class=\"pie\">Yolanda Fern\u00e1ndez Morales, tras ser investida alcaldesa.<\/div>\n<\/div>\n<\/div>\n<div class=\"cuerpo\" style=\"text-align: justify;\">\n<p>La socialista Yolanda Fern\u00e1ndez ha tomado este s\u00e1bado posesi\u00f3n como primera mujer alcaldesa de la historia de Atarfe, un municipio que \u201ces ya es una ciudad\u201d, por lo que ha adelantado que durante este mandato dar\u00e1 respuesta a las expectativas y las inquietudes que tiene la poblaci\u00f3n atarfe\u00f1a en este sentido.<\/p>\n<p>Tras ser investida como alcaldesa en el Pleno Extraordinario y arropada por numerosos asistentes, Yolanda Fern\u00e1ndez se ha dirigido a la corporaci\u00f3n municipal para felicitar a sus miembros y a quienes formaron parte de la anterior y dar las gracias a todas las personas que le han brindado su confianza para ostentar esta responsabilidad los pr\u00f3ximos cuatro a\u00f1os. <a href=\"https:\/\/www.elindependientedegranada.es\/politica\/atarfe-tendra-primera-vez-alcaldesa-acuerdo-gobierno-psoe-iu\">Su partido, el PSOE, que obtuvo 7 concejales, gobernar\u00e1 con Izquierda Unida,<\/a> que logr\u00f3 2, con PP (6) y Vox (2) en la oposici\u00f3n.\u00a0<\/p>\n<p>\u201cEs un honor vivir en primera persona este momento, ser la primera mujer alcaldesa y recibir tanto cari\u00f1o\u201d, ha asegurado para a\u00f1adir que asume el bast\u00f3n de mando con \u201cel privilegio que supone servir de manera permanente a los vecinos y hacerlo junto a extraordinarios concejales y concejalas que tendr\u00e1n las puertas abiertas para construir juntos un futuro de progreso\u201d para Atarfe.<\/p>\n<p>\u201cNada me gustar\u00eda m\u00e1s que las atarfe\u00f1as y atarfe\u00f1os que cada d\u00eda se levantan para ir a trabajar se sientan orgullosos de vivir aqu\u00ed y que sepan que su ayuntamiento y su alcaldesa est\u00e1n ah\u00ed para apoyarles, para brindarles oportunidades, para mejorar las cosas y arrimar el hombro cuando lo necesiten\u201d, ha manifestado.<\/p>\n<p>En este contexto, ha reconocido que \u201cesta es la idea que me inspira y el objetivo de un equipo de gobierno -articulado en un pacto entre dos formaciones que compartimos planteamientos- al que capacidad, ideas y ganas no le faltan\u201d.<\/p>\n<p>De cara al mandato que se inicia, ha adelantado a sus vecinos y vecinas que no va a fallarles. \u201cTrabajar\u00e9 con humildad y cercan\u00eda para que Atarfe sea un municipio m\u00e1s pr\u00f3spero, m\u00e1s cohesionado, m\u00e1s innovador y m\u00e1s vivo; donde todo colectivo y persona -especialmente la juventud- encuentre su lugar y donde prime la igualdad entre mujeres y hombres, as\u00ed como la educaci\u00f3n, la cultura, el deporte o el patrimonio (\u2026).<\/p>\n<p>As\u00ed, se ha mostrado satisfecha de que Atarfe sea uno de los municipios metropolitanos de referencia, \u201cmoderno y pujante, con una actividad comercial y empresarial importante, con buenos servicios p\u00fablicos de calidad, equipamientos actualizados y magn\u00edficas zonas residenciales\u201d y ha reivindicado su \u201cfortaleza e identidad que, a los pies de Sierra Elvira, mira al futuro con confianza y ambici\u00f3n\u201d.\u00a0<\/p>\n<p>FOTO: Yolanda Fern\u00e1ndez Morales, tras ser investida alcaldesa. AYMO ATARFE<\/p>\n<\/div>\n<div>\n<div id=\"disqus_thread\" style=\"text-align: justify;\">http:\/\/www.elindependientedegranada.es\/politica\/yolanda-fernandez-psoe-toma-posesion-como-primera-alcaldesa-historia-atarfe<\/div>\n<\/div>\n<\/div>\n<\/div>\n<\/div>\n<\/div>\n","protected":false},"excerpt":{"rendered":"<p>Es un honor vivir en primera persona este momento, ser la primera mujer alcaldesa y&#8230;<\/p>\n","protected":false},"author":1,"featured_media":62356,"comment_status":"closed","ping_status":"closed","sticky":false,"template":"","format":"standard","meta":{"_coblocks_attr":"","_coblocks_dimensions":"","_coblocks_responsive_height":"","_coblocks_accordion_ie_support":"","jetpack_post_was_ever_published":false,"_jetpack_newsletter_access":"","_jetpack_dont_email_post_to_subs":false,"_jetpack_newsletter_tier_id":0,"_jetpack_memberships_contains_paywalled_content":false,"_jetpack_memberships_contains_paid_content":false,"footnotes":"","jetpack_publicize_message":"","jetpack_publicize_feature_enabled":true,"jetpack_social_post_already_shared":false,"jetpack_social_options":{"image_generator_settings":{"template":"highway","default_image_id":0,"enabled":false},"version":2}},"categories":[6916,1161,14,7671],"tags":[10499,4293,4340],"class_list":["post-62354","post","type-post","status-publish","format-standard","has-post-thumbnail","hentry","category-ayuntamiento-de-atarfe","category-ciudadania","category-feminismo","category-politica","tag-alcaldesa-de-atarfe","tag-ayuntamiento-de-atarfe","tag-yolanda-fernandez"],"jetpack_publicize_connections":[],"jetpack_featured_media_url":"https:\/\/i0.wp.com\/miradordeatarfe.es\/wp-content\/uploads\/2023\/06\/alcaldesa-de-atarfe-2-1.jpg?fit=266%2C208&ssl=1","jetpack_likes_enabled":true,"jetpack_sharing_enabled":true,"_links":{"self":[{"href":"https:\/\/miradordeatarfe.es\/index.php?rest_route=\/wp\/v2\/posts\/62354","targetHints":{"allow":["GET"]}}],"collection":[{"href":"https:\/\/miradordeatarfe.es\/index.php?rest_route=\/wp\/v2\/posts"}],"about":[{"href":"https:\/\/miradordeatarfe.es\/index.php?rest_route=\/wp\/v2\/types\/post"}],"author":[{"embeddable":true,"href":"https:\/\/miradordeatarfe.es\/index.php?rest_route=\/wp\/v2\/users\/1"}],"replies":[{"embeddable":true,"href":"https:\/\/miradordeatarfe.es\/index.php?rest_route=%2Fwp%2Fv2%2Fcomments&post=62354"}],"version-history":[{"count":2,"href":"https:\/\/miradordeatarfe.es\/index.php?rest_route=\/wp\/v2\/posts\/62354\/revisions"}],"predecessor-version":[{"id":62373,"href":"https:\/\/miradordeatarfe.es\/index.php?rest_route=\/wp\/v2\/posts\/62354\/revisions\/62373"}],"wp:featuredmedia":[{"embeddable":true,"href":"https:\/\/miradordeatarfe.es\/index.php?rest_route=\/wp\/v2\/media\/62356"}],"wp:attachment":[{"href":"https:\/\/miradordeatarfe.es\/index.php?rest_route=%2Fwp%2Fv2%2Fmedia&parent=62354"}],"wp:term":[{"taxonomy":"category","embeddable":true,"href":"https:\/\/miradordeatarfe.es\/index.php?rest_route=%2Fwp%2Fv2%2Fcategories&post=62354"},{"taxonomy":"post_tag","embeddable":true,"href":"https:\/\/miradordeatarfe.es\/index.php?rest_route=%2Fwp%2Fv2%2Ftags&post=62354"}],"curies":[{"name":"wp","href":"https:\/\/api.w.org\/{rel}","templated":true}]}}