{"id":62359,"date":"2023-06-22T10:43:49","date_gmt":"2023-06-22T08:43:49","guid":{"rendered":"https:\/\/miradordeatarfe.es\/?p=62359"},"modified":"2023-10-23T13:49:32","modified_gmt":"2023-10-23T11:49:32","slug":"psoe-e-iu-cogobernaran-en-seis-pueblos-del-area-metropolitana-de-granada","status":"publish","type":"post","link":"https:\/\/miradordeatarfe.es\/?p=62359","title":{"rendered":"PSOE e IU cogobernar\u00e1n en seis pueblos del \u00c1rea Metropolitana de Granada"},"content":{"rendered":"<h3 class=\"intro\">Los socialistas mantendr\u00e1n media docena de alcald\u00edas en el Cintur\u00f3n con estos pactos<\/h3>\n<p>Seis ayuntamientos del <strong>\u00c1rea Metropolitana de Granada<\/strong> estar\u00e1n gobernados conjuntamente por el PSOE e IU en cogobierno despu\u00e9s de los pactos alcanzados antes de las investiduras.<\/p>\n<figure class=\"wp-block-image size-full\"><img data-recalc-dims=\"1\" loading=\"lazy\" decoding=\"async\" class=\"wp-image-232397\" src=\"https:\/\/i0.wp.com\/ahoragranada-185c4.kxcdn.com\/wp-content\/uploads\/2023\/06\/Armilla-Loli.jpg?resize=640%2C360&#038;ssl=1\" sizes=\"auto, (max-width: 970px) 100vw, 970px\" srcset=\"https:\/\/ahoragranada-185c4.kxcdn.com\/wp-content\/uploads\/2023\/06\/Armilla-Loli.jpg 970w, https:\/\/ahoragranada-185c4.kxcdn.com\/wp-content\/uploads\/2023\/06\/Armilla-Loli-746x419.jpg 746w, https:\/\/ahoragranada-185c4.kxcdn.com\/wp-content\/uploads\/2023\/06\/Armilla-Loli-370x207.jpg 370w\" alt=\"\" width=\"640\" height=\"360\" \/><\/figure>\n<h3 class=\"wp-block-heading has-text-color\">Armilla<\/h3>\n<p>Dolores Ca\u00f1avate ha revalidado su cargo al frente del Ayuntamiento de <strong>Armilla<\/strong>, donde el pasado 28M gan\u00f3 las Elecciones de forma mayoritaria, si bien ha pactado con IU para dar estabilidad al Gobierno local.<\/p>\n<p>La regidora, que ocupa el cargo por segundo mandato seguido, ha se\u00f1alado que afronta \u00abde nuevo el reto de la Alcald\u00eda con orgullo e ilusi\u00f3n renovada, pero con plena\u00a0conciencia de la gran responsabilidad que supone, y con el compromiso de poner a poner toda la capacidad y trabajo a disposici\u00f3n de los vecinos y vecinas\u201d.<\/p>\n<p>Ca\u00f1avate ha afirmado en su intervenci\u00f3n \u201clos armilleros y armilleras han encomendado la tarea de trabajar por el pueblo, por su presente y sobre todo, por su futuro\u201d. \u201cEstoy segura de cada uno, desde el lugar que le corresponda intentaremos hacerlo lo mejor posible\u201d, ha afirmado.<\/p>\n<p>\u00abPerm\u00edtanme que siendo una \u00a0mujer socialista y feminista reivindique, especialmente hoy la necesidad de ahondar en pol\u00edticas de igualdad de g\u00e9nero. Mi compromiso es y ser\u00e1, la transversalidad de la Igualdad en toda la vida pol\u00edtica de Armilla para \u00a0garantizar un Municipio con igualdad de derechos y oportunidades entre mujeres y hombres\u00bb, ha a\u00f1adido.<\/p>\n<p>La nueva alcaldesa fija como ejes principales en los que trabajar\u00e1 los pr\u00f3ximos cuatro a\u00f1os y recogidos en su programa como la construcci\u00f3n de un nuevo Centro de Salud, mejora del empleo, de los barrios dot\u00e1ndoles de los servicios e infraestructuras que necesitan, mejora del empleo y planes de empleo y la creaci\u00f3n de una Oficina de Atenci\u00f3n a j\u00f3venes,\u00a0del medio ambiente e impulsando los Servicios Sociales.<\/p>\n<figure class=\"wp-block-image size-full\"><img data-recalc-dims=\"1\" loading=\"lazy\" decoding=\"async\" class=\"wp-image-232396\" src=\"https:\/\/i0.wp.com\/ahoragranada-185c4.kxcdn.com\/wp-content\/uploads\/2023\/06\/ALCALDESA-DE-ATARFE-1.jpg?resize=640%2C360&#038;ssl=1\" sizes=\"auto, (max-width: 970px) 100vw, 970px\" srcset=\"https:\/\/ahoragranada-185c4.kxcdn.com\/wp-content\/uploads\/2023\/06\/ALCALDESA-DE-ATARFE-1.jpg 970w, https:\/\/ahoragranada-185c4.kxcdn.com\/wp-content\/uploads\/2023\/06\/ALCALDESA-DE-ATARFE-1-746x419.jpg 746w, https:\/\/ahoragranada-185c4.kxcdn.com\/wp-content\/uploads\/2023\/06\/ALCALDESA-DE-ATARFE-1-370x207.jpg 370w\" alt=\"\" width=\"640\" height=\"360\" \/><\/figure>\n<h3 class=\"wp-block-heading has-text-color\">Atarfe<\/h3>\n<p>La socialista Yolanda Fern\u00e1ndez ha tomado posesi\u00f3n como primera mujer alcaldesa de la historia de <strong>Atarfe<\/strong>, un municipio que \u201ces ya es una ciudad\u201d, por lo que ha adelantado que durante este mandato dar\u00e1 respuesta a las expectativas y las inquietudes que tiene la poblaci\u00f3n atarfe\u00f1a en este sentido.<\/p>\n<p>Tras ser investida como alcaldesa en el Pleno Extraordinario y arropada por numerosos asistentes, Yolanda Fern\u00e1ndez se ha dirigido a la corporaci\u00f3n municipal para felicitar a sus miembros y a quienes formaron parte de la anterior y dar las gracias a todas las personas que le han brindado su confianza para ostentar esta responsabilidad los pr\u00f3ximos cuatro a\u00f1os.<\/p>\n<p>\u201cEs un honor vivir en primera persona este momento, ser la primera mujer alcaldesa y recibir tanto cari\u00f1o\u201d, ha asegurado para a\u00f1adir que asume el bast\u00f3n de mando con \u201cel privilegio que supone servir de manera permanente a los vecinos y hacerlo junto a extraordinarios concejales y concejalas que tendr\u00e1n las puertas abiertas para construir juntos un futuro de progreso\u201d para <strong>Atarfe<\/strong>.<\/p>\n<p>\u201cNada me gustar\u00eda m\u00e1s que las atarfe\u00f1as y atarfe\u00f1os que cada d\u00eda se levantan para ir a trabajar se sientan orgullosos de vivir aqu\u00ed y que sepan que su ayuntamiento y su alcaldesa est\u00e1n ah\u00ed para apoyarles, para brindarles oportunidades, para mejorar las cosas y arrimar el hombro cuando lo necesiten\u201d, ha manifestado.<\/p>\n<p>En este contexto, ha reconocido que \u201cesta es la idea que me inspira y el objetivo de un equipo de gobierno -articulado en un pacto entre dos formaciones que compartimos planteamientos- al que capacidad, ideas y ganas no le faltan\u201d.<\/p>\n<figure class=\"wp-block-image size-full\"><img data-recalc-dims=\"1\" loading=\"lazy\" decoding=\"async\" class=\"wp-image-232431\" src=\"https:\/\/i0.wp.com\/ahoragranada-185c4.kxcdn.com\/wp-content\/uploads\/2023\/06\/Investidura-Chauchina.jpg?resize=640%2C360&#038;ssl=1\" sizes=\"auto, (max-width: 970px) 100vw, 970px\" srcset=\"https:\/\/ahoragranada-185c4.kxcdn.com\/wp-content\/uploads\/2023\/06\/Investidura-Chauchina.jpg 970w, https:\/\/ahoragranada-185c4.kxcdn.com\/wp-content\/uploads\/2023\/06\/Investidura-Chauchina-746x419.jpg 746w, https:\/\/ahoragranada-185c4.kxcdn.com\/wp-content\/uploads\/2023\/06\/Investidura-Chauchina-370x207.jpg 370w\" alt=\"\" width=\"640\" height=\"360\" \/><\/figure>\n<h3 class=\"wp-block-heading has-text-color\">Chauchina<\/h3>\n<p>Jes\u00fas Fern\u00e1ndez (segundo de arriba por la izquierda) se ha convertido en nuevo alcalde de <strong>Chauchina <\/strong>despu\u00e9s de arrebatar la Alcald\u00eda al PP, vencedor de las Elecciones. Los socialistas han mantenido este bast\u00f3n de mando al que accedieron en 2019 con el apoyo de IU, reeditando as\u00ed el pacto de Gobierno de los \u00faltimos cuatro a\u00f1os.<\/p>\n<p>\u00abCreemos que el mandato de las urnas del pasado 28 de mayo ha sido claro: una amplia mayor\u00eda de vecinos y vecinas (1585 votos) ha optado por el bloque de izquierdas, PSOE e IU, un resultado muy superior al cosechado por el bloque de derechas, PP y Vox (1033 votos)\u00bb, ha explicado Fern\u00e1ndez.<\/p>\n<p>El nuevo alcalde ha garantizado que se ponen a trabajar \u00abdesde ya\u00bb para \u00abrelanzar los pueblos\u00bb, garantizando el \u00abtrabajo en equipo, clave para el \u00e9xito y el desarrollo de todos los proyectos comprometidos\u00bb.<\/p>\n<p>\u00b7Construyendo un proyecto de todos y para todos, del que se sientan part\u00edcipes todos los vecinos y vecinas, con independencia de su ideolog\u00eda o partido. La unidad es el mejor camino para conquistar el futuro. Caminemos juntos\u00bb, ha indicado.<\/p>\n<figure class=\"wp-block-image size-full\"><img data-recalc-dims=\"1\" loading=\"lazy\" decoding=\"async\" class=\"wp-image-232421\" src=\"https:\/\/i0.wp.com\/ahoragranada-185c4.kxcdn.com\/wp-content\/uploads\/2023\/06\/La-Zubia.jpg?resize=640%2C360&#038;ssl=1\" sizes=\"auto, (max-width: 970px) 100vw, 970px\" srcset=\"https:\/\/ahoragranada-185c4.kxcdn.com\/wp-content\/uploads\/2023\/06\/La-Zubia.jpg 970w, https:\/\/ahoragranada-185c4.kxcdn.com\/wp-content\/uploads\/2023\/06\/La-Zubia-746x419.jpg 746w, https:\/\/ahoragranada-185c4.kxcdn.com\/wp-content\/uploads\/2023\/06\/La-Zubia-370x207.jpg 370w\" alt=\"\" width=\"640\" height=\"360\" \/><\/figure>\n<h3 class=\"wp-block-heading has-text-color\">La Zubia<\/h3>\n<p>Purificaci\u00f3n L\u00f3pez ha revalidado el cargo de alcaldesa de <strong>La Zubia<\/strong>, al que accedi\u00f3 en julio de 2021 mediante moci\u00f3n de censura. Ahora lo ha hecho tras ganar las Elecciones con siete de los 17 concejales de la Corporaci\u00f3n y sumando a los dos concejales de IU que le garantizan la estabilidad y la mayor\u00eda absoluta.<\/p>\n<figure class=\"wp-block-image size-full\"><img data-recalc-dims=\"1\" loading=\"lazy\" decoding=\"async\" class=\"wp-image-232400\" src=\"https:\/\/i0.wp.com\/ahoragranada-185c4.kxcdn.com\/wp-content\/uploads\/2023\/06\/Monachil-2.jpg?resize=640%2C360&#038;ssl=1\" sizes=\"auto, (max-width: 970px) 100vw, 970px\" srcset=\"https:\/\/ahoragranada-185c4.kxcdn.com\/wp-content\/uploads\/2023\/06\/Monachil-2.jpg 970w, https:\/\/ahoragranada-185c4.kxcdn.com\/wp-content\/uploads\/2023\/06\/Monachil-2-746x419.jpg 746w, https:\/\/ahoragranada-185c4.kxcdn.com\/wp-content\/uploads\/2023\/06\/Monachil-2-370x207.jpg 370w\" alt=\"\" width=\"640\" height=\"360\" \/><\/figure>\n<h3 class=\"wp-block-heading has-text-color\">Monachil<\/h3>\n<p>Jos\u00e9 Morales repite por tercer mandato consecutivo como alcalde de <strong>Monachil<\/strong>, despu\u00e9s del pleno de investidura celebrado este s\u00e1bado en la localidad metropolitana. El socialista cogobernar\u00e1 el municipio despu\u00e9s de sumar sus cinco concejales al edil de IU en pacto de coalici\u00f3n, como ya ocurri\u00f3 en 2015 y 2019, si bien ahora el PSOE tiene un concejal m\u00e1s y sus socios de gobierno uno menos.<\/p>\n<figure class=\"wp-block-image size-full\"><img data-recalc-dims=\"1\" loading=\"lazy\" decoding=\"async\" class=\"wp-image-232401\" src=\"https:\/\/i0.wp.com\/ahoragranada-185c4.kxcdn.com\/wp-content\/uploads\/2023\/06\/Pinos-Puente.jpg?resize=640%2C360&#038;ssl=1\" sizes=\"auto, (max-width: 970px) 100vw, 970px\" srcset=\"https:\/\/ahoragranada-185c4.kxcdn.com\/wp-content\/uploads\/2023\/06\/Pinos-Puente.jpg 970w, https:\/\/ahoragranada-185c4.kxcdn.com\/wp-content\/uploads\/2023\/06\/Pinos-Puente-746x419.jpg 746w, https:\/\/ahoragranada-185c4.kxcdn.com\/wp-content\/uploads\/2023\/06\/Pinos-Puente-370x207.jpg 370w\" alt=\"\" width=\"640\" height=\"360\" \/><\/figure>\n<h3 class=\"wp-block-heading has-text-color\">Pinos Puente<\/h3>\n<p>Enrique Medina ha tomado posesi\u00f3n como alcalde de <strong>Pinos Puente<\/strong> tras lograr los votos de la mayor\u00eda del pleno municipal y se ha marcado como objetivo convertir el municipio \u201cen referencia del \u00c1rea Metropolitana de Granada\u201d.<\/p>\n<p>Medina, que ya ocup\u00f3 este cargo entre 2011 y 2019, ha sido investido tras el acuerdo firmado entre el PSOE e IU, que le permite regresar a la Alcald\u00eda cuatro a\u00f1os despu\u00e9s.<\/p>\n<p>Durante su discurso de investidura, el nuevo alcalde ha se\u00f1alado como prop\u00f3sito tambi\u00e9n \u201cfrenar la p\u00e9rdida de poblaci\u00f3n que sufre <strong>Pinos Puente<\/strong>\u201d y \u201cdar un nuevo impulso al municipio y sus anejos\u201d.<\/p>\n<p>\u201cCreo en <strong>Pinos Puente:<\/strong> gente trabajadora con ganas de salir adelante, que echa una mano, gente que lo ha tenido dif\u00edcil en la vida y gente honrada que quiere lo mejor para los suyos\u201d, ha afirmado, al tiempo que se ha ofrecido a dialogar con la oposici\u00f3n para sacar adelante proyectos en beneficio del conjunto del municipio.<\/p>\n<p>Tambi\u00e9n ha agradecido a los representantes de IU, con los que compartir\u00e1 equipo de gobierno, \u201csu disposici\u00f3n y su buen talante\u201d y se ha mostrado partidario de \u201ctrabajar desde la unidad para hacer frente a los retos del futuro\u201d.<\/p>\n<p>Por \u00faltimo, el nuevo regidor ha asegurado que el desarrollo del municipio \u201cno ser\u00e1 posible si no garantizamos que sus beneficios alcancen a todas las vecinas y vecinos, al margen de d\u00f3nde vivan o cu\u00e1l sea su condici\u00f3n econ\u00f3mica y social\u201d.<\/p>\n","protected":false},"excerpt":{"rendered":"<p>Los socialistas mantendr\u00e1n media docena de alcald\u00edas en el Cintur\u00f3n con estos pactos Seis ayuntamientos&#8230;<\/p>\n","protected":false},"author":1,"featured_media":62360,"comment_status":"closed","ping_status":"closed","sticky":false,"template":"","format":"standard","meta":{"_coblocks_attr":"","_coblocks_dimensions":"","_coblocks_responsive_height":"","_coblocks_accordion_ie_support":"","jetpack_post_was_ever_published":false,"_jetpack_newsletter_access":"","_jetpack_dont_email_post_to_subs":false,"_jetpack_newsletter_tier_id":0,"_jetpack_memberships_contains_paywalled_content":false,"_jetpack_memberships_contains_paid_content":false,"footnotes":"","jetpack_publicize_message":"","jetpack_publicize_feature_enabled":true,"jetpack_social_post_already_shared":false,"jetpack_social_options":{"image_generator_settings":{"template":"highway","default_image_id":0,"enabled":false},"version":2}},"categories":[6916,10781,7671],"tags":[4188,10500],"class_list":["post-62359","post","type-post","status-publish","format-standard","has-post-thumbnail","hentry","category-ayuntamiento-de-atarfe","category-granada","category-politica","tag-ciudad-metropolitana","tag-psoe-e-iu"],"jetpack_publicize_connections":[],"jetpack_featured_media_url":"https:\/\/i0.wp.com\/miradordeatarfe.es\/wp-content\/uploads\/2023\/06\/image_content_13489314_20180911101007.jpg?fit=768%2C432&ssl=1","jetpack_likes_enabled":true,"jetpack_sharing_enabled":true,"_links":{"self":[{"href":"https:\/\/miradordeatarfe.es\/index.php?rest_route=\/wp\/v2\/posts\/62359","targetHints":{"allow":["GET"]}}],"collection":[{"href":"https:\/\/miradordeatarfe.es\/index.php?rest_route=\/wp\/v2\/posts"}],"about":[{"href":"https:\/\/miradordeatarfe.es\/index.php?rest_route=\/wp\/v2\/types\/post"}],"author":[{"embeddable":true,"href":"https:\/\/miradordeatarfe.es\/index.php?rest_route=\/wp\/v2\/users\/1"}],"replies":[{"embeddable":true,"href":"https:\/\/miradordeatarfe.es\/index.php?rest_route=%2Fwp%2Fv2%2Fcomments&post=62359"}],"version-history":[{"count":1,"href":"https:\/\/miradordeatarfe.es\/index.php?rest_route=\/wp\/v2\/posts\/62359\/revisions"}],"predecessor-version":[{"id":62361,"href":"https:\/\/miradordeatarfe.es\/index.php?rest_route=\/wp\/v2\/posts\/62359\/revisions\/62361"}],"wp:featuredmedia":[{"embeddable":true,"href":"https:\/\/miradordeatarfe.es\/index.php?rest_route=\/wp\/v2\/media\/62360"}],"wp:attachment":[{"href":"https:\/\/miradordeatarfe.es\/index.php?rest_route=%2Fwp%2Fv2%2Fmedia&parent=62359"}],"wp:term":[{"taxonomy":"category","embeddable":true,"href":"https:\/\/miradordeatarfe.es\/index.php?rest_route=%2Fwp%2Fv2%2Fcategories&post=62359"},{"taxonomy":"post_tag","embeddable":true,"href":"https:\/\/miradordeatarfe.es\/index.php?rest_route=%2Fwp%2Fv2%2Ftags&post=62359"}],"curies":[{"name":"wp","href":"https:\/\/api.w.org\/{rel}","templated":true}]}}