{"id":62384,"date":"2023-06-22T10:08:11","date_gmt":"2023-06-22T08:08:11","guid":{"rendered":"https:\/\/miradordeatarfe.es\/?p=62384"},"modified":"2023-06-20T19:11:43","modified_gmt":"2023-06-20T17:11:43","slug":"capitanear-el-cambio-ante-un-desafio-climatico-nunca-visto","status":"publish","type":"post","link":"https:\/\/miradordeatarfe.es\/?p=62384","title":{"rendered":"Capitanear el cambio ante un desaf\u00edo clim\u00e1tico nunca visto"},"content":{"rendered":"<h3 class=\"a_st\" style=\"text-align: justify;\">Los l\u00edderes empresariales tienen la oportunidad de abanderar una nueva forma de hacer negocios, basada en el impacto positivo tanto en el medio ambiente como en la sociedad. El desaf\u00edo es complejo: la emergencia clim\u00e1tica. Pero iniciativas como el C\u00edrculo de Impacto B demuestran que hay margen de respuesta<\/h3>\n<p class=\"\" style=\"text-align: justify;\">Todas, absolutamente todas las personas, debemos actuar ante una emergencia clim\u00e1tica con repercusiones globales. Y, de momento, reversibles. Para que sus consecuencias no vayan a m\u00e1s, Gobiernos, sector privado y ciudadan\u00eda tienen una responsabilidad com\u00fan. Este tri\u00e1ngulo se retroalimenta mediante acciones y decisiones que, bajo la visi\u00f3n de Jos\u00e9 Armando Tellado, director general de Capsa Food, deben desembocar en un \u201cmodelo compartido y, por tanto, consensuado que ha de ser sostenible ambientalmente, pero tambi\u00e9n econ\u00f3mica y socialmente\u201d.<\/p>\n<p class=\"\" style=\"text-align: justify;\">Jos\u00e9 Armando defiende con convicci\u00f3n esta idea. Y lo hace junto a otros 15 altos directivos y directivas de grandes compa\u00f1\u00edas referentes en Espa\u00f1a. Todos ellos se han unido para dar forma al <a href=\"https:\/\/www.bcorpspain.es\/circulodeimpactob\" data-link-track-dtm=\"\" data-mrf-link=\"https:\/\/www.bcorpspain.es\/circulodeimpactob\">C\u00edrculo de Impacto B<\/a>, un grupo de l\u00edderes empresariales afines al <a href=\"https:\/\/www.bcorpspain.es\/movimiento-b\" data-link-track-dtm=\"\" data-mrf-link=\"https:\/\/www.bcorpspain.es\/movimiento-b\">Movimiento B Corp<\/a> que han tomado conciencia y que depositan sus esfuerzos en que m\u00e1s colegas se unan a una causa apremiante: \u201cNinguna empresa es viable en un mundo que se extingue\u201d, se puede leer en su <a href=\"https:\/\/cincodias.elpais.com\/extras\/ceos-para-el-cambio\/2023-05-24\/lideres-empresariales-se-unen-por-una-economia-viable-para-el-mundo.html\" data-link-track-dtm=\"\" data-mrf-link=\"https:\/\/cincodias.elpais.com\/extras\/ceos-para-el-cambio\/2023-05-24\/lideres-empresariales-se-unen-por-una-economia-viable-para-el-mundo.html\">manifiesto fundacional<\/a>.<\/p>\n<p class=\"\" style=\"text-align: justify;\">Es una batalla de largo aliento, admite Natalia Berenguer, secretaria general de Danone sur de Europa. \u201cEs dif\u00edcil apreciar el impacto de la lucha contra la emergencia clim\u00e1tica en el corto plazo\u201d, ya que exige de una \u201cfuerte inversi\u00f3n\u201d y, quiz\u00e1, lo m\u00e1s contradictorio en el hasta ahora vigente modelo empresarial de consumo fren\u00e9tico y desbocado: \u201cMuch\u00edsima paciencia\u201d.<\/p>\n<p class=\"\" style=\"text-align: justify;\">Ambos l\u00edderes saben bien que, para conseguir la transici\u00f3n hacia una econom\u00eda de impacto positivo, habr\u00e1 acciones m\u00e1s sencillas de implementar y otras que implican una transformaci\u00f3n \u201ccompleja que requiere de cambios sustanciales\u201d. Frente a este proceso, apunta Berenguer, aparecer\u00e1n, en algunas ocasiones, \u201cresistencias internas y externas\u201d.<\/p>\n<h3 class=\"\" style=\"text-align: justify;\">Es clave que m\u00e1s l\u00edderes empresariales apuesten y materialicen modelos de negocio sostenibles que cuenten con mayor visibilidad y reconocimiento<\/h3>\n<p class=\"\" style=\"text-align: justify;\">\u201cPor eso es importante el papel de un l\u00edder empresarial que piense en el prop\u00f3sito de esta transformaci\u00f3n y que se mantenga firme en sus decisiones, a pesar de que sea una lucha a largo plazo\u201d, sentencia.<\/p>\n<p class=\"\" style=\"text-align: justify;\">Al respecto, Tellado reflexiona en voz alta sobre el papel que directores y directoras generales como \u00e9l tienen para que los modelos de negocio de sus compa\u00f1\u00edas \u201cjueguen a favor\u201d de la regeneraci\u00f3n de los ecosistemas naturales, \u201cde tal manera que estos puedan seguir dando sus frutos para las pr\u00f3ximas generaciones\u201d.<\/p>\n<figure class=\"a_m a_m-h \" style=\"text-align: justify;\"><span class=\"_db a_m_w _pr lb_btn\"><img data-recalc-dims=\"1\" loading=\"lazy\" decoding=\"async\" class=\"_re lazyload a_m-h\" src=\"https:\/\/i0.wp.com\/imagenes.elpais.com\/resizer\/ASecS0CSd2h2YYQRWqbsbyzBqo4%3D\/414x0\/cloudfront-eu-central-1.images.arcpublishing.com\/prisa\/IP2AGZTPIJFBFFLGNL7XNOUBPU.png?resize=414%2C282&#038;ssl=1\" srcset=\"https:\/\/imagenes.elpais.com\/resizer\/ASecS0CSd2h2YYQRWqbsbyzBqo4=\/414x0\/cloudfront-eu-central-1.images.arcpublishing.com\/prisa\/IP2AGZTPIJFBFFLGNL7XNOUBPU.png 414w,https:\/\/imagenes.elpais.com\/resizer\/o-VMa9Pb5wQpBysZ6M1_ei8VbLs=\/828x0\/cloudfront-eu-central-1.images.arcpublishing.com\/prisa\/IP2AGZTPIJFBFFLGNL7XNOUBPU.png 640w,https:\/\/imagenes.elpais.com\/resizer\/-Ax0rYSX8BeqCaVlJobteMUxfuM=\/980x0\/cloudfront-eu-central-1.images.arcpublishing.com\/prisa\/IP2AGZTPIJFBFFLGNL7XNOUBPU.png 1000w,https:\/\/imagenes.elpais.com\/resizer\/mal8s_ZueoqxLyRmT2Ht3LvGgHo=\/1960x0\/cloudfront-eu-central-1.images.arcpublishing.com\/prisa\/IP2AGZTPIJFBFFLGNL7XNOUBPU.png 1960w\" alt=\"Jos\u00e9 Armando Tellado, director general de Capsa Food,\" width=\"414\" height=\"282\" \/><\/span><figcaption class=\"a_m_p\">Jos\u00e9 Armando Tellado, director general de Capsa Food,<\/figcaption><\/figure>\n<p class=\"\" style=\"text-align: justify;\">Tiempo atr\u00e1s, en 2008, era impensable descifrar qu\u00e9 escond\u00edan siglas como ASG (referidas a los criterios ambientales, sociales y de gobernanza). La crisis econ\u00f3mica de entonces tambale\u00f3 los cimientos de \u201ctodo el sistema empresarial\u201d, quedando deslegitimado, observa Berenguer. Esos hechos dieron lugar a una \u201ccultura empresarial alternativa\u201d espoleada, en parte, por una ciudadan\u00eda m\u00e1s empoderada, con capacidad de influir en las decisiones pol\u00edticas y de las organizaciones a trav\u00e9s de sus actos y decisiones de compra. El punto de inflexi\u00f3n definitivo, completa, fue lo que vino en 2020, tras otra crisis generada, esta vez, por la pandemia: entre la polarizaci\u00f3n y la incertidumbre, empez\u00f3 a germinar un \u201cmodelo empresarial con prop\u00f3sito\u201d que busca generar un impacto positivo no solo en los accionistas sino tambi\u00e9n en todos los \u201cgrupos de inter\u00e9s\u201d (como proveedores, clientes, trabajadores, consumidores, comunidades en las que opera y sociedad en general. El mensaje, insiste, es claro: \u201cSin prop\u00f3sito, a largo plazo, el negocio no ser\u00e1 sostenible\u201d.<\/p>\n<h2 class=\"\" style=\"text-align: justify;\">Cuesti\u00f3n de viabilidad<\/h2>\n<p class=\"\" style=\"text-align: justify;\">Las empresas no son ajenas a una tendencia imparable: la humanidad pide garantizar un futuro. Y, en ese horizonte, tambi\u00e9n hay n\u00fameros que se empiezan a vislumbrar. El a\u00f1o pasado cerr\u00f3 con 1.032 entidades asociadas al <a href=\"https:\/\/www.miteco.gob.es\/es\/ceneam\/formacion-ambiental\/cursos-y-postgrados\/pacto-mundial-naciones-unidas-red-espanola.aspx\" data-link-track-dtm=\"\" data-mrf-link=\"https:\/\/www.miteco.gob.es\/es\/ceneam\/formacion-ambiental\/cursos-y-postgrados\/pacto-mundial-naciones-unidas-red-espanola.aspx\">Pacto Global de Naciones Unidas en Espa\u00f1a<\/a>, registrando un crecimiento del 11% respecto al ejercicio anterior. El n\u00famero de organizaciones que emiten informes de sostenibilidad <a href=\"https:\/\/info.pactomundial.org\/ibex35yagenda2030\" data-link-track-dtm=\"\" data-mrf-link=\"https:\/\/info.pactomundial.org\/ibex35yagenda2030\">en el IBEX<\/a> tambi\u00e9n crece. A nivel global, ya hay casi 7.000 empresas B Corp que cumplen con los altos est\u00e1ndares de desempe\u00f1o social y ambiental, transparencia y responsabilidad legal requeridos para serlo. Aparecen nuevas figuras como los directores de sostenibilidad (CSO, por sus siglas en ingl\u00e9s), cuyo objetivo es medir el impacto medioambiental de la empresa y potenciar las pol\u00edticas verdes en sinton\u00eda con la legislaci\u00f3n. Y herramientas de medici\u00f3n y gesti\u00f3n del impacto empresarial como la <a href=\"https:\/\/app.bimpactassessment.net\/login\" data-link-track-dtm=\"\" data-mrf-link=\"https:\/\/app.bimpactassessment.net\/login\">Evaluaci\u00f3n de Impacto B<\/a> o el <a href=\"https:\/\/app.bimpactassessment.net\/get-started\/partner\/ungc\" data-link-track-dtm=\"\" data-mrf-link=\"https:\/\/app.bimpactassessment.net\/get-started\/partner\/ungc\">SDG Action Manager<\/a> ya cuentan con m\u00e1s de 200.000 usuarios registrados.<\/p>\n<p class=\"\" style=\"text-align: justify;\">A ese puzle sostenible, Tellado le a\u00f1ade la \u201ctransparencia\u201d para que el consumidor utilice la informaci\u00f3n \u201cde manera adecuada y lleve a cabo la mejor elecci\u00f3n de compra\u201d. En otras palabras, sensibilizar y hacer pedagog\u00eda para que cada persona sepa la importancia que tienen sus decisiones \u201ca la hora de jugar a favor de la naturaleza y frenar los efectos del cambio clim\u00e1tico\u201d.<\/p>\n<p class=\"\" style=\"text-align: justify;\">Ambos coinciden en que aquellas organizaciones que velan por el bienestar de las personas y el planeta deben ser capaces de \u201cmedir e interpretar\u201d el impacto que generan y \u201ccomunicarlo de forma efectiva\u201d. Solo as\u00ed se crear\u00e1 un modelo cristalino donde la sociedad podr\u00e1 comprobar \u201cqui\u00e9n est\u00e1 jugando a favor de la generaci\u00f3n de impacto positivo y premiar este comportamiento\u201d. Har\u00e1 falta, agrega Berenguer, que esta cultura se interiorice \u201cen la estrategia del negocio\u201d.<\/p>\n<p class=\"\" style=\"text-align: justify;\">De cara a los Estados, recuerda que hay f\u00f3rmulas vigentes y cuya repercusi\u00f3n es tangible: medidas de <a href=\"https:\/\/cincodias.elpais.com\/extras\/entorno\/2023-05-19\/siete-anos-para-recuperar-el-tiempo-perdido-en-fiscalidad-ambiental.html\" data-link-track-dtm=\"\" data-mrf-link=\"https:\/\/cincodias.elpais.com\/extras\/entorno\/2023-05-19\/siete-anos-para-recuperar-el-tiempo-perdido-en-fiscalidad-ambiental.html\">fiscalidad verde<\/a>; el fomento de la compra p\u00fablica verde; la inclusi\u00f3n de criterios en concursos, subvenciones o ayudas que propicien dicha transformaci\u00f3n. Sin ir m\u00e1s lejos, una de las principales reclamaciones que impulsa actualmente el <a href=\"https:\/\/cincodias.elpais.com\/extras\/ceos-para-el-cambio\/\" data-link-track-dtm=\"\" data-mrf-link=\"https:\/\/cincodias.elpais.com\/extras\/ceos-para-el-cambio\/\">C\u00edrculo de Impacto B<\/a> es la aprobaci\u00f3n en nuestro pa\u00eds del reglamento de la figura jur\u00eddica de Sociedad de Beneficio e Inter\u00e9s Com\u00fan (SBIC) \u201ccon las que se reconoce a aquellas empresas que generan beneficio social y ambiental, adem\u00e1s del econ\u00f3mico\u201d.<\/p>\n<h2 class=\"\" style=\"text-align: justify;\">Carrera cero emisiones<\/h2>\n<p class=\"\" style=\"text-align: justify;\">Eran los primeros coletazos de la pandemia (junio de 2020), pero eso no impidi\u00f3 que se conformase, v\u00eda webinar, la Alianza por la Acci\u00f3n Clim\u00e1tica: en ese primer momento, fueron 996 compa\u00f1\u00edas (algunas de las m\u00e1s grandes del mundo) las que se comprometieron a llegar a la meta de las cero emisiones para 2050. Esa cifra, a finales de 2022, <a href=\"https:\/\/climateinitiativesplatform.org\/index.php\/Climate_Ambition_Alliance:_Net_Zero_2050\" data-link-track-dtm=\"\" data-mrf-link=\"https:\/\/climateinitiativesplatform.org\/index.php\/Climate_Ambition_Alliance:_Net_Zero_2050\">ya alcanzaba<\/a> las 8.238 empresas.<\/p>\n<p class=\"\" style=\"text-align: justify;\">\u201cSomos muchas las empresas que estamos implementando iniciativas para reducir nuestros consumos energ\u00e9ticos, incorporar renovables, reducir nuestras emisiones de gases de efecto invernadero, o mejorando nuestro uso de los recursos naturales y nuestra relaci\u00f3n con ellos\u201d, defiende Tellado, para qui\u00e9n \u201cel salto definitivo\u201d llegar\u00e1 cuando se alcancen \u201cnuevos modelos de rentabilidad\u201d en los distintos sectores y el adjetivo sostenible \u201cya no sea necesario\u201d.<\/p>\n<p class=\"\" style=\"text-align: justify;\">La iniciativa impulsada por la Organizaci\u00f3n de las Naciones Unidas (ONU) deja bien claro que hace falta potenciar un esp\u00edritu de colaboraci\u00f3n p\u00fablico-privada, tanto para el desarrollo de nuevas tecnolog\u00edas que permitan avanzar en el objetivo, como para que consumidor y sociedad se sientan parte responsable y activa de la descarbonizaci\u00f3n.<\/p>\n<h2 class=\"\" style=\"text-align: justify;\">Vanguardia de la industria agroalimentaria<\/h2>\n<p class=\"\" style=\"text-align: justify;\">Tanto Capsa Food como Danone, empresas <a href=\"https:\/\/www.bcorpspain.es\/\" data-link-track-dtm=\"\" data-mrf-link=\"https:\/\/www.bcorpspain.es\/\">B Corp<\/a>, avanzan en la consecuci\u00f3n de estos objetivos con compromisos en firme. El sector agroalimentario, al que pertenecen ambas compa\u00f1\u00edas, contribuye en un 10,5% al total de emisiones de gases de efecto invernadero (GEI), seg\u00fan la Agencia Europea del Medio Ambiente, mientras que en Espa\u00f1a, por su parte, englobaron el 14% de las emisiones de GEI a marzo de 2022, seg\u00fan <a href=\"https:\/\/www.miteco.gob.es\/es\/calidad-y-evaluacion-ambiental\/temas\/sistema-espanol-de-inventario-sei-\/es_nir_edicion2022_tcm30-523942.pdf\" data-link-track-dtm=\"\" data-mrf-link=\"https:\/\/www.miteco.gob.es\/es\/calidad-y-evaluacion-ambiental\/temas\/sistema-espanol-de-inventario-sei-\/es_nir_edicion2022_tcm30-523942.pdf\">un informe<\/a> el Ministerio para la Transici\u00f3n Ecol\u00f3gica y el Reto Demogr\u00e1fico (Miteco).<\/p>\n<p class=\"\" style=\"text-align: justify;\">Ambos l\u00edderes destacan los esfuerzos hechos por sus respectivas industrias: el sector alimentario (que emite un cuarto de los GEI mundiales) es, al mismo tiempo, \u201cuno de los que m\u00e1s contribuye a compensar su CO2\u2033 con la transformaci\u00f3n del modelo agroganadero. De hecho, desde 1990, las emisiones de GEI en esta actividad econ\u00f3mica \u201cse han reducido en intensidad en casi un 50%\u201d, subrayan.<\/p>\n<h3 class=\"\" style=\"text-align: justify;\">Sector primario y mundo rural ser\u00e1n protagonistas de \u201cbuena parte de la respuesta\u201d para lograr un crecimiento econ\u00f3mico sostenible<\/h3>\n<p class=\"\" style=\"text-align: justify;\">El sector participa de manera decisiva, adem\u00e1s, en los Objetivos de Desarrollo Sostenible (ODS) establecidos por la ONU como parte de la Agenda 2030. \u201cTenemos una relevancia crucial en la consecuci\u00f3n de todos los ODS\u201d, afirma Tellado. En el caso de Capsa Food, su actividad se vincula a diversos objetivos, desde los b\u00e1sicos (el 1, por el hambre cero, o el 2, para poner fin a la pobreza) hasta puntos tan clave como el 8, que promueve un crecimiento econ\u00f3mico sostenible. Al respecto, considera \u201cfundamental\u201d el apoyo al sector primario y al mundo rural, protagonistas de \u201cbuena parte de la respuesta\u201d: hay que intensificar los esfuerzos en \u201cacompa\u00f1ar a nuestra \u00faltima frontera con la naturaleza\u201d para que siga siendo una herramienta crucial en la consecuci\u00f3n de los objetivos.<\/p>\n<p class=\"\" style=\"text-align: justify;\">Por parte de Danone, se comprometen a al menos ocho de los ODS, de los que Berenguer hace hincapi\u00e9 en el n\u00famero 3 (salud y bienestar), el 12 (producci\u00f3n y consumo responsable) y el 13 (acci\u00f3n por el clima).<\/p>\n<p class=\"\" style=\"text-align: justify;\">Pero a\u00fan queda mucho camino por delante, aunque los pasos dados por ambas empresas sirvan como referencia. En este sentido, Tellado subraya que es vital incentivar la sostenibilidad entre loss proveedores; medir la huella de carbono de todos los procesos; reducir el desperdicio alimentario; implantar planes de eficiencia energ\u00e9tica y del agua; apostar por la innovaci\u00f3n y establecer una econom\u00eda circular para evitar cero residuos en el vertedero.<\/p>\n<p class=\"\" style=\"text-align: justify;\">A su vez, Berenguer destaca la necesidad de apostar por la circularidad e incluirla, como \u201cpilar fundamental de la estrategia de sostenibilidad y de negocio\u201d. En este sentido, Danone ya impulsa iniciativas basadas en el redise\u00f1o, la reducci\u00f3n, reutilizaci\u00f3n y reciclabilidad de los envases.<\/p>\n<p class=\"\" style=\"text-align: justify;\">Berenguer aporta adem\u00e1s otras claves, como el fomento de una agricultura regenerativa \u201cque secuestre el CO2 emitido\u201d, con el objetivo de conseguir la reducci\u00f3n del 30% de emisiones de metano procedentes de la leche fresca para 2030 (parte del Compromiso Global sobre el Metano de la ONU), siendo parte del 6% de las empresas espa\u00f1olas comprometidas a adoptar estos objetivos de reducci\u00f3n basados en la ciencia y validados por el <a href=\"https:\/\/sciencebasedtargets.org\/\" data-link-track-dtm=\"\" data-mrf-link=\"https:\/\/sciencebasedtargets.org\/\">SBTi<\/a> (Science Based Targets Initiative).<\/p>\n<p class=\"\" style=\"text-align: justify;\">Ejemplos hay, como demuestran ambos l\u00edderes, para aspirar a otro modelo comprometido con la preservaci\u00f3n del planeta. Pero requiere de un cambio \u201cdel crecimiento al desarrollo\u201d, apremia Tellado. \u201cNo solo debemos generar beneficio econ\u00f3mico, sino m\u00e1s y mejores recursos disponibles para las siguientes generaciones\u201d. Y es que nos encontramos, en un contexto en el que la sociedad ha entendido que la actividad empresarial \u201cno genera unos beneficios exclusivamente en una foto fija; sino que genera un impacto continuado sobre el futuro\u201d. El camino, concluye Berenguer, requerir\u00e1 que \u201clos l\u00edderes de verdad entiendan la necesidad y el impacto positivo que luchar contra la emergencia clim\u00e1tica tiene sobre el negocio\u201d.<\/p>\n<p class=\"\" style=\"text-align: justify;\">En \u00faltima instancia, la crisis clim\u00e1tica depender\u00e1 \u201cde todos, y solo juntos conseguiremos hacer frente a este enorme desaf\u00edo\u201d.<\/p>\n<p style=\"text-align: justify;\">\u00a0<\/p>\n<p style=\"text-align: justify;\"><a class=\"a_md_a_n\" title=\"Ver todas las noticias de Juan Le\u00f3n Garc\u00eda\" href=\"https:\/\/cincodias.elpais.com\/autor\/juan-leon-garcia\/#?rel=author_top\" data-mrf-link=\"https:\/\/cincodias.elpais.com\/autor\/juan-leon-garcia\/\"><strong>Juan Le\u00f3n Garc\u00eda<\/strong><\/a><\/p>\n<header class=\"a_e _g _g-xs\">\n<div class=\"a_e_m\">\n<figure class=\"a_m a_m-h \"><figcaption class=\"a_m_p\">FOTO: Natalia Berenguer, secretaria general de Danone sur de Europa.<\/figcaption><\/figure>\n<\/div>\n<\/header>\n<div class=\"a_md _g _g-xs ni\">\n<div class=\"a_md_txt\">\n<div class=\"a_md_a\" style=\"text-align: justify;\" data-dtm-region=\"articulo_firma\">https:\/\/cincodias.elpais.com\/extras\/ceos-para-el-cambio\/2023-06-08\/capitanear-el-cambio-ante-un-desafio-climatico-nunca-visto.html?ads=fbads_5d_b_corp_%28c%C3%ADrculo_de_impacto%29_6&amp;fbclid=IwAR3G5PQmr7M&#8211;ry4lr7BBR9TO2u1-37vG43jFTKU4mI0Hb-qr0iD4Oz2YOM_aem_th_AUP_QUGYCtTIEbY_O7ndYr9HeDL2I-bqqL4X8Z-P4rDlIbJv0SZRin6j9HWdj7nLgESOR4PjNoNqDZcddaV1Wpc4<\/div>\n<\/div>\n<\/div>\n","protected":false},"excerpt":{"rendered":"<p>Los l\u00edderes empresariales tienen la oportunidad de abanderar una nueva forma de hacer negocios, basada&#8230;<\/p>\n","protected":false},"author":1,"featured_media":62385,"comment_status":"closed","ping_status":"closed","sticky":false,"template":"","format":"standard","meta":{"_coblocks_attr":"","_coblocks_dimensions":"","_coblocks_responsive_height":"","_coblocks_accordion_ie_support":"","jetpack_post_was_ever_published":false,"_jetpack_newsletter_access":"","_jetpack_dont_email_post_to_subs":false,"_jetpack_newsletter_tier_id":0,"_jetpack_memberships_contains_paywalled_content":false,"_jetpack_memberships_contains_paid_content":false,"footnotes":"","jetpack_publicize_message":"","jetpack_publicize_feature_enabled":true,"jetpack_social_post_already_shared":false,"jetpack_social_options":{"image_generator_settings":{"template":"highway","default_image_id":0,"enabled":false},"version":2}},"categories":[7725,1161,44,6937,15],"tags":[10504,65,2705],"class_list":["post-62384","post","type-post","status-publish","format-standard","has-post-thumbnail","hentry","category-atarfe-sostenible","category-ciudadania","category-noticias-de-hoy","category-sociedad","category-ultimas-noticias","tag-circularidad","tag-economia","tag-reciclaje"],"jetpack_publicize_connections":[],"jetpack_featured_media_url":"https:\/\/i0.wp.com\/miradordeatarfe.es\/wp-content\/uploads\/2023\/06\/Screenshot-2023-06-20-at-19-08-49-Capitanear-el-cambio-ante-un-desafio-climatico-nunca-visto.png?fit=682%2C506&ssl=1","jetpack_likes_enabled":true,"jetpack_sharing_enabled":true,"_links":{"self":[{"href":"https:\/\/miradordeatarfe.es\/index.php?rest_route=\/wp\/v2\/posts\/62384","targetHints":{"allow":["GET"]}}],"collection":[{"href":"https:\/\/miradordeatarfe.es\/index.php?rest_route=\/wp\/v2\/posts"}],"about":[{"href":"https:\/\/miradordeatarfe.es\/index.php?rest_route=\/wp\/v2\/types\/post"}],"author":[{"embeddable":true,"href":"https:\/\/miradordeatarfe.es\/index.php?rest_route=\/wp\/v2\/users\/1"}],"replies":[{"embeddable":true,"href":"https:\/\/miradordeatarfe.es\/index.php?rest_route=%2Fwp%2Fv2%2Fcomments&post=62384"}],"version-history":[{"count":1,"href":"https:\/\/miradordeatarfe.es\/index.php?rest_route=\/wp\/v2\/posts\/62384\/revisions"}],"predecessor-version":[{"id":62386,"href":"https:\/\/miradordeatarfe.es\/index.php?rest_route=\/wp\/v2\/posts\/62384\/revisions\/62386"}],"wp:featuredmedia":[{"embeddable":true,"href":"https:\/\/miradordeatarfe.es\/index.php?rest_route=\/wp\/v2\/media\/62385"}],"wp:attachment":[{"href":"https:\/\/miradordeatarfe.es\/index.php?rest_route=%2Fwp%2Fv2%2Fmedia&parent=62384"}],"wp:term":[{"taxonomy":"category","embeddable":true,"href":"https:\/\/miradordeatarfe.es\/index.php?rest_route=%2Fwp%2Fv2%2Fcategories&post=62384"},{"taxonomy":"post_tag","embeddable":true,"href":"https:\/\/miradordeatarfe.es\/index.php?rest_route=%2Fwp%2Fv2%2Ftags&post=62384"}],"curies":[{"name":"wp","href":"https:\/\/api.w.org\/{rel}","templated":true}]}}