{"id":62394,"date":"2023-06-23T09:33:07","date_gmt":"2023-06-23T07:33:07","guid":{"rendered":"https:\/\/miradordeatarfe.es\/?p=62394"},"modified":"2023-06-20T19:45:49","modified_gmt":"2023-06-20T17:45:49","slug":"sobre-cambios-en-las-campanas-normas-y-debates-electorales","status":"publish","type":"post","link":"https:\/\/miradordeatarfe.es\/?p=62394","title":{"rendered":"&#8216;Sobre cambios en las campa\u00f1as, normas y debates electorales&#8217;"},"content":{"rendered":"<div id=\"main\">\n<div class=\"item\">\n<div class=\"cols2-2\">\n<div class=\"colA\">\n<div class=\"cuerpo\">\n<h3 class=\"divdest\" style=\"text-align: justify;\" align=\"center\"><em>\u2018Esta deber\u00eda ser la \u00faltima campa\u00f1a antes de una reforma de las normas electorales. Los debates p\u00fablicos, necesarios en democracia, deber\u00edan incluir este tema en la agenda para conocer qu\u00e9 proponen los diferentes partidos pol\u00edticos\u2019<\/em><\/h3>\n<\/div>\n<\/div>\n<\/div>\n<\/div>\n<\/div>\n<p style=\"text-align: justify;\">Soy partidario de amplias reformas en la normativa electoral. Algunas son simples y de poca trascendencia como la <strong>supresi\u00f3n del d\u00eda de reflexi\u00f3n y una regulaci\u00f3n de las encuestas m\u00e1s acorde con los tiempos que corren.<\/strong> Otras son de mayor calado como la evoluci\u00f3n<strong> hacia una jornada electoral <em>on line<\/em><\/strong>, <strong>sin colegios ni mesas electorales, sin interventores ni apoderados, sin papeletas ni sobres, ni cabinas\u2026<\/strong> Hace unas semanas en la Universidad de Granada se ha elegido rector de esta forma con total normalidad como prueba de que el sistema \u2018t\u00e9cnicamente\u2019 es posible.<\/p>\n<p style=\"text-align: justify;\">M\u00e1s all\u00e1 de un D\u00eda D \u2018virtual\u2019 deber\u00edamos avanzar con rapidez hacia unas <strong>campa\u00f1as electorales diferentes<\/strong> que adem\u00e1s de ser m\u00e1s baratas deber\u00edan servir para que cumplieran con su objetivo fundamental: hacer balance de la acci\u00f3n de los gobiernos y contrastar propuestas, programas y equipos de las diferentes opciones pol\u00edticas. En este punto uno de los temas centrales de las nuevas campa\u00f1as debe ser una adecuada y necesaria regulaci\u00f3n de los debates electorales, en medios de comunicaci\u00f3n, p\u00fablicos y privados, con normas que no dependan de la conveniencia o no de participar de los partidos sino en el derecho a la informaci\u00f3n de la ciudadan\u00eda que debe convertirse en un deber para los contendientes.<\/p>\n<p style=\"text-align: justify;\">Entiendo que la cuesti\u00f3n no es f\u00e1cil, (debates entre dos o m\u00e1s candidatos, debates generales o sectoriales, regulaci\u00f3n de los tiempos, eliminar la rigidez de la sucesi\u00f3n de mon\u00f3logos en que se han convertido la mayor\u00eda de los escasos debates celebrados hasta ahora, muy lejos de lo que ocurre en otras democracias\u2026), pero todos esos elementos no pueden convertirse sistem\u00e1ticamente en excusas de los jefes de campa\u00f1a para proteger su cartel o marca y, en \u00faltima instancia, <strong>la democracia es el contraste de posiciones y opiniones<\/strong> y no encuentro mejor f\u00f3rmula que la confrontaci\u00f3n pol\u00edtica directa ante los electores. Bien es cierto que los debates no deber\u00edan reducirse a los quince d\u00edas de la campa\u00f1a oficial, sino que debiera ser una din\u00e1mica habitual y peri\u00f3dica en una democracia avanzada.<\/p>\n<p style=\"text-align: justify;\">Estas nuevas <strong>campa\u00f1as electorales ser\u00edan en primera instancia, como he se\u00f1alado, m\u00e1s econ\u00f3micas<\/strong>. El gasto en propaganda, actos p\u00fablicos, ser\u00eda mucho m\u00e1s reducido, asunto que no es balad\u00ed, pero sobre todo deber\u00edan ser m\u00e1s eficaces en cuanto al mejor conocimiento de las diferentes opciones pol\u00edticas. No hay que pecar de ingenuidad e ignorar el reparto desequilibrado del poder de los grandes grupos medi\u00e1ticos cuyos<strong> consejos de administraci\u00f3n est\u00e1n en manos de grupos financieros y empresariales juegan muy escorados a la banda derecha<\/strong>, (no leer lo de banda en sentido literal, forma parte de la met\u00e1fora futbol\u00edstica), pero conf\u00edo en que estos cambios facilitar\u00edan el ejercicio profesional de los periodistas que quedar\u00edan empoderados para, al menos, mitigar la vergonzosa influencia de los poderes econ\u00f3micos en la opini\u00f3n publicada; el \u2018periodismo\u2019 como profesi\u00f3n\u00a0 podr\u00eda y deber\u00eda recuperar progresivamente su prestigio y su nobleza. El arbitraje de las asociaciones de periodistas y de otros colectivos podr\u00eda ayudar en esta aut\u00e9ntica evoluci\u00f3n con r.<\/p>\n<p style=\"text-align: justify;\">En Espa\u00f1a siempre ha estado absolutamente descompensada la realidad medi\u00e1tica y la sociol\u00f3gica, con una desproporci\u00f3n abismal de cabeceras y potencia medi\u00e1tica a favor de las derechas varias que, como confes\u00f3 Luis Mar\u00eda Ans\u00f3n, y yo no me canso de se\u00f1alar sobre todo para las generaciones que no lo vivieron, los medios de comunicaci\u00f3n <em>\u201c<strong>pusieron al Estado al borde de su ca\u00edda para acabar con Felipe Gonz\u00e1lez\u201d<\/strong><\/em><strong>.<\/strong> Con este reparto desequilibrado hemos sobrevivido, pero en el contexto actual m\u00e1s peligroso que esta desigual batalla ideol\u00f3gica en la opini\u00f3n publicada es que <strong>est\u00e9 dirigida para colocar en la conversaci\u00f3n p\u00fablica asuntos que son medias verdades o completas falsedades<\/strong>. S\u00f3lo as\u00ed es comprensible que se hayan instalado asuntos como las <em>okupaciones<\/em>, las denuncias falsas de mujeres maltratadas o los supuestos pactos con Bildu o con ETA y que una gran cantidad de gente \u2018haya comprado\u2019 este producto fabricado en la trastienda de poderosos <em>think tanks.<\/em><\/p>\n<p class=\"sumari\" style=\"text-align: justify;\">Uno de los cambios estructurales que propongo ser\u00eda la configuraci\u00f3n de una<strong> Agencia de verificaci\u00f3n de noticias y de mensajes electorales,<\/strong> (que deber\u00eda extenderse fuera de las campa\u00f1as electorales), que pudiera asistir a los medios de comunicaci\u00f3n y a las Juntas Electorales, y a las que cualquier ciudadano podr\u00eda acudir para consultar sobre &#8216;fakes-news&#8217;, bulos, denuncias falsas o cualquier forma de intoxicaci\u00f3n o manipulaci\u00f3n informativa. <strong>Ahora quedan impunes estos comportamientos que pueden tener una gran trascendencia electoral o<\/strong>, en el mejor de los casos, se resuelven a\u00f1os despu\u00e9s de la celebraci\u00f3n de las elecciones, como hemos comprobado con los dopajes de algunos partidos pol\u00edticos o con la condena con multas irrisorias por saltarse la ley electoral. Un ejemplo son los 960 euros en multas confirmadas por el Supremo en el mes de febrero de este a\u00f1o por infracciones en la campa\u00f1a del \u00a14M de2021!, en este caso por hacer campa\u00f1a en actos institucionales, infringiendo su obligaci\u00f3n de neutralidad pol\u00edtica como presidenta de la Comunidad de Madrid.<\/p>\n<p style=\"text-align: justify;\"><strong>La Inteligencia Artificial, podr\u00eda ser de gran ayuda, p<\/strong>or su potencial y rapidez en este sentido y se podr\u00eda regular la obligatoriedad de la publicaci\u00f3n de los informes y dict\u00e1menes de esta \u2018Agencia Anti-bulos\u2019 en los mismos medios en los que se hubiera eventualmente publicado.<\/p>\n<p class=\"sumari\" style=\"text-align: justify;\">Saber qu\u00e9 opinan al respecto los candidatos y candidatas podr\u00eda ser un eje de contraste de pareceres y de propuestas, aunque me temo que quien basa su estrategia electoral en su dominio cuasi absoluto del panorama medi\u00e1tico vaya a renunciar &#8216;motu proprio&#8217; a este privilegio<\/p>\n<p style=\"text-align: justify;\">Estos cambios no llegar\u00e1n a tiempo para los debates en las elecciones del 23J aunque s\u00ed pueden convertirse en debates en la propia campa\u00f1a. Saber qu\u00e9 opinan al respecto los candidatos y candidatas podr\u00eda ser un eje de contraste de pareceres y de propuestas, aunque me temo que quien basa su estrategia electoral en su dominio cuasi absoluto del panorama medi\u00e1tico vaya a renunciar motu<em> proprio<\/em> a este privilegio.<\/p>\n<p style=\"text-align: justify;\">Hay que tener en cuenta que en la actualidad la derecha extrema y la extrema derecha espa\u00f1ola y europea han copiado los esquemas y las estrategias del <em>trumpismo<\/em> y del <em>bolsonarismo<\/em>. Se basan en l<strong>a realizaci\u00f3n, con eficacia y coordinaci\u00f3n, de dos campa\u00f1as paralelas<\/strong>; la primera consiste en movilizar el voto de su electorado, (un suelo de un 25% de los espa\u00f1oles, por definici\u00f3n un voto hipermovilizado), al que intenta arrastrar hasta sus redes a una parte del electorado desencantada con su situaci\u00f3n personal y sus expectativas ante la vida, a base de prometer ca\u00f1as, un relato de victoria, odio y venganza, tan ineficiente como proyecto social como reparador en lo emocional.<strong> La segunda campa\u00f1a, a la que cada vez dedica m\u00e1s recursos, va dirigida a desmovilizar el voto del electorado progresista,<\/strong> (por definici\u00f3n a su vez un voto hipercr\u00edtico que a menudo conduce a la fragmentaci\u00f3n), que, en ning\u00fan caso, por razones ideol\u00f3gicas, va a votar a las derechas, pero que sucumbe a la llamada a quedarse en casa, a la abstenci\u00f3n, a la de \u201ctodos los pol\u00edticos son iguales\u201d y otros mensajes que calan como lluvia fina. Esta <em>underground strategy<\/em>, a veces muy sutil y subliminal, unido al sistema electoral, es la que les puede dar mayor\u00edas parlamentarias amplias a la derecha, con las que desempata la polarizaci\u00f3n pol\u00edtica que vivimos desde los tiempos de Aznar.<\/p>\n<p class=\"sumari\" style=\"text-align: justify;\">Mientras que se debate sobre estos cambios en las normas electorales, en las campa\u00f1as electorales, y eventualmente se van implantando y adecuando a la nueva realidad social y tecnol\u00f3gica, seamos conscientes de c\u00f3mo algunos est\u00e1n forzando las reglas del juego pol\u00edtico y las reglas de la democracia<\/p>\n<p style=\"text-align: justify;\">Estas campa\u00f1as est\u00e1n bien segmentadas y cuentan con la complicidad y connivencia de \u2018los poderes ocultos\u2019, los grandes grupos medi\u00e1ticos y hasta, (\u2018manda huevos\u2019) la propia Radiotelevisi\u00f3n p\u00fablica espa\u00f1ola, que durante estos a\u00f1os del gobierno de coalici\u00f3n ha seguido dominada por los mismos \u2018aires conservadores\u2019 de la etapa de Rajoy.<\/p>\n<p style=\"text-align: justify;\">Mientras que se debate sobre estos cambios en las normas electorales, en las campa\u00f1as electorales, y eventualmente se van implantando y adecuando a la nueva realidad social y tecnol\u00f3gica, seamos conscientes de c\u00f3mo algunos est\u00e1n forzando las reglas del juego pol\u00edtico y las reglas de la democracia. <strong>No deber\u00edamos caer en la trampa de que el que tiene m\u00e1s capacidad para enga\u00f1ar, para distorsionar la realidad, sea el vencedor porque ser\u00e1 un fracaso en t\u00e9rminos democr\u00e1ticos en el que pagaremos justos por pecadores<\/strong>. Reclamemos debates electorales, al menos, entre las dos opciones principales que aspiran al gobierno y sancionemos con nuestro voto a los que no est\u00e9n dispuestos a la confrontaci\u00f3n dial\u00e9ctica, en vivo y en directo, con luz y taqu\u00edgrafos, por coyuntural conveniencia pol\u00edtica, por miedo e inseguridad o por la estrategia de ocultar sus planes. Vayamos a que nos quieran contar \u2018el d\u00eda despu\u00e9s\u2019 lo que van a hacer si llegan a La Moncloa.<\/p>\n<p><strong> <span class=\"autor\"> <a href=\"https:\/\/www.elindependientedegranada.es\/autor\/121\">Ignacio Henares<\/a> <\/span><\/strong><\/p>\n<div class=\"firma\">FOTO: IndeGranada<\/div>\n<div class=\"pie\">Una cabina electoral.<\/div>\n<div>\u00a0<\/div>\n<div>https:\/\/www.elindependientedegranada.es\/blog\/sobre-cambios-campanas-normas-debates-electorales<\/div>\n","protected":false},"excerpt":{"rendered":"<p>\u2018Esta deber\u00eda ser la \u00faltima campa\u00f1a antes de una reforma de las normas electorales. Los&#8230;<\/p>\n","protected":false},"author":1,"featured_media":62395,"comment_status":"closed","ping_status":"closed","sticky":false,"template":"","format":"standard","meta":{"_coblocks_attr":"","_coblocks_dimensions":"","_coblocks_responsive_height":"","_coblocks_accordion_ie_support":"","jetpack_post_was_ever_published":false,"_jetpack_newsletter_access":"","_jetpack_dont_email_post_to_subs":false,"_jetpack_newsletter_tier_id":0,"_jetpack_memberships_contains_paywalled_content":false,"_jetpack_memberships_contains_paid_content":false,"footnotes":"","jetpack_publicize_message":"","jetpack_publicize_feature_enabled":true,"jetpack_social_post_already_shared":false,"jetpack_social_options":{"image_generator_settings":{"template":"highway","default_image_id":0,"enabled":false},"version":2}},"categories":[1161,44,7671,6937,6920,15],"tags":[9317,10506],"class_list":["post-62394","post","type-post","status-publish","format-standard","has-post-thumbnail","hentry","category-ciudadania","category-noticias-de-hoy","category-politica","category-sociedad","category-tecnologia","category-ultimas-noticias","tag-campanas-electorales","tag-ley-electoral"],"jetpack_publicize_connections":[],"jetpack_featured_media_url":"https:\/\/i0.wp.com\/miradordeatarfe.es\/wp-content\/uploads\/2023\/06\/papeletas.jpg?fit=650%2C487&ssl=1","jetpack_likes_enabled":true,"jetpack_sharing_enabled":true,"_links":{"self":[{"href":"https:\/\/miradordeatarfe.es\/index.php?rest_route=\/wp\/v2\/posts\/62394","targetHints":{"allow":["GET"]}}],"collection":[{"href":"https:\/\/miradordeatarfe.es\/index.php?rest_route=\/wp\/v2\/posts"}],"about":[{"href":"https:\/\/miradordeatarfe.es\/index.php?rest_route=\/wp\/v2\/types\/post"}],"author":[{"embeddable":true,"href":"https:\/\/miradordeatarfe.es\/index.php?rest_route=\/wp\/v2\/users\/1"}],"replies":[{"embeddable":true,"href":"https:\/\/miradordeatarfe.es\/index.php?rest_route=%2Fwp%2Fv2%2Fcomments&post=62394"}],"version-history":[{"count":1,"href":"https:\/\/miradordeatarfe.es\/index.php?rest_route=\/wp\/v2\/posts\/62394\/revisions"}],"predecessor-version":[{"id":62396,"href":"https:\/\/miradordeatarfe.es\/index.php?rest_route=\/wp\/v2\/posts\/62394\/revisions\/62396"}],"wp:featuredmedia":[{"embeddable":true,"href":"https:\/\/miradordeatarfe.es\/index.php?rest_route=\/wp\/v2\/media\/62395"}],"wp:attachment":[{"href":"https:\/\/miradordeatarfe.es\/index.php?rest_route=%2Fwp%2Fv2%2Fmedia&parent=62394"}],"wp:term":[{"taxonomy":"category","embeddable":true,"href":"https:\/\/miradordeatarfe.es\/index.php?rest_route=%2Fwp%2Fv2%2Fcategories&post=62394"},{"taxonomy":"post_tag","embeddable":true,"href":"https:\/\/miradordeatarfe.es\/index.php?rest_route=%2Fwp%2Fv2%2Ftags&post=62394"}],"curies":[{"name":"wp","href":"https:\/\/api.w.org\/{rel}","templated":true}]}}