{"id":62397,"date":"2023-06-24T11:00:38","date_gmt":"2023-06-24T09:00:38","guid":{"rendered":"https:\/\/miradordeatarfe.es\/?p=62397"},"modified":"2023-06-24T11:11:47","modified_gmt":"2023-06-24T09:11:47","slug":"rafael-guillen-en-el-recuerdo-por-alberto-granados","status":"publish","type":"post","link":"https:\/\/miradordeatarfe.es\/?p=62397","title":{"rendered":"\u00abRafael Guill\u00e9n en el recuerdo\u00bb por Alberto Granados"},"content":{"rendered":"<h3 class=\"has-black-color has-text-color has-medium-font-size\" style=\"text-align: justify;\" data-adtags-visited=\"true\">Hace apenas unas horas muri\u00f3 en Granada, su ciudad de siempre, el poeta <a href=\"https:\/\/www.rafael-guillen.com\/\">Rafael Guill\u00e9n<\/a>, en mi opini\u00f3n uno de los poetas m\u00e1s solventes de las \u00faltimas d\u00e9cadas. Su figura y su obra est\u00e1n apareciendo en los medios, por lo que voy a centrarme aqu\u00ed en el aspecto humano del personaje, con el que mantuve alg\u00fan contacto y al que salud\u00e9 en tantos encuentros del panorama cultural granadino.<\/h3>\n<p class=\"has-black-color has-text-color has-medium-font-size\" style=\"text-align: justify;\" data-adtags-visited=\"true\">Fue uno de los m\u00e1s reputados poetas de la generaci\u00f3n del cincuenta y dio un impulso a la poes\u00eda en Granada, muda desde el asesinato de Garc\u00eda Lorca. Junto a otros poetas y artistas pl\u00e1sticos locales fund\u00f3 un movimiento po\u00e9tico, <em>Versos al aire libre<\/em>, en que cupieron las diferentes concepciones de cada uno de sus miembros sin el menor problema por el eclecticismo. Poco despu\u00e9s, se refundaron en el grupo <em>Veleta al Sur<\/em>, que hizo de nuestra ciudad un verdadero faro del que irradi\u00f3 una resplandeciente fuerza creadora.<\/p>\n<p class=\"has-black-color has-text-color has-medium-font-size\" style=\"text-align: justify;\" data-adtags-visited=\"true\">Desde los cincuenta hasta ahora, Rafel Guill\u00e9n ha publicado unos 25 poemarios, uno de los cuales, <em>Los estados transparentes<\/em>, le vali\u00f3 el Premio Nacional de Poes\u00eda en 1994. Tambi\u00e9n ha escrito libros de viajes y uno muy especial sobre Granada, <em>Granada. Invenci\u00f3n del aire<\/em>, con fotograf\u00edas de \u00c1ngel Sanchez.<\/p>\n<p class=\"has-black-color has-text-color has-medium-font-size\" style=\"text-align: justify;\" data-adtags-visited=\"true\">Reparti\u00f3 su vida entre su trabajo profesional como empleado de banca y sus grandes pasiones. La primera de estas fue Nina (en realidad se llama \u00c1urea), su mujer, amante, musa y eterna acompa\u00f1ante. Otra de sus grandes aficiones fueron los viajes, algo que llev\u00f3 a la pareja a recorrer medio mundo y que sirvi\u00f3 de tema para muchos de sus poemas y libros de viajes. La edici\u00f3n fue otra de sus aficiones y una colecci\u00f3n de cuadernillos, manuscritos e ilustrados por pintores locales, salieron de su iniciativa, la colecci\u00f3n <em>Papeles de Carro de san Pedro<\/em>, nombre tomado de la calle en que vivieron tanto \u00e9l como su compa\u00f1ero de armas Francisco Izquierdo. No conviene olvidar su decisiva respuesta a una convocatoria de la Consejer\u00eda de Cultura de la Junta de Andaluc\u00eda, que cristaliz\u00f3 en la Academia de Buenas Letras de Granada, en cuya formaci\u00f3n tanto tuvo qu\u00e9 ver.<\/p>\n<figure class=\"wp-block-image size-large is-resized\" style=\"text-align: justify;\"><a href=\"https:\/\/albertogranados.files.wordpress.com\/2023\/05\/img_2117.jpg\"><img data-recalc-dims=\"1\" loading=\"lazy\" decoding=\"async\" class=\"wp-image-8933\" src=\"https:\/\/albertogranados.files.wordpress.com\/2023\/05\/img_2117.jpg?w=640&#038;resize=640%2C480\" sizes=\"auto, (max-width: 843px) 100vw, 843px\" srcset=\"https:\/\/albertogranados.files.wordpress.com\/2023\/05\/img_2117.jpg 640w, https:\/\/albertogranados.files.wordpress.com\/2023\/05\/img_2117.jpg?w=150 150w, https:\/\/albertogranados.files.wordpress.com\/2023\/05\/img_2117.jpg?w=300 300w\" alt=\"\" width=\"640\" height=\"480\" data-attachment-id=\"8933\" data-permalink=\"https:\/\/albertogranados.wordpress.com\/2023\/05\/06\/rafael-guillen-en-el-recuerdo\/img_2117\/\" data-orig-file=\"https:\/\/albertogranados.files.wordpress.com\/2023\/05\/img_2117.jpg\" data-orig-size=\"640,480\" data-comments-opened=\"1\" data-image-meta=\"{&quot;aperture&quot;:&quot;5&quot;,&quot;credit&quot;:&quot;&quot;,&quot;camera&quot;:&quot;Canon PowerShot SX500 IS&quot;,&quot;caption&quot;:&quot;&quot;,&quot;created_timestamp&quot;:&quot;1392669808&quot;,&quot;copyright&quot;:&quot;&quot;,&quot;focal_length&quot;:&quot;15.407&quot;,&quot;iso&quot;:&quot;800&quot;,&quot;shutter_speed&quot;:&quot;0.125&quot;,&quot;title&quot;:&quot;&quot;,&quot;orientation&quot;:&quot;1&quot;}\" data-image-title=\"img_2117\" data-image-description=\"\" data-image-caption=\"\" data-medium-file=\"https:\/\/albertogranados.files.wordpress.com\/2023\/05\/img_2117.jpg?w=300\" data-large-file=\"https:\/\/albertogranados.files.wordpress.com\/2023\/05\/img_2117.jpg?w=560\" \/><\/a><\/figure>\n<p class=\"has-text-align-center\" style=\"text-align: justify;\" data-adtags-visited=\"true\">Andr\u00e9s C\u00e1rdenas, Rafael Guill\u00e9n y Eduardo Castro en las jornadas sobre periodismo y literatura<\/p>\n<p class=\"has-black-color has-text-color has-medium-font-size\" style=\"text-align: justify;\" data-adtags-visited=\"true\">Cada vez que don Rafael participaba en un acto, all\u00ed iba yo: an\u00f3nimamente lo acompa\u00f1\u00e9 cuando el Centro Andaluz de las Letras le invit\u00f3 en la Cuadra Dorada de la Casa de los Tiros a una lectura de sus poemas, o cuando el Centro Art\u00edstico lo homenaje\u00f3. o cuando la Biblioteca de Andaluc\u00eda present\u00f3 la recepci\u00f3n de su legado y su biblioteca, generosamente donados por el poeta.<\/p>\n<figure class=\"wp-block-image size-large\" style=\"text-align: justify;\"><a href=\"https:\/\/albertogranados.files.wordpress.com\/2023\/05\/la-capilla-pichina.jpg\"><img data-recalc-dims=\"1\" decoding=\"async\" class=\"wp-image-8931\" src=\"https:\/\/albertogranados.files.wordpress.com\/2023\/05\/la-capilla-pichina.jpg?w=640\" sizes=\"(max-width: 1024px) 100vw, 1024px\" srcset=\"https:\/\/albertogranados.files.wordpress.com\/2023\/05\/la-capilla-pichina.jpg?w=1024 1024w, https:\/\/albertogranados.files.wordpress.com\/2023\/05\/la-capilla-pichina.jpg 2048w, https:\/\/albertogranados.files.wordpress.com\/2023\/05\/la-capilla-pichina.jpg?w=150 150w, https:\/\/albertogranados.files.wordpress.com\/2023\/05\/la-capilla-pichina.jpg?w=300 300w, https:\/\/albertogranados.files.wordpress.com\/2023\/05\/la-capilla-pichina.jpg?w=768 768w\" alt=\"\" data-attachment-id=\"8931\" data-permalink=\"https:\/\/albertogranados.wordpress.com\/2023\/05\/06\/rafael-guillen-en-el-recuerdo\/la-capilla-pichina\/\" data-orig-file=\"https:\/\/albertogranados.files.wordpress.com\/2023\/05\/la-capilla-pichina.jpg\" data-orig-size=\"2048,1536\" data-comments-opened=\"1\" data-image-meta=\"{&quot;aperture&quot;:&quot;0&quot;,&quot;credit&quot;:&quot;&quot;,&quot;camera&quot;:&quot;Orange Yumo&quot;,&quot;caption&quot;:&quot;&quot;,&quot;created_timestamp&quot;:&quot;1039348800&quot;,&quot;copyright&quot;:&quot;&quot;,&quot;focal_length&quot;:&quot;2.96&quot;,&quot;iso&quot;:&quot;0&quot;,&quot;shutter_speed&quot;:&quot;0&quot;,&quot;title&quot;:&quot;&quot;,&quot;orientation&quot;:&quot;0&quot;}\" data-image-title=\"la-capilla-pichina\" data-image-description=\"\" data-image-caption=\"\" data-medium-file=\"https:\/\/albertogranados.files.wordpress.com\/2023\/05\/la-capilla-pichina.jpg?w=300\" data-large-file=\"https:\/\/albertogranados.files.wordpress.com\/2023\/05\/la-capilla-pichina.jpg?w=560\" \/><\/a><\/figure>\n<p class=\"has-text-align-center\" style=\"text-align: justify;\" data-adtags-visited=\"true\">La \u00abCapilla Pichina\u00bb, en el Restaurante Carmen Mirador de Morayma<\/p>\n<p class=\"has-black-color has-text-color has-medium-font-size\" style=\"text-align: justify;\" data-adtags-visited=\"true\">Era muy serio, pero cuando <em>entraba en materia<\/em> desplegaba un humor socarr\u00f3n y divertido que contrastaba con su contenci\u00f3n habitual. Particip\u00f3 en unas Jornadas sobre periodismo y literatura que organizaron la desaparecida Asociaci\u00f3n de la Prensa y la Academia de Buenas Letras. Cont\u00f3 c\u00f3mo accedi\u00f3 a la poes\u00eda, c\u00f3mo conoci\u00f3 a su compa\u00f1ero Jos\u00e9 Carlos Gallardo que pas\u00f3 de ser un interno en el correccional de San Miguel Alto a ser monitor de la instituci\u00f3n, de la noche al d\u00eda y sin transici\u00f3n. Cont\u00f3, entre las carcajadas de los asistentes, como se reun\u00edan en su casa los pintores y poetas para preparar las publicaciones del grupo. Las sesiones creativas daban paso a beber unos vinos y a las bromas, a veces subidas de tono, hasta que Nina intent\u00f3 poner orden porque los temas y las carcajadas no se adecuaban a una casa donde viv\u00edan cuatro ni\u00f1os. Se trasladaron entonces al Carmen que Mariano Cruz ten\u00eda unos metros m\u00e1s arriba en el Albayz\u00edn. De cuando en cuando, con una ampl\u00edsima sonrisa, dec\u00eda \u201c\u00a1Qu\u00e9 tropa!\u201d. Recuerdo aquella tarde en que lo presentaban los periodistas Andr\u00e9s C\u00e1rdenas y Eduardo Castro. Andr\u00e9s le insist\u00eda: \u201cRafael, Rafael, cuenta lo de la Capilla Pichina\u201d, y embalado lo cont\u00f3: cuando se fueron al Carmen de Mariano Cruz, actualmente Restaurante el Carmen Mirador de Morayma, y desapareci\u00f3 la presencia de los hijos, los pintores decidieron <em>decorar<\/em> el aljibe ya sin cortapisas ni censuras. Lo contaba: \u201cCayetano An\u00edbal pint\u00f3 una verga monstruosa y encabalgados \u00edbamos todos los dem\u00e1s. O un cielo que empezaba mostrando nubes que poco a poco se convert\u00edan en culos y tetas\u2026\u201d. Y repet\u00eda su mantra: \u201c\u00a1Qu\u00e9 tropa!\u201d.<\/p>\n<p class=\"has-black-color has-text-color has-medium-font-size\" style=\"text-align: justify;\" data-adtags-visited=\"true\">Durante una actividad del Centro Art\u00edstico alguien le pregunt\u00f3 c\u00f3mo era posible que a\u00fan su ciudad no le hubiera concedido el Premio Garc\u00eda Lorca de Poes\u00eda: \u201cPorque no he nacido ni en Cuba, ni en M\u00e9xico, sino al lado de san Juan de Dios\u201d. Al a\u00f1o siguiente fue premiado.<\/p>\n<p class=\"has-black-color has-text-color has-medium-font-size\" style=\"text-align: justify;\" data-adtags-visited=\"true\">Le dediqu\u00e9 uno de mis relatos, uno de los que m\u00e1s me gustan, <a href=\"https:\/\/albertogranados.wordpress.com\/2014\/02\/22\/la-mujer-que-leia-a-machado\/\"><em>La mujer que le\u00eda a Machad<\/em>o <\/a>y cuando en 2017 tuve la osad\u00eda de publicar mi libro autoeditado <em>Mariana contemplando las mareas<\/em>, le llev\u00e9 a su casa un ejemplar. Me atendi\u00f3 de una forma tan hospitalaria que me daba apuro, pues ese d\u00eda cumpl\u00eda a\u00f1os y la casa se iba llenando de sus hijos y de un enjambre de nietos. Tuvo la gentileza de regalarme dos de sus libros; <em>Prosas viajeras<\/em> y <em>Versos para los momentos perdidos<\/em>, un libro delicioso que guardo con verdadero cari\u00f1o.<\/p>\n<p class=\"has-black-color has-text-color has-medium-font-size\" style=\"text-align: justify;\" data-adtags-visited=\"true\">En su poema <em><a href=\"http:\/\/amediavoz.com\/guillenRafael.htm#SER%20UN%20INSTANTE\">Ser un instante<\/a><\/em> escribi\u00f3 un verso que siempre me ha sobrecogido: <em>Todo lo bello es triste mientras exista el tiempo<\/em>. El tiempo, la edad y la p\u00e9rdida no consiguen ni conseguir\u00e1n enturbiar la contundente belleza de su poes\u00eda. Que la tierra le sea leve.<\/p>\n<p class=\"has-black-color has-text-color has-medium-font-size\" data-adtags-visited=\"true\">Alberto Granados<\/p>\n<p>foto: Rafael Guill\u00e9n (Imagen de \u00c1lex C\u00e1mara en Ahora Granada)<\/p>\n<p>publicado : <span class=\"entry-date\"><a title=\"12:55\" href=\"https:\/\/albertogranados.wordpress.com\/2023\/05\/06\/rafael-guillen-en-el-recuerdo\/\" rel=\"bookmark\">6 mayo, 2023<\/a><\/span> en el blog de Alberto Granados<\/p>\n<p>https:\/\/albertogranados.wordpress.com\/<\/p>\n","protected":false},"excerpt":{"rendered":"<p>Hace apenas unas horas muri\u00f3 en Granada, su ciudad de siempre, el poeta Rafael Guill\u00e9n,&#8230;<\/p>\n","protected":false},"author":1,"featured_media":62398,"comment_status":"closed","ping_status":"closed","sticky":false,"template":"","format":"standard","meta":{"_coblocks_attr":"","_coblocks_dimensions":"","_coblocks_responsive_height":"","_coblocks_accordion_ie_support":"","jetpack_post_was_ever_published":false,"_jetpack_newsletter_access":"","_jetpack_dont_email_post_to_subs":false,"_jetpack_newsletter_tier_id":0,"_jetpack_memberships_contains_paywalled_content":false,"_jetpack_memberships_contains_paid_content":false,"footnotes":"","jetpack_publicize_message":"","jetpack_publicize_feature_enabled":true,"jetpack_social_post_already_shared":false,"jetpack_social_options":{"image_generator_settings":{"template":"highway","default_image_id":0,"enabled":false},"version":2}},"categories":[39,1161,44,6937,15],"tags":[9777,10322],"class_list":["post-62397","post","type-post","status-publish","format-standard","has-post-thumbnail","hentry","category-opinion-de-alberto-granados","category-ciudadania","category-noticias-de-hoy","category-sociedad","category-ultimas-noticias","tag-rafael-guillen","tag-tertulia"],"jetpack_publicize_connections":[],"jetpack_featured_media_url":"https:\/\/i0.wp.com\/miradordeatarfe.es\/wp-content\/uploads\/2023\/06\/rafael-guillen-imagen-de-alex-camara-en-ahora-granada.jpg?fit=970%2C545&ssl=1","jetpack_likes_enabled":true,"jetpack_sharing_enabled":true,"_links":{"self":[{"href":"https:\/\/miradordeatarfe.es\/index.php?rest_route=\/wp\/v2\/posts\/62397","targetHints":{"allow":["GET"]}}],"collection":[{"href":"https:\/\/miradordeatarfe.es\/index.php?rest_route=\/wp\/v2\/posts"}],"about":[{"href":"https:\/\/miradordeatarfe.es\/index.php?rest_route=\/wp\/v2\/types\/post"}],"author":[{"embeddable":true,"href":"https:\/\/miradordeatarfe.es\/index.php?rest_route=\/wp\/v2\/users\/1"}],"replies":[{"embeddable":true,"href":"https:\/\/miradordeatarfe.es\/index.php?rest_route=%2Fwp%2Fv2%2Fcomments&post=62397"}],"version-history":[{"count":1,"href":"https:\/\/miradordeatarfe.es\/index.php?rest_route=\/wp\/v2\/posts\/62397\/revisions"}],"predecessor-version":[{"id":62399,"href":"https:\/\/miradordeatarfe.es\/index.php?rest_route=\/wp\/v2\/posts\/62397\/revisions\/62399"}],"wp:featuredmedia":[{"embeddable":true,"href":"https:\/\/miradordeatarfe.es\/index.php?rest_route=\/wp\/v2\/media\/62398"}],"wp:attachment":[{"href":"https:\/\/miradordeatarfe.es\/index.php?rest_route=%2Fwp%2Fv2%2Fmedia&parent=62397"}],"wp:term":[{"taxonomy":"category","embeddable":true,"href":"https:\/\/miradordeatarfe.es\/index.php?rest_route=%2Fwp%2Fv2%2Fcategories&post=62397"},{"taxonomy":"post_tag","embeddable":true,"href":"https:\/\/miradordeatarfe.es\/index.php?rest_route=%2Fwp%2Fv2%2Ftags&post=62397"}],"curies":[{"name":"wp","href":"https:\/\/api.w.org\/{rel}","templated":true}]}}