{"id":62402,"date":"2023-06-21T08:20:26","date_gmt":"2023-06-21T06:20:26","guid":{"rendered":"https:\/\/miradordeatarfe.es\/?p=62402"},"modified":"2023-06-21T08:20:26","modified_gmt":"2023-06-21T06:20:26","slug":"de-la-antequeruela-a-paris-y-vuelta-a-la-alhambra","status":"publish","type":"post","link":"https:\/\/miradordeatarfe.es\/?p=62402","title":{"rendered":"De la Antequeruela a Par\u00eds y vuelta a la Alhambra"},"content":{"rendered":"<h3 class=\"v-a-sub-t\" style=\"text-align: justify;\">Cervantes pas\u00f3 por Granada, como cobrador de arbitrios, dejando estela desde Baza hasta Alhama<\/h3>\n<p class=\"v-p\" style=\"text-align: justify;\">sta noche, cuando estrenamos solsticio, all\u00ed arriba estar\u00e1n los mejores. El emperador Carlos pondr\u00e1 su palacio, como anfitri\u00f3n para ecos y reverberos. Cervantes extender\u00e1 la an\u00e9cdota y escanciar\u00e1 sus hermosas palabras. Manuel de Falla animar\u00e1 con su original m\u00fasica. La familia Lanz, abuelo en el recuerdo y nieto en la modernidad, abrir\u00e1n nuestros ojos al asombro. Y el Festival invitar\u00e1 a la OCG, dirigida por Aar\u00f3n Zapico, para que ocupe la otra mitad del escenario.<\/p>\n<p class=\"v-p\" style=\"text-align: justify;\">El domingo pr\u00f3ximo har\u00e1 justo un siglo de que, reci\u00e9n estrenado aquel solsticio, tambi\u00e9n se estren\u00f3 &#8216;El retablo de Maese Pedro&#8217;, de Manuel de Falla, en el sal\u00f3n de la princesa de Polignac, en Par\u00eds. Los \u00faltimos y equinocciales retoques a la obra, se los hab\u00eda dado el gaditano en su casa de la Antequeruela. Y contin\u00faa siendo un enigma el por qu\u00e9 el compositor eligi\u00f3 este tema cervantino, ante la libertad, de argumento y orquestaci\u00f3n, ofrecida por la princesa Singer, cuando le encarg\u00f3 la obra en noviembre de 1918. Yo creo que fue el amor que sent\u00eda Falla hacia Francia, donde vivi\u00f3 su juventud, aprendi\u00f3 nueva m\u00fasica, siempre conserv\u00f3 grandes amigos y, al final, estrenar\u00eda algunas de sus obras. Don Manuel, \u00abpuesta la imaginaci\u00f3n en Par\u00eds\u00bb, rebusc\u00f3 en la literatura \u00e1urea espa\u00f1ola y encontr\u00f3 esta p\u00e1gina del Quijote en la que, en lontananza, espejea la \u00e9poca m\u00e1s dorada de la antigua Francia: la de Carlo Magno.<\/p>\n<p class=\"v-p\" style=\"text-align: justify;\">Cervantes pas\u00f3 por Granada, como cobrador de arbitrios, dejando estela desde Baza hasta Alhama. Tambi\u00e9n la capital nombra lo cervantino en docena y media de t\u00edtulos, desde el cuartel de la avenida de Pulianas, hasta el teatro inicuamente derribado, pasando por varios centros escolares, un barrio y la escalera del Ayuntamiento, donde campea la frase m\u00e1s laudatoria del genio nacido junto al Henares a la ciudad recostada junto al Darro.<\/p>\n<p class=\"v-p\" style=\"text-align: justify;\">Sin embargo don Quijote, en sus varias salidas, nunca atraves\u00f3 Puerta Elvira. Por eso han sido varios los que lo han invitado a visitar nuestra ciudad. Y, ci\u00f1\u00e9ndonos al Festival, cuya 72 edici\u00f3n comienza hoy, ya desde su inicio, en 1952, hizo sonar el &#8216;Don Quijote&#8217; de R. Strauss, en el violonchelo de Gaspar Cassad\u00f3, junto a la ONE, dirigida por Ata\u00falfo Argenta. Luego, en varias ocasiones, se ha bailado el &#8216;Don Quijote&#8217; de Petipa y Minkus, por ser de repertorio. Y otras obras menores, inspiradas en Cervantes, han menudeado por el ampl\u00edsimo programa que pronto abarcar\u00e1 tres cuartos de siglo. Para completar la n\u00f3mina, esta noche tambi\u00e9n escucharemos la &#8216;Burlesque de Quichotte&#8217; de Telemann y &#8216;Don Quichotte chez la Duchesse&#8217; del menos conocido Bodin Boismortier, piezas que corroboran la universalidad del personaje en la m\u00fasica.<\/p>\n<p class=\"v-p\" style=\"text-align: justify;\">La &#8216;peque\u00f1a locura&#8217; escrita por Cervantes en Madrid, ocurrida en un lugar de la Mancha de Arag\u00f3n, ambientada a ambos lados de los Pirineos, recreada por Falla en la Antequeruela y estrenada en Par\u00eds, ha viajado al Festival de Granada en diversas ocasiones. La primera fue el 28 de junio de 1953, de nuevo con Argenta dirigiendo a un grupo de la Nacional y Lola Rodr\u00edguez Arag\u00f3n como soprano. Una d\u00e9cada m\u00e1s tarde, el 2 de julio de 1962, Rafael Fr\u00fchbeck de Burgos, tambi\u00e9n en el Carlos V, dirigi\u00f3 a Isabel Penagos y Luis Villarejo con la renovada ONE, versi\u00f3n que pas\u00f3 sin pena ni gloria. El 4 de julio de 1976 fue de las primeras veces que &#8216;el retablo&#8217; se represent\u00f3 con marionetas en el Carlos V. Volv\u00eda Isabel Penagos, esta vez con la Agrupaci\u00f3n Espa\u00f1ola de C\u00e1mara, dirigida por Od\u00f3n Alonso, y los t\u00edteres eran de Francisco Peralta, con direcci\u00f3n esc\u00e9nica de Rafael P\u00e9rez Sierra.<\/p>\n<p class=\"v-p\" style=\"text-align: justify;\">Le sigui\u00f3 una rareza: la representaci\u00f3n de esta pieza en el Auditorio Manuel de Falla, en octubre de 1980, durante la asamblea anual de la Asociaci\u00f3n Europea de Festivales. Jes\u00fas Sanz Ramiro dirigi\u00f3 a la soprano Young Hee Lee y al tenor Pedro Gilabert, ante t\u00edteres dise\u00f1ados por Soledad Sevilla y Lupe R\u00edos. De nuevo el Auditorio se abri\u00f3 el 25 de junio de 1986 para ver un peculiar montaje de la obra de Falla por la orquesta Sinf\u00f3nica de Karlovy Vary, en versi\u00f3n de Radomil Eliska, con el discutible vestuario de los protagonistas como los de Tip y Coll, d\u00fao que por entonces arrasaba. Sin embargo el Auditorio tambi\u00e9n sirvi\u00f3 para la presentaci\u00f3n del Josep Pons m\u00e1s esc\u00e9nico en Granada. All\u00ed, al frente de su orquesta del Teatro Lliure, el d\u00eda 17 de junio de 1989, nos ofreci\u00f3 una impecable versi\u00f3n del &#8216;retablo&#8217; con direcci\u00f3n teatral de Carme Portaceli.<\/p>\n<p class=\"v-p\" style=\"text-align: justify;\">El 22 de junio de 1996 las paredes del Carlos V se salpicaron de im\u00e1genes transl\u00facidas e inusitada frescura en el trato de este cl\u00e1sico. Por primera vez la obra era interpretada por nuestra OCG, en este caso dirigida por Jos\u00e9 Ram\u00f3n Encinar. Ariel Garc\u00eda Vald\u00e9s fue director de escena y toda la responsabilidad visual fue de Javier Marsical, que recibi\u00f3 m\u00e1s elogios que reproches.<\/p>\n<p class=\"v-p\" style=\"text-align: justify;\">Tras transverberar un siglo al otro y ver el montaje de El Tridente, lleg\u00f3 el 25 de junio de 2019 cuando el Festival program\u00f3 la versi\u00f3n de t\u00edteres Etc\u00e9tera, con la OCG, en el Parque de las Ciencias, donde Enrique Lanz y Yanisbel Mart\u00ednez echaban el resto celebrando los 30 a\u00f1os de su compa\u00f1\u00eda. Una versi\u00f3n similar a aquella ser\u00e1 la que esta noche rubrique en el Carlos V el suma y sigue.<\/p>\n<p class=\"v-p\" style=\"text-align: justify;\">Para el estreno de 1923 no fueron ajenas las rentas generadas por las m\u00e1quinas de coser Singer. Para esta noche tres rostros serios nos har\u00e1n re\u00edr: Cervantes tan severo en su ap\u00f3crifo retrato, Falla de sonrisa esquiva en las fotos, Enrique de responsable a circunspecto. Porque de locura hablamos: un titiritero ambulante representa, en una venta, la historia de la princesa Melisendra, prisionera de moros en Sansue\u00f1a, lejos de Francia, donde Carlos Magno reprende la pasividad de su yerno Gaiferos que no corre a salvarla. Tras compungirnos viendo a esta otra princesa de cart\u00f3n, triste, &#8216;mirando el camino de Francia&#8217;, llega Gaiferos, pasando los Pirineos, a liberar a la cautiva \u2013cautiverio y Cervantes, inseparables\u2013; los huidos son perseguidos por el rey Marsilio y ah\u00ed Alonso Quijano, espectador de la farsa, no puede m\u00e1s y participa en la acci\u00f3n. Acaso no es el sue\u00f1o de todos nosotros: imaginar que participamos, personalmente, en la historia que un d\u00eda nos contaron, o en esa que nosotros mismos nos creamos y creemos que pudo haber sucedido.<\/p>\n<p><strong>Andr\u00e9s Molinari<\/strong><\/p>\n<p>https:\/\/www.ideal.es\/opinion\/andres-molinari-antequeruela-paris-vuelta-alhambra-20230621230438-nt.html<\/p>\n<p>FOTO: https:\/\/scherzo.es\/comienza-la-71a-edicion-del-festival-internacional-de-musica-y-danza-de-granada\/<\/p>\n","protected":false},"excerpt":{"rendered":"<p>Cervantes pas\u00f3 por Granada, como cobrador de arbitrios, dejando estela desde Baza hasta Alhama sta&#8230;<\/p>\n","protected":false},"author":1,"featured_media":62403,"comment_status":"closed","ping_status":"closed","sticky":false,"template":"","format":"standard","meta":{"_coblocks_attr":"","_coblocks_dimensions":"","_coblocks_responsive_height":"","_coblocks_accordion_ie_support":"","jetpack_post_was_ever_published":false,"_jetpack_newsletter_access":"","_jetpack_dont_email_post_to_subs":false,"_jetpack_newsletter_tier_id":0,"_jetpack_memberships_contains_paywalled_content":false,"_jetpack_memberships_contains_paid_content":false,"footnotes":"","jetpack_publicize_message":"","jetpack_publicize_feature_enabled":true,"jetpack_social_post_already_shared":false,"jetpack_social_options":{"image_generator_settings":{"template":"highway","default_image_id":0,"enabled":false},"version":2}},"categories":[1161,44,15,10],"tags":[10509,10507,10508],"class_list":["post-62402","post","type-post","status-publish","format-standard","has-post-thumbnail","hentry","category-ciudadania","category-noticias-de-hoy","category-ultimas-noticias","category-salud","tag-granada-ciudad-cultura","tag-miguel-de-cervantes","tag-saavedra-paris"],"jetpack_publicize_connections":[],"jetpack_featured_media_url":"https:\/\/i0.wp.com\/miradordeatarfe.es\/wp-content\/uploads\/2023\/06\/FESTIVAL.jpg?fit=1030%2C515&ssl=1","jetpack_likes_enabled":true,"jetpack_sharing_enabled":true,"_links":{"self":[{"href":"https:\/\/miradordeatarfe.es\/index.php?rest_route=\/wp\/v2\/posts\/62402","targetHints":{"allow":["GET"]}}],"collection":[{"href":"https:\/\/miradordeatarfe.es\/index.php?rest_route=\/wp\/v2\/posts"}],"about":[{"href":"https:\/\/miradordeatarfe.es\/index.php?rest_route=\/wp\/v2\/types\/post"}],"author":[{"embeddable":true,"href":"https:\/\/miradordeatarfe.es\/index.php?rest_route=\/wp\/v2\/users\/1"}],"replies":[{"embeddable":true,"href":"https:\/\/miradordeatarfe.es\/index.php?rest_route=%2Fwp%2Fv2%2Fcomments&post=62402"}],"version-history":[{"count":1,"href":"https:\/\/miradordeatarfe.es\/index.php?rest_route=\/wp\/v2\/posts\/62402\/revisions"}],"predecessor-version":[{"id":62404,"href":"https:\/\/miradordeatarfe.es\/index.php?rest_route=\/wp\/v2\/posts\/62402\/revisions\/62404"}],"wp:featuredmedia":[{"embeddable":true,"href":"https:\/\/miradordeatarfe.es\/index.php?rest_route=\/wp\/v2\/media\/62403"}],"wp:attachment":[{"href":"https:\/\/miradordeatarfe.es\/index.php?rest_route=%2Fwp%2Fv2%2Fmedia&parent=62402"}],"wp:term":[{"taxonomy":"category","embeddable":true,"href":"https:\/\/miradordeatarfe.es\/index.php?rest_route=%2Fwp%2Fv2%2Fcategories&post=62402"},{"taxonomy":"post_tag","embeddable":true,"href":"https:\/\/miradordeatarfe.es\/index.php?rest_route=%2Fwp%2Fv2%2Ftags&post=62402"}],"curies":[{"name":"wp","href":"https:\/\/api.w.org\/{rel}","templated":true}]}}