{"id":62405,"date":"2023-06-21T10:45:37","date_gmt":"2023-06-21T08:45:37","guid":{"rendered":"https:\/\/miradordeatarfe.es\/?p=62405"},"modified":"2023-06-21T09:24:25","modified_gmt":"2023-06-21T07:24:25","slug":"concejalia-de-cultura-al-desnudo-por-juan-de-dios-villanueva-roa","status":"publish","type":"post","link":"https:\/\/miradordeatarfe.es\/?p=62405","title":{"rendered":"\u00abConcejal\u00eda de Cultura al desnudo\u00bb por Juan de Dios Villanueva Roa"},"content":{"rendered":"<h3 style=\"text-align: justify;\">Est\u00e1n design\u00e1ndose competencias en los ayuntamientos. Centr\u00e9monos en Cultura.<\/h3>\n<p style=\"text-align: justify;\">Edil de Cultura ha de ser la persona m\u00e1s preparada, m\u00e1s creativa e inteligente, que tenga los valores sociales m\u00e1s desarrollados y la empat\u00eda hacia su pueblo sea manifiesta (habr\u00eda que definir valores y pueblo). Conozco a algunos ricos tontos, la suerte tambi\u00e9n juega; pero no conozco a ning\u00fan propulsor de Cultura as\u00ed. La idiotez es contraria a lo culto.<\/p>\n<p style=\"text-align: justify;\">Piense quien ha de designar que las manos que lleven Cultura ser\u00e1n las que mantengan enlazados el pasado de su pueblo con el futuro que quieran construir, siendo este el nexo que refuerce ambas orillas de este r\u00edo, que es la vida. Cultura a\u00fana todo lo que se ha sido y proyecta de forma inequ\u00edvoca el camino a recorrer, por eso al frente ha de estar alguien comprometido, inteligente, con manos limpias, mirada serena, que escuche y reflexione. Para lo dem\u00e1s, sin desmerecer, ah\u00ed est\u00e1n los otros, para urbanismo, econom\u00eda, presidencia, alcald\u00eda, etc. Y sobre todo algo muy importante, doten econ\u00f3micamente esta concejal\u00eda de forma precisa. Piensen que el dinero invertido en Cultura es el \u00fanico que quedar\u00e1 en los anales de su historia.<\/p>\n<p style=\"text-align: justify;\">El otro habr\u00e1 que renovarlo, si no se fuga como el agua de las acequias. Ah\u00ed quedar\u00e1n las tradiciones mantenidas, libros publicados, poes\u00eda, m\u00fasica que inunde las plazas, pensamiento generado, capacidad de cuidar y mantener significativos los espacios, el drama, el arte, el compromiso con lo com\u00fan, las vivencias de nuestros antepasados y nuestra realidad actual lanzada hacia l futuro. Potencie Cultura con la mejor persona de su equipo, y, si es usted, qu\u00e9dese con ella. Y ponga dineros, que solo de aire y voluntad no se sobrevive, cultura al desnudo no.<\/p>\n<p>IDEAL DE GRANADA<\/p>\n<p>FOTO: https:\/\/llerena.org\/gracias-en-nombre-de-la-concejalia-de-cultura-y-festejos-de-llerena\/<\/p>\n","protected":false},"excerpt":{"rendered":"<p>Est\u00e1n design\u00e1ndose competencias en los ayuntamientos. Centr\u00e9monos en Cultura. Edil de Cultura ha de ser&#8230;<\/p>\n","protected":false},"author":1,"featured_media":62406,"comment_status":"closed","ping_status":"closed","sticky":false,"template":"","format":"standard","meta":{"_coblocks_attr":"","_coblocks_dimensions":"","_coblocks_responsive_height":"","_coblocks_accordion_ie_support":"","jetpack_post_was_ever_published":false,"_jetpack_newsletter_access":"","_jetpack_dont_email_post_to_subs":false,"_jetpack_newsletter_tier_id":0,"_jetpack_memberships_contains_paywalled_content":false,"_jetpack_memberships_contains_paid_content":false,"footnotes":"","jetpack_publicize_message":"","jetpack_publicize_feature_enabled":true,"jetpack_social_post_already_shared":false,"jetpack_social_options":{"image_generator_settings":{"template":"highway","default_image_id":0,"enabled":false},"version":2}},"categories":[1161,9772,44,7671,6937,15],"tags":[8105],"class_list":["post-62405","post","type-post","status-publish","format-standard","has-post-thumbnail","hentry","category-ciudadania","category-opinion-de-juan-de-dios-villanueva","category-noticias-de-hoy","category-politica","category-sociedad","category-ultimas-noticias","tag-concejalia-de-cultura"],"jetpack_publicize_connections":[],"jetpack_featured_media_url":"https:\/\/i0.wp.com\/miradordeatarfe.es\/wp-content\/uploads\/2023\/06\/logo_concejalia_cultura.jpg?fit=1080%2C640&ssl=1","jetpack_likes_enabled":true,"jetpack_sharing_enabled":true,"_links":{"self":[{"href":"https:\/\/miradordeatarfe.es\/index.php?rest_route=\/wp\/v2\/posts\/62405","targetHints":{"allow":["GET"]}}],"collection":[{"href":"https:\/\/miradordeatarfe.es\/index.php?rest_route=\/wp\/v2\/posts"}],"about":[{"href":"https:\/\/miradordeatarfe.es\/index.php?rest_route=\/wp\/v2\/types\/post"}],"author":[{"embeddable":true,"href":"https:\/\/miradordeatarfe.es\/index.php?rest_route=\/wp\/v2\/users\/1"}],"replies":[{"embeddable":true,"href":"https:\/\/miradordeatarfe.es\/index.php?rest_route=%2Fwp%2Fv2%2Fcomments&post=62405"}],"version-history":[{"count":1,"href":"https:\/\/miradordeatarfe.es\/index.php?rest_route=\/wp\/v2\/posts\/62405\/revisions"}],"predecessor-version":[{"id":62407,"href":"https:\/\/miradordeatarfe.es\/index.php?rest_route=\/wp\/v2\/posts\/62405\/revisions\/62407"}],"wp:featuredmedia":[{"embeddable":true,"href":"https:\/\/miradordeatarfe.es\/index.php?rest_route=\/wp\/v2\/media\/62406"}],"wp:attachment":[{"href":"https:\/\/miradordeatarfe.es\/index.php?rest_route=%2Fwp%2Fv2%2Fmedia&parent=62405"}],"wp:term":[{"taxonomy":"category","embeddable":true,"href":"https:\/\/miradordeatarfe.es\/index.php?rest_route=%2Fwp%2Fv2%2Fcategories&post=62405"},{"taxonomy":"post_tag","embeddable":true,"href":"https:\/\/miradordeatarfe.es\/index.php?rest_route=%2Fwp%2Fv2%2Ftags&post=62405"}],"curies":[{"name":"wp","href":"https:\/\/api.w.org\/{rel}","templated":true}]}}