{"id":62408,"date":"2023-07-04T11:23:09","date_gmt":"2023-07-04T09:23:09","guid":{"rendered":"https:\/\/miradordeatarfe.es\/?p=62408"},"modified":"2023-07-01T17:28:25","modified_gmt":"2023-07-01T15:28:25","slug":"anejo-de-caparacena","status":"publish","type":"post","link":"https:\/\/miradordeatarfe.es\/?p=62408","title":{"rendered":"EL ANEJO DE CAPARACENA DE ATARFE"},"content":{"rendered":"<h3>Localizaci\u00f3n<br \/>\nPor la A-92 direcci\u00f3n Ja\u00e9n, en la salida E-902\/A-44. Se coge la carretera nacional N-323, y en la primera rotonda se sale en la tercera salida.<\/h3>\n<p><a href=\"https:\/\/i0.wp.com\/miradordeatarfe.es\/wp-content\/uploads\/2023\/06\/1687779771467-2.jpg?ssl=1\"><img data-recalc-dims=\"1\" loading=\"lazy\" decoding=\"async\" class=\"size-medium wp-image-62496 alignleft\" src=\"https:\/\/i0.wp.com\/miradordeatarfe.es\/wp-content\/uploads\/2023\/06\/1687779771467-2.jpg?resize=235%2C300&#038;ssl=1\" alt=\"\" width=\"235\" height=\"300\" srcset=\"https:\/\/i0.wp.com\/miradordeatarfe.es\/wp-content\/uploads\/2023\/06\/1687779771467-2.jpg?resize=235%2C300&amp;ssl=1 235w, https:\/\/i0.wp.com\/miradordeatarfe.es\/wp-content\/uploads\/2023\/06\/1687779771467-2.jpg?resize=802%2C1024&amp;ssl=1 802w, https:\/\/i0.wp.com\/miradordeatarfe.es\/wp-content\/uploads\/2023\/06\/1687779771467-2.jpg?resize=768%2C980&amp;ssl=1 768w, https:\/\/i0.wp.com\/miradordeatarfe.es\/wp-content\/uploads\/2023\/06\/1687779771467-2.jpg?resize=1203%2C1536&amp;ssl=1 1203w, https:\/\/i0.wp.com\/miradordeatarfe.es\/wp-content\/uploads\/2023\/06\/1687779771467-2.jpg?resize=1320%2C1685&amp;ssl=1 1320w, https:\/\/i0.wp.com\/miradordeatarfe.es\/wp-content\/uploads\/2023\/06\/1687779771467-2.jpg?w=1498&amp;ssl=1 1498w\" sizes=\"auto, (max-width: 235px) 100vw, 235px\" \/><\/a>Pedan\u00eda situada a orillas del rio Cubillas, en la cara noroeste de Sierra Elvira. Seg\u00fan el Padr\u00f3n Municipal, en el a\u00f1o 2015, hay 554 habitantes censados, distribuidos por los n\u00facleos de la Urbanizaci\u00f3n Los Cortijos y Ribera, Urbanizaci\u00f3n Balc\u00f3n de Cubillas, Se\u00f1or\u00edo del Cubillas y Llanos de Silva, adem\u00e1s de Caparacena.<\/p>\n<p>La estructura urbana del n\u00facleo de Caparacena se apoya en la carretera que enlaza el Pantano de Cubillas con Pinos Puente. A partir de esta v\u00eda, donde se ubica la Iglesia y la Plaza, se ha ido formando de forma radial el entramado urbano. Sus calles son amplias y dejan vac\u00edos entre las edificaciones que funcionan como plazas y lugares de aparcamiento.<\/p>\n<p>Los edificios, mantienen los materiales y las caracter\u00edsticas originarias, con una o dos plantas de altura y escasos huecos aleatorios. Existe gran uniformidad en cuanto a acabados, fachadas encaladas, cubiertas de teja, aleros de cobija saliente\u2026 La plaza principal, \u00fanica debidamente urbanizada, posee buenas vistas hacia el R\u00edo Cubillas y la Sierra.<\/p>\n<p>En cuanto a dotaciones existe un Centro Cultural (inaugurado en 1994) que ha ayudado a sostener la vida cultural de residentes y visitantes. En este sentido son destacables las fiestas del lugar. En el mes de Agosto era tradici\u00f3n que los habitantes de Pinos Puente organizaran una romer\u00eda hac\u00eda Caparacena. Actualmente el d\u00eda 17 de Enero se celebra la festividad de San Ant\u00f3n. Desde hace a\u00f1os los vecinos acogen con especial simpat\u00eda a m\u00e1s de un millar de personas para degustar la tradicional olla de San Ant\u00f3n. Durante tres d\u00edas el pueblo vive sus fiestas con todo un elenco de actividades, como conciertos de m\u00fasica, exhibiciones, bailes, degustaciones de vino y jam\u00f3n, comidas populares, chocolatadas\u2026<\/p>\n<h3>Rese\u00f1a Hist\u00f3rica<\/h3>\n<p>Etimol\u00f3gicamente hablando el nombre de Caparacena tendr\u00eda su origen en la \u00e9poca romana y seg\u00fan su antrop\u00f3nimo era la Villa de Caparatius o Caprasius, ubicada en un territorio densamente poblado de asentamientos romanos alrededor del Cubillas. Con el paso del tiempo este top\u00f3nimo sufri\u00f3 adaptaciones fon\u00e9ticas del \u00e1rabe y posteriormente del castellano. En la \u00e9poca de los asentamientos \u00e1rabes, la alquer\u00eda de Caparacena se llamaba Qarbasana, y pertenec\u00eda al distrito de Albalat (Albolote) de las alquer\u00edas de Granada. En ella naci\u00f3 el abuelo del \u00e1rabe Aamdani Sawwar, uno de los ulamas \u00e1rabes y jefe de otro distrito, que atac\u00f3 la propia Madinat Ilbira en la segunda mitad del siglo IX. En el siglo XVI Caparacena es un lugar anejo a la Parroquia de Pinos con el nombre de Carparena.<\/p>\n<p>Desde 1627 era jurisdicci\u00f3n del se\u00f1or Marqu\u00e9s de los Trujillos, creando el rey Felipe IV el t\u00edtulo nobiliario espa\u00f1ol de Vizcondado de Caparacena, a favor de Don Antonio \u00c1lvarez de Boh\u00f3rquez y Gir\u00f3n y nombrado en 1632 I Marqu\u00e9s de los Trujillos. Este, estuvo casado con do\u00f1a Juana Xim\u00e9nez de G\u00f3ngora, pero su descendencia la tuvo con do\u00f1a Jer\u00f3nima de Benavides, siendo don Alfonso \u00c1lvarez de Boh\u00f3rquez de Benavides el II Vizconde de Caparacena y II Marqu\u00e9s de los Trujillos. Aunque los Marqueses de Trujillos se siguieron titulando Vizcondes de Caparacena, la realidad es que esta \u00faltima dignidad hab\u00eda quedado suprimida con tal denominaci\u00f3n en virtud de la transacci\u00f3n y concordia efectuada, aproximadamente en 1654, entre don Alfonso \u00c1lvarez de Boh\u00f3rques y don Luis Jim\u00e9nez de G\u00f3ngora, pasando el vizcondado y toda la herencia a este \u00faltimo con la denominaci\u00f3n de Puebla de los Infantes.<\/p>\n<p><a href=\"https:\/\/i0.wp.com\/miradordeatarfe.es\/wp-content\/uploads\/2023\/06\/1687779771416-2-scaled.jpg?ssl=1\"><img data-recalc-dims=\"1\" loading=\"lazy\" decoding=\"async\" class=\"wp-image-62499 size-large alignright\" src=\"https:\/\/i0.wp.com\/miradordeatarfe.es\/wp-content\/uploads\/2023\/06\/1687779771416-2.jpg?resize=618%2C896&#038;ssl=1\" alt=\"\" width=\"618\" height=\"896\" srcset=\"https:\/\/i0.wp.com\/miradordeatarfe.es\/wp-content\/uploads\/2023\/06\/1687779771416-2-scaled.jpg?resize=706%2C1024&amp;ssl=1 706w, https:\/\/i0.wp.com\/miradordeatarfe.es\/wp-content\/uploads\/2023\/06\/1687779771416-2-scaled.jpg?resize=207%2C300&amp;ssl=1 207w, https:\/\/i0.wp.com\/miradordeatarfe.es\/wp-content\/uploads\/2023\/06\/1687779771416-2-scaled.jpg?resize=768%2C1113&amp;ssl=1 768w, https:\/\/i0.wp.com\/miradordeatarfe.es\/wp-content\/uploads\/2023\/06\/1687779771416-2-scaled.jpg?resize=1060%2C1536&amp;ssl=1 1060w, https:\/\/i0.wp.com\/miradordeatarfe.es\/wp-content\/uploads\/2023\/06\/1687779771416-2-scaled.jpg?resize=1413%2C2048&amp;ssl=1 1413w, https:\/\/i0.wp.com\/miradordeatarfe.es\/wp-content\/uploads\/2023\/06\/1687779771416-2-scaled.jpg?resize=1320%2C1913&amp;ssl=1 1320w, https:\/\/i0.wp.com\/miradordeatarfe.es\/wp-content\/uploads\/2023\/06\/1687779771416-2-scaled.jpg?w=1766&amp;ssl=1 1766w\" sizes=\"auto, (max-width: 618px) 100vw, 618px\" \/><\/a>En el siglo XIX Caparacena pertenec\u00eda a Nicol\u00e1s Mauricio \u00c1lvarez de las Asturias Bohorques y V\u00e9lez Ladr\u00f3n de Guevara, siendo tambi\u00e9n el I Duque de Gor y VI Marqu\u00e9s de los Trujillos. En 1997 el Vizcondado de Caparacena fue rehabilitado por D. Mauricio \u00c1lvarez de Bohorques y Silva, VI Duque de Gor, siendo su hijo D. Mauricio \u00c1lvarez de Bohorques y \u00c1lvarez de Toledo, el que ostenta en la actualidad el t\u00edtulo de III Vizconde de Caparacena tras la cesi\u00f3n efectuada por su padre en 1999.<\/p>\n<p>En el siglo XVIII la villa de Caparacena era un territorio f\u00e9rtil, de regad\u00edo y secano en la que se sembraba cereales y otras semillas, adem\u00e1s de tener una vi\u00f1a de ciento cinco marjales. La poblaci\u00f3n era de dieciocho vecinos, catorce dentro de ella y cuatro restantes en las casa de campo conocidas como el cortijo de Armengol, el de Silva, Vat\u00e1n y molino harinero, dedicados a la labranza, caza y aves dom\u00e9sticas. Todos los vecinos pagaban sus rentas al due\u00f1o de las mismas.<\/p>\n<p>En el siglo XIX, seg\u00fan el diccionario geogr\u00e1fico estad\u00edstico hist\u00f3rico de Pascual Madoz, Caparacena era municipio de la provincia, con ayuntamiento, di\u00f3cesis, audiencia territorial y capitan\u00eda general de Granada, con partido judicial de Santa Fe y feligres\u00eda de Pinos Puente. Ten\u00eda 35 casas, entre ellas la del Duque de Gor, que disfrutaba del se\u00f1or\u00edo del pueblo, en la cual celebraba el ayuntamiento sus sesiones, otra que sirvi\u00f3 de c\u00e1rcel y una capilla, propia del mismo Duque, dedicada a San Antonio Abad, sirvi\u00e9ndola un capell\u00e1n. Su poblaci\u00f3n era de cuarenta y cinco vecinos y doscientas cinco almas.<\/p>\n<p>Ya en el siglo XX durante la Guerra Civil espa\u00f1ola hay constancia de la existencia de un Campo de Concentraci\u00f3n y Trabajo del Bando Nacional. Comenz\u00f3 a funcionar en el a\u00f1o 1939 y se desconoce su fin, aunque s\u00ed se sabe que alberg\u00f3 a 2.456 prisioneros republicanos. A mediados del siglo XX la pol\u00edtica social rural franquista provocaron penosos y tr\u00e1gicos enfrentamientos en el campo granadino. El incumplimiento de lo establecido sobre la instalaci\u00f3n de los colonos en la tierra trajo consigo la aparici\u00f3n de un fuerte malestar entre la poblaci\u00f3n campesina y jornalera de la provincia. Desde 1951 el enfrentamiento de colonos y propietarios se hizo evidente en varias localidades granadinas: Hu\u00e9scar, Moreda, Alhend\u00edn y Caparacena.<\/p>\n<h3>Iglesia de Caparacena<\/h3>\n<p>Finalizada la guerra civil los propietarios agr\u00edcolas de Granada hab\u00edan seguido una pol\u00edtica de \u201crecogimiento\u201d de tierras, habi\u00e9ndose empleado para ello distintos procedimientos para conseguir ese prop\u00f3sito. En Caparacena, en el 1955, la dif\u00edcil situaci\u00f3n econ\u00f3mica del municipio hac\u00eda que la mayor parte de sus habitantes vivieran exclusivamente de la tierra, la cual estaba en manos de un \u00fanico propietario, el Duque de Gor. El anuncio de desahucio de los colonos por parte del administrador, Antonio Mercado levant\u00f3 las iras de aqu\u00e9llos que quer\u00edan que se cumpliera estrictamente lo dispuesto por la Ley de Colonizaci\u00f3n. La negativa del Duque de dar marcha atr\u00e1s a su decisi\u00f3n provoc\u00f3 una manifestaci\u00f3n de protesta de los campesinos de la localidad, manifestaci\u00f3n que termin\u00f3 con el asesinato del administrador por un colono que iba a ser desahuciado.<\/p>\n<p>El 17 de Mayo de 1972, siendo alcalde Don Manuel Bullejos Altea, se firm\u00f3 el articulado por el que se reconoc\u00eda a Caparacena como anejo de Atarfe, se fij\u00f3 los nuevos l\u00edmites y con car\u00e1cter festivo se celebr\u00f3 la fusi\u00f3n con las autoridades locales y provinciales.<\/p>\n<p>Ambos municipios ganaron con esta fusi\u00f3n. Atarfe ampli\u00f3 su territorio considerablemente y Caparacena, desde entonces, fue notando una mejor\u00eda en los servicios, accesos y arreglos urban\u00edsticos.<br \/>\nCentro social<\/p>\n<p><a href=\"https:\/\/i0.wp.com\/miradordeatarfe.es\/wp-content\/uploads\/2023\/06\/1687779771338-2-scaled.jpg?ssl=1\"><img data-recalc-dims=\"1\" loading=\"lazy\" decoding=\"async\" class=\"alignnone wp-image-62500 size-full\" src=\"https:\/\/i0.wp.com\/miradordeatarfe.es\/wp-content\/uploads\/2023\/06\/1687779771338-2-scaled.jpg?resize=640%2C266&#038;ssl=1\" alt=\"\" width=\"640\" height=\"266\" srcset=\"https:\/\/i0.wp.com\/miradordeatarfe.es\/wp-content\/uploads\/2023\/06\/1687779771338-2-scaled.jpg?w=2560&amp;ssl=1 2560w, https:\/\/i0.wp.com\/miradordeatarfe.es\/wp-content\/uploads\/2023\/06\/1687779771338-2-scaled.jpg?resize=300%2C125&amp;ssl=1 300w, https:\/\/i0.wp.com\/miradordeatarfe.es\/wp-content\/uploads\/2023\/06\/1687779771338-2-scaled.jpg?resize=1024%2C426&amp;ssl=1 1024w, https:\/\/i0.wp.com\/miradordeatarfe.es\/wp-content\/uploads\/2023\/06\/1687779771338-2-scaled.jpg?resize=768%2C320&amp;ssl=1 768w, https:\/\/i0.wp.com\/miradordeatarfe.es\/wp-content\/uploads\/2023\/06\/1687779771338-2-scaled.jpg?resize=1536%2C639&amp;ssl=1 1536w, https:\/\/i0.wp.com\/miradordeatarfe.es\/wp-content\/uploads\/2023\/06\/1687779771338-2-scaled.jpg?resize=2048%2C852&amp;ssl=1 2048w, https:\/\/i0.wp.com\/miradordeatarfe.es\/wp-content\/uploads\/2023\/06\/1687779771338-2-scaled.jpg?resize=1320%2C549&amp;ssl=1 1320w, https:\/\/i0.wp.com\/miradordeatarfe.es\/wp-content\/uploads\/2023\/06\/1687779771338-2-scaled.jpg?w=1920&amp;ssl=1 1920w\" sizes=\"auto, (max-width: 640px) 100vw, 640px\" \/><\/a> <a href=\"https:\/\/i0.wp.com\/miradordeatarfe.es\/wp-content\/uploads\/2023\/06\/1687779771367-2-scaled.jpg?ssl=1\"><img data-recalc-dims=\"1\" loading=\"lazy\" decoding=\"async\" class=\"alignnone wp-image-62501 size-full\" src=\"https:\/\/i0.wp.com\/miradordeatarfe.es\/wp-content\/uploads\/2023\/06\/1687779771367-2-scaled.jpg?resize=640%2C610&#038;ssl=1\" alt=\"\" width=\"640\" height=\"610\" srcset=\"https:\/\/i0.wp.com\/miradordeatarfe.es\/wp-content\/uploads\/2023\/06\/1687779771367-2-scaled.jpg?w=2560&amp;ssl=1 2560w, https:\/\/i0.wp.com\/miradordeatarfe.es\/wp-content\/uploads\/2023\/06\/1687779771367-2-scaled.jpg?resize=300%2C286&amp;ssl=1 300w, https:\/\/i0.wp.com\/miradordeatarfe.es\/wp-content\/uploads\/2023\/06\/1687779771367-2-scaled.jpg?resize=1024%2C976&amp;ssl=1 1024w, https:\/\/i0.wp.com\/miradordeatarfe.es\/wp-content\/uploads\/2023\/06\/1687779771367-2-scaled.jpg?resize=768%2C732&amp;ssl=1 768w, https:\/\/i0.wp.com\/miradordeatarfe.es\/wp-content\/uploads\/2023\/06\/1687779771367-2-scaled.jpg?resize=1536%2C1463&amp;ssl=1 1536w, https:\/\/i0.wp.com\/miradordeatarfe.es\/wp-content\/uploads\/2023\/06\/1687779771367-2-scaled.jpg?resize=2048%2C1951&amp;ssl=1 2048w, https:\/\/i0.wp.com\/miradordeatarfe.es\/wp-content\/uploads\/2023\/06\/1687779771367-2-scaled.jpg?resize=1320%2C1258&amp;ssl=1 1320w, https:\/\/i0.wp.com\/miradordeatarfe.es\/wp-content\/uploads\/2023\/06\/1687779771367-2-scaled.jpg?w=1920&amp;ssl=1 1920w\" sizes=\"auto, (max-width: 640px) 100vw, 640px\" \/><\/a><\/p>\n<p><strong>BIBLIOGRAF\u00cdA<\/strong><\/p>\n<p>GRANADOS TORRES, Jos\u00e9 Enrique (coord.). Atarfe en papel. Ayuntamiento de Atarfe y Corporaci\u00f3n de Medios de Andaluc\u00eda (IDEAL).<br \/>\n2007<br \/>\n&#8211; CUARTERO Y HUERTA, Baltasar; DE VARGAS-Z\u00da\u00d1IGA, Antonio y MONTERO ESPINOSA (1955). \u00cdndice de la colecci\u00f3n de don Luis de<br \/>\nSalazar y Castro. Tomo XIII. Obras Geneal\u00f3gicas y Her\u00e1ldicas<br \/>\n&#8211; STEFAN RUHSTALLER. De toponimia latina. El nombre de lugar Marchena. Universidad Pablo de Olavide<br \/>\n&#8211; MALPICA CUELLO, A.; ALVAREZ GARCIA, J.J.; MARTIN CIVANTOS; J.M.; CARVAJAL LOPEZ, J.C. (2004). Prospecci\u00f3n arqueol\u00f3gica en el conjunto de Madinat Ilbira. Universidad de Granada<br \/>\n&#8211; RAMOS, A. (1781). Descripci\u00f3n geneal\u00f3gica de la Casa de Aguayo. Censo- Gu\u00eda de Archivos de Espa\u00f1a y Iberoam\u00e9rica del Ministerio de Educaci\u00f3n, Cultura y Deporte.<br \/>\n&#8211; ARRIAZA FERN\u00c1NDEZ, G. (1956-1982) Las Redes de Transmisi\u00f3n de Valores Democr\u00e1ticos en el Mundo Agrario: Un aporte desde la<br \/>\nHistoria Local de Granada y su Provincia. Universidad de Granada<br \/>\n&#8211; ORTEGA L\u00d3PEZ, T.M. \u00bfLa soledad del campesino? Politizaci\u00f3n y conflictividad en el campo espa\u00f1ol durante la dictadura franquista. Departamento de Historia Contempor\u00e1nea, Universidad de Granada<br \/>\n&#8211; JESUS SUBERVIOLA MARTINEZ. La Erecci\u00f3n Parroquial Granatense de 1501 y el Reformismo Cisneriano<br \/>\n&#8211; PASCUAL MADOZ. Diccionario geogr\u00e1fico-estad\u00edstico-hist\u00f3rico de Espa\u00f1a y sus posesiones de ultramar (1846-1850)<br \/>\n&#8211; RODRIGO, Javier. Internamiento y trabajo forzoso: los campos de concentraci\u00f3n de Franco. Hispania Nova. Revista de Historia a<br \/>\nContempor\u00e1nea. N\u00famero 6 (2006) http:\/\/hispanianova.rediris.es<br \/>\n&#8211; GRANADOS, Jos\u00e9 Enrique. Preg\u00f3n de Fiestas de Caparacena 2015<\/p>\n","protected":false},"excerpt":{"rendered":"<p>Localizaci\u00f3n Por la A-92 direcci\u00f3n Ja\u00e9n, en la salida E-902\/A-44. Se coge la carretera nacional&#8230;<\/p>\n","protected":false},"author":1,"featured_media":62497,"comment_status":"closed","ping_status":"closed","sticky":false,"template":"","format":"standard","meta":{"_coblocks_attr":"","_coblocks_dimensions":"","_coblocks_responsive_height":"","_coblocks_accordion_ie_support":"","jetpack_post_was_ever_published":false,"_jetpack_newsletter_access":"","_jetpack_dont_email_post_to_subs":false,"_jetpack_newsletter_tier_id":0,"_jetpack_memberships_contains_paywalled_content":false,"_jetpack_memberships_contains_paid_content":false,"footnotes":"","jetpack_publicize_message":"","jetpack_publicize_feature_enabled":true,"jetpack_social_post_already_shared":false,"jetpack_social_options":{"image_generator_settings":{"template":"highway","default_image_id":0,"enabled":false},"version":2}},"categories":[2,6916,1161,1225,186,44,15],"tags":[10510,1434],"class_list":["post-62408","post","type-post","status-publish","format-standard","has-post-thumbnail","hentry","category-atarfe","category-ayuntamiento-de-atarfe","category-ciudadania","category-ha-de-atarfe","category-instituciones","category-noticias-de-hoy","category-ultimas-noticias","tag-anejo-de-atarfe","tag-caparacena"],"jetpack_publicize_connections":[],"jetpack_featured_media_url":"https:\/\/i0.wp.com\/miradordeatarfe.es\/wp-content\/uploads\/2023\/06\/1687779771440-2.jpg?fit=2133%2C1225&ssl=1","jetpack_likes_enabled":true,"jetpack_sharing_enabled":true,"_links":{"self":[{"href":"https:\/\/miradordeatarfe.es\/index.php?rest_route=\/wp\/v2\/posts\/62408","targetHints":{"allow":["GET"]}}],"collection":[{"href":"https:\/\/miradordeatarfe.es\/index.php?rest_route=\/wp\/v2\/posts"}],"about":[{"href":"https:\/\/miradordeatarfe.es\/index.php?rest_route=\/wp\/v2\/types\/post"}],"author":[{"embeddable":true,"href":"https:\/\/miradordeatarfe.es\/index.php?rest_route=\/wp\/v2\/users\/1"}],"replies":[{"embeddable":true,"href":"https:\/\/miradordeatarfe.es\/index.php?rest_route=%2Fwp%2Fv2%2Fcomments&post=62408"}],"version-history":[{"count":4,"href":"https:\/\/miradordeatarfe.es\/index.php?rest_route=\/wp\/v2\/posts\/62408\/revisions"}],"predecessor-version":[{"id":62598,"href":"https:\/\/miradordeatarfe.es\/index.php?rest_route=\/wp\/v2\/posts\/62408\/revisions\/62598"}],"wp:featuredmedia":[{"embeddable":true,"href":"https:\/\/miradordeatarfe.es\/index.php?rest_route=\/wp\/v2\/media\/62497"}],"wp:attachment":[{"href":"https:\/\/miradordeatarfe.es\/index.php?rest_route=%2Fwp%2Fv2%2Fmedia&parent=62408"}],"wp:term":[{"taxonomy":"category","embeddable":true,"href":"https:\/\/miradordeatarfe.es\/index.php?rest_route=%2Fwp%2Fv2%2Fcategories&post=62408"},{"taxonomy":"post_tag","embeddable":true,"href":"https:\/\/miradordeatarfe.es\/index.php?rest_route=%2Fwp%2Fv2%2Ftags&post=62408"}],"curies":[{"name":"wp","href":"https:\/\/api.w.org\/{rel}","templated":true}]}}