{"id":62432,"date":"2023-06-25T09:00:32","date_gmt":"2023-06-25T07:00:32","guid":{"rendered":"https:\/\/miradordeatarfe.es\/?p=62432"},"modified":"2023-06-25T18:45:21","modified_gmt":"2023-06-25T16:45:21","slug":"el-pp-y-vox-eliminan-carriles-bici-en-varias-ciudades-son-tambien-una-cuestion-ideologica","status":"publish","type":"post","link":"https:\/\/miradordeatarfe.es\/?p=62432","title":{"rendered":"El PP y Vox eliminan carriles bici en varias ciudades: \u00bfson tambi\u00e9n una cuesti\u00f3n ideol\u00f3gica?"},"content":{"rendered":"<h3 class=\"a_st\" style=\"text-align: justify;\">La derecha anuncia que desmantelar\u00e1 infraestructuras ciclistas en Elche, Valladolid, Gij\u00f3n y Palma. En lugares como Dinamarca y Pa\u00edses Bajos, todos los partidos apoyan el uso de la bicicleta<\/h3>\n<p class=\"\" style=\"text-align: justify;\">La <a href=\"https:\/\/elpais.com\/espana\/2022-02-06\/la-polarizacion-se-dispara-y-embarra-la-politica.html\" target=\"_blank\" rel=\"noopener\" data-link-track-dtm=\"\" data-mrf-link=\"https:\/\/elpais.com\/espana\/2022-02-06\/la-polarizacion-se-dispara-y-embarra-la-politica.html\">fuerte polarizaci\u00f3n pol\u00edtica de Espa\u00f1a<\/a> ha llegado a la movilidad sostenible: varios ayuntamientos que estrenan gobiernos locales del PP y Vox, como los de Valladolid, Elche, Palma de Mallorca y Gij\u00f3n \u2014este \u00faltimo, con Foro Asturias\u2014, han anunciado que <a href=\"https:\/\/elpais.com\/clima-y-medio-ambiente\/2020-10-27\/carriles-bici-la-respuesta-de-las-ciudades-ante-la-pandemia.html\" target=\"_blank\" rel=\"noopener\" data-link-track-dtm=\"\" data-mrf-link=\"https:\/\/elpais.com\/clima-y-medio-ambiente\/2020-10-27\/carriles-bici-la-respuesta-de-las-ciudades-ante-la-pandemia.html\">van a eliminar carriles bici<\/a>, despu\u00e9s de hacer campa\u00f1a contra algunos de ellos. Los municipios defienden que los eliminan porque est\u00e1n \u201cmal hechos\u201d o \u201cmolestan al tr\u00e1fico\u201d, mientras los expertos destacan que la ultraderecha ha hecho bandera de \u201cla libertad de moverse en coche\u201d. En lugares como Dinamarca y Pa\u00edses Bajos, el apoyo al uso de la bicicleta es generalizado y ni siquiera la extrema derecha propone medidas para reducir su uso.<\/p>\n<p class=\"\" style=\"text-align: justify;\">\u201cEl carril bici no es de izquierdas ni derechas, sino una infraestructura demandada por toda la sociedad, es decir, transversal. Seg\u00fan el Ecobar\u00f3metro de Andaluc\u00eda, extrapolable a otras regiones, el 63% de quienes lo usan est\u00e1n en el centro de la escala ideol\u00f3gica\u201d, responde David Moscoso, catedr\u00e1tico de Sociolog\u00eda de la Universidad de C\u00f3rdoba. \u201cSin embargo, Vox se opone a ellos con una estrategia pol\u00edtica discursiva que sirve para reforzar su posici\u00f3n sobre cambio clim\u00e1tico, y para intentar ganar votos de ciudadanos cabreados que tienen la idea de que tiene que haber libertad para moverse en coche donde quieran y cuando quieran\u201d, a\u00f1ade.<\/p>\n<p class=\"\" style=\"text-align: justify;\">Coincide Henar Gin\u00e9s, analista de la empresa de encuestas <a href=\"https:\/\/40db.es\/\" target=\"_blank\" rel=\"noopener\" data-link-track-dtm=\"\" data-mrf-link=\"https:\/\/40db.es\/\">40dB<\/a>.: \u201cSe tiende a pensar que las medidas ambientales son m\u00e1s de izquierda, pero <a href=\"https:\/\/elpais.com\/clima-y-medio-ambiente\/2021-11-01\/una-amplia-mayoria-de-espanoles-a-favor-del-abandono-del-coche-de-combustion.html\" target=\"_blank\" rel=\"noopener\" data-link-track-dtm=\"\" data-mrf-link=\"https:\/\/elpais.com\/clima-y-medio-ambiente\/2021-11-01\/una-amplia-mayoria-de-espanoles-a-favor-del-abandono-del-coche-de-combustion.html\">el cuidado del medio ambiente es una preocupaci\u00f3n transversal<\/a>, as\u00ed que cala en los partidos de derechas\u201d. Y aporta otra clave: \u201cCuando preguntamos por los problemas municipales, a veces salen los carriles bici. La gente suele estar a favor, pero en ocasiones se oponen a su implementaci\u00f3n porque generan problemas para la circulaci\u00f3n y embotellamientos. Es decir, que aunque muchos piensen que tenemos que tender hacia una movilidad m\u00e1s sostenible, en ocasiones se ven m\u00e1s como una molestia que como una ventaja\u201d.<\/p>\n<p class=\"\" style=\"text-align: justify;\">Esas \u201cmolestias\u201d calentaron la campa\u00f1a en Elche, cuyo nuevo Ayuntamiento va a eliminar dos itinerarios ciclistas \u2014en la avenida de Juan Carlos I y en las calles Mariano Soler Olmos y Teulada\u2014, tal y como confirma su alcalde, Pablo Ruz (PP): \u201cAlgunos carriles bici se han hecho bien, pero estos dos se han hecho mal, est\u00e1n generando mucho atasco y problemas con autobuses y ambulancias, y han generado un clamor en contra en la ciudadan\u00eda, por eso los vamos a eliminar\u201d. Son infraestructuras amplias y c\u00f3modas para los pedaleantes, pero molestan al tr\u00e1fico. \u201cNo estamos en contra de los carriles bici, de hecho vamos a construir m\u00e1s. Hay que ir hacia una movilidad sostenible, pero en libertad\u201d, a\u00f1ade el regidor.<\/p>\n<figure class=\"a_m a_m-h \" style=\"text-align: justify;\"><span class=\"_db a_m_w _pr lb_btn\"><img data-recalc-dims=\"1\" loading=\"lazy\" decoding=\"async\" class=\"_re lazyload a_m-h alignleft\" src=\"https:\/\/i0.wp.com\/imagenes.elpais.com\/resizer\/D2RuNv-MmoWkEjNxTSKzVDts1G0%3D\/414x0\/cloudfront-eu-central-1.images.arcpublishing.com\/prisa\/3IO5WSGHIFGFJJ5BZUJZ733LJ4.jpg?resize=414%2C277&#038;ssl=1\" srcset=\"https:\/\/imagenes.elpais.com\/resizer\/D2RuNv-MmoWkEjNxTSKzVDts1G0=\/414x0\/cloudfront-eu-central-1.images.arcpublishing.com\/prisa\/3IO5WSGHIFGFJJ5BZUJZ733LJ4.jpg 414w,https:\/\/imagenes.elpais.com\/resizer\/YPNVWcsO95S_lcJXGrXIGHCZ8Z0=\/828x0\/cloudfront-eu-central-1.images.arcpublishing.com\/prisa\/3IO5WSGHIFGFJJ5BZUJZ733LJ4.jpg 640w,https:\/\/imagenes.elpais.com\/resizer\/PsHqz4LBcZHbH29PIB1OxRnRuJ4=\/980x0\/cloudfront-eu-central-1.images.arcpublishing.com\/prisa\/3IO5WSGHIFGFJJ5BZUJZ733LJ4.jpg 1000w,https:\/\/imagenes.elpais.com\/resizer\/92ZNlBOmQZC3X1kDknxY28hYsnI=\/1960x0\/cloudfront-eu-central-1.images.arcpublishing.com\/prisa\/3IO5WSGHIFGFJJ5BZUJZ733LJ4.jpg 1960w\" alt=\"Usuarios de bicicleta y patinete en el carril que da acceso al puente de Poniente, en Valladolid.\" width=\"414\" height=\"277\" \/><\/span><figcaption class=\"a_m_p\">Usuarios de bicicleta y patinete en el carril que da acceso al puente de Poniente, en Valladolid.<span class=\"a_m_m\">Emilio Fraile<\/span><\/figcaption><\/figure>\n<p class=\"\" style=\"text-align: justify;\"><a href=\"https:\/\/elpais.com\/espana\/elecciones-municipales\/2023-06-19\/el-pp-replica-en-valladolid-su-alianza-con-vox-cede-concejalias-clave-elimina-igualdad-y-deja-en-el-aire-los-carriles-bici.html\" data-link-track-dtm=\"\" data-mrf-link=\"https:\/\/elpais.com\/espana\/elecciones-municipales\/2023-06-19\/el-pp-replica-en-valladolid-su-alianza-con-vox-cede-concejalias-clave-elimina-igualdad-y-deja-en-el-aire-los-carriles-bici.html\">Lo mismo ocurrir\u00e1 en Valladolid<\/a>, Gij\u00f3n \u2014que no han respondido a EL PA\u00cdS\u2014 y Palma de Mallorca. Jes\u00fas Julio Carnero (PP), regidor vallisoletano, eliminar\u00e1 v\u00edas ciclistas en el paseo Isabel la Cat\u00f3lica \u2014un carril bici ancho, c\u00f3modo y seguro\u2014 y la calle L\u00f3pez G\u00f3mez <a href=\"https:\/\/www.europapress.es\/castilla-y-leon\/noticia-nuevo-gobierno-valladolid-derogara-ordenanza-movilidad-eliminara-carril-bici-isabel-catolica-20230619141633.html\" data-link-track-dtm=\"\" data-mrf-link=\"https:\/\/www.europapress.es\/castilla-y-leon\/noticia-nuevo-gobierno-valladolid-derogara-ordenanza-movilidad-eliminara-carril-bici-isabel-catolica-20230619141633.html\">para que la ciudad deje de estar \u201catascada y ca\u00f3tica\u201d<\/a>. En la urbe asturiana, la alcaldesa Carmen Moriy\u00f3n (Foro) revertir\u00e1 la reducci\u00f3n de tr\u00e1fico y el carril bici del Muro y dejar\u00e1 entrar a m\u00e1s coches en la urbe. Mientras, Jaime Mart\u00ednez (PP) eliminar\u00e1 la v\u00eda ciclista que discurre por la plaza de Espa\u00f1a de Palma \u201cpor la inseguridad que genera para peatones y las propias bicis\u201d, mientras que el caso de las dem\u00e1s infraestructuras \u201chabr\u00e1 que valorarlo\u201d, seg\u00fan explica una portavoz municipal. En 2019, <a href=\"https:\/\/elpais.com\/sociedad\/2019\/10\/30\/actualidad\/1572455522_601302.html\" target=\"_blank\" rel=\"noopener\" data-link-track-dtm=\"\" data-mrf-link=\"https:\/\/elpais.com\/sociedad\/2019\/10\/30\/actualidad\/1572455522_601302.html\">Jos\u00e9 Luis Mart\u00ednez-Almeida tambi\u00e9n se estren\u00f3 como alcalde de Madrid eliminando carriles bici en la capital<\/a>.<\/p>\n<h3 class=\"\" style=\"text-align: justify;\">Pol\u00e9mica por los fondos europeos<\/h3>\n<p class=\"\" style=\"text-align: justify;\">Arcadi Espa\u00f1a, responsable de movilidad del PSOE, cree que PP y la ultraderecha \u201chan utilizado el periodo de transformaci\u00f3n de las ciudades, que genera fricciones y enfado, para ir contra el sentido com\u00fan\u201d. En su opini\u00f3n, \u201cno es una cuesti\u00f3n de creencias, sino de evidencias: los coches generan contaminaci\u00f3n, que tiene efectos sobre la salud, y embotellamientos. No estamos en contra de los coches, pero para hacer las ciudades m\u00e1s saludables necesitamos una movilidad m\u00e1s sostenible, con m\u00e1s bicicletas y transporte p\u00fablico. Adem\u00e1s, se han invertido muchos fondos europeos en ello\u201d.<\/p>\n<figure class=\"a_m a_m-h \" style=\"text-align: justify;\"><span class=\"_db a_m_w _pr lb_btn\"><img data-recalc-dims=\"1\" loading=\"lazy\" decoding=\"async\" class=\"_re lazyload a_m-h alignright\" src=\"https:\/\/i0.wp.com\/imagenes.elpais.com\/resizer\/ydTo0jeokxrrMkAXKoRRtB06TYw%3D\/414x0\/filters%3Afocal%281707x739%3A1717x749%29\/cloudfront-eu-central-1.images.arcpublishing.com\/prisa\/DKA7JZV7UVEJ5CH435BD3WSRZ4.jpg?resize=414%2C277&#038;ssl=1\" srcset=\"https:\/\/imagenes.elpais.com\/resizer\/ydTo0jeokxrrMkAXKoRRtB06TYw=\/414x0\/filters:focal(1707x739:1717x749)\/cloudfront-eu-central-1.images.arcpublishing.com\/prisa\/DKA7JZV7UVEJ5CH435BD3WSRZ4.jpg 414w,https:\/\/imagenes.elpais.com\/resizer\/t-aRrDNjvFJZuP1Iy0DvIWQG2Uk=\/828x0\/filters:focal(1707x739:1717x749)\/cloudfront-eu-central-1.images.arcpublishing.com\/prisa\/DKA7JZV7UVEJ5CH435BD3WSRZ4.jpg 640w,https:\/\/imagenes.elpais.com\/resizer\/8wP-swOSbJtnRBlGc5lgsvDHfA8=\/980x0\/filters:focal(1707x739:1717x749)\/cloudfront-eu-central-1.images.arcpublishing.com\/prisa\/DKA7JZV7UVEJ5CH435BD3WSRZ4.jpg 1000w,https:\/\/imagenes.elpais.com\/resizer\/8HLU54ptbvPK9_8DKDJFsA7o1tI=\/1960x0\/filters:focal(1707x739:1717x749)\/cloudfront-eu-central-1.images.arcpublishing.com\/prisa\/DKA7JZV7UVEJ5CH435BD3WSRZ4.jpg 1960w\" alt=\"Un ciclista junto al cartel luminoso de la avenida de Isabel la Cat\u00f3lica que indica el n\u00famero de usuarios diario y anual del carril bici, este jueves.\" width=\"414\" height=\"277\" \/><\/span><figcaption class=\"a_m_p\">Un ciclista junto al cartel luminoso de la avenida de Isabel la Cat\u00f3lica que indica el n\u00famero de usuarios diario y anual del carril bici, este jueves.<span class=\"a_m_m\">Emilio Fraile<\/span><\/figcaption><\/figure>\n<p class=\"\" style=\"text-align: justify;\">Esa es una de las cuestiones m\u00e1s pol\u00e9micas sobre estas reversiones en movilidad: <a href=\"https:\/\/elpais.com\/clima-y-medio-ambiente\/2022-02-23\/transportes-subvenciona-62-nuevas-zonas-de-bajas-emisiones-650-autobuses-electricos-y-500-kilometros-de-carriles-bici-urbanos.html\" target=\"_blank\" rel=\"noopener\" data-link-track-dtm=\"\" data-mrf-link=\"https:\/\/elpais.com\/clima-y-medio-ambiente\/2022-02-23\/transportes-subvenciona-62-nuevas-zonas-de-bajas-emisiones-650-autobuses-electricos-y-500-kilometros-de-carriles-bici-urbanos.html\">algunos de los carriles bici que se van a demoler han sido pagados con las ayudas Next Generation<\/a>, como ocurre en Elche, tal y como confirma su regidor. \u201cHay un riesgo cierto de perder ese dinero <a href=\"https:\/\/www.boe.es\/buscar\/doc.php?id=BOE-A-2021-14140\" target=\"_blank\" rel=\"noopener\" data-link-track-dtm=\"\" data-mrf-link=\"https:\/\/www.boe.es\/buscar\/doc.php?id=BOE-A-2021-14140\">y tener que devolverlo<\/a>\u201d, apunta Arcadi Espa\u00f1a. El alcalde Ruz lo niega: \u201cCon los fondos europeos se pag\u00f3 un carril bici de tres kil\u00f3metros, y solo vamos a desmantelar 700 metros. No va a haber problema ni vamos a tener que devolver el dinero\u201d. Lo que s\u00ed hay es contestaci\u00f3n social: <a href=\"https:\/\/elpais.com\/espana\/comunidad-valenciana\/2023-06-22\/primera-manifestacion-contra-el-cierre-de-carriles-bicis-en-elche-queremos-ir-seguros.html\" target=\"_blank\" rel=\"noopener\" data-link-track-dtm=\"\" data-mrf-link=\"https:\/\/elpais.com\/espana\/comunidad-valenciana\/2023-06-22\/primera-manifestacion-contra-el-cierre-de-carriles-bicis-en-elche-queremos-ir-seguros.html\">este pasado jueves se convoc\u00f3 una manifestaci\u00f3n en la localidad alicantina que congreg\u00f3 a centenares de personas contra el desmantelamiento de esa v\u00eda<\/a>.<\/p>\n<p class=\"\" style=\"text-align: justify;\">Muchas veces, los carriles bici son un elemento de confrontaci\u00f3n de la oposici\u00f3n de derechas contra consistorios de izquierdas. \u201cVox se opone a estas medidas para generar impacto y marcar agenda\u201d, se\u00f1ala Moscoso. \u201cEn cambio, los ayuntamientos donde gobierna el PP tambi\u00e9n construyen carriles bici y ah\u00ed no se generan pol\u00e9micas\u201d, a\u00f1ade. Recoge el guante Andr\u00e9s Lorite, portavoz de Transportes del PP en el Congreso: \u201cEn Madrid y C\u00f3rdoba, donde gobernamos, se han construido v\u00edas ciclistas. Estas infraestructuras no son de derechas ni de izquierdas, sino algo positivo y por lo que apostamos. Si alguno se elimina es porque est\u00e1 mal planteado o genera problemas a los vecinos\u201d.<\/p>\n<figure class=\"a_m a_m-h \" style=\"text-align: justify;\"><span class=\"_db a_m_w _pr lb_btn\"><img data-recalc-dims=\"1\" loading=\"lazy\" decoding=\"async\" class=\"_re lazyload a_m-h alignleft\" src=\"https:\/\/i0.wp.com\/imagenes.elpais.com\/resizer\/sXR_ora2I3SIXGNHfFMVR3FCZlI%3D\/414x0\/cloudfront-eu-central-1.images.arcpublishing.com\/prisa\/PX5SOSYMG5AN5JKRAWUHXO7UJE.jpg?resize=414%2C276&#038;ssl=1\" srcset=\"https:\/\/imagenes.elpais.com\/resizer\/sXR_ora2I3SIXGNHfFMVR3FCZlI=\/414x0\/cloudfront-eu-central-1.images.arcpublishing.com\/prisa\/PX5SOSYMG5AN5JKRAWUHXO7UJE.jpg 414w,https:\/\/imagenes.elpais.com\/resizer\/4etJhpPtERKN0yNzxYPgZAKs3n0=\/828x0\/cloudfront-eu-central-1.images.arcpublishing.com\/prisa\/PX5SOSYMG5AN5JKRAWUHXO7UJE.jpg 640w,https:\/\/imagenes.elpais.com\/resizer\/LH9zg29cg1VCPwgo9foMxkdEnV8=\/980x0\/cloudfront-eu-central-1.images.arcpublishing.com\/prisa\/PX5SOSYMG5AN5JKRAWUHXO7UJE.jpg 1000w,https:\/\/imagenes.elpais.com\/resizer\/0gWlaAsySRdQ5Da5A5za0REejNo=\/1960x0\/cloudfront-eu-central-1.images.arcpublishing.com\/prisa\/PX5SOSYMG5AN5JKRAWUHXO7UJE.jpg 1960w\" alt=\"Manifestaci\u00f3n en contra del desmantelamiento de un carril bici, el jueves en Elche.\" width=\"414\" height=\"276\" \/><\/span><figcaption class=\"a_m_p\">Manifestaci\u00f3n en contra del desmantelamiento de un carril bici, el jueves en Elche.<span class=\"a_m_m\">joaqu\u00edn de haro <\/span><\/figcaption><\/figure>\n<p class=\"\" style=\"text-align: justify;\">Coincide Fernando Mart\u00ednez Vidal, concejal de Vox en el Ayuntamiento de Madrid: \u201cNo s\u00e9 si una parte de la derecha percibe que la bici es de izquierdas, pero es importante que intentemos quitarle esa bandera. Defendemos que haya m\u00e1s carriles bici y libertad de movimiento, pero sin prohibir el veh\u00edculo privado\u201d. <a href=\"https:\/\/elpais.com\/espana\/madrid\/2021-01-18\/mas-madrid-psoe-y-vox-presionan-a-almeida-por-el-carril-bici-de-castellana-que-no-estara-antes-de-2022.html\" target=\"_blank\" rel=\"noopener\" data-link-track-dtm=\"\" data-mrf-link=\"https:\/\/elpais.com\/espana\/madrid\/2021-01-18\/mas-madrid-psoe-y-vox-presionan-a-almeida-por-el-carril-bici-de-castellana-que-no-estara-antes-de-2022.html\">La v\u00eda ciclista de la Castellana de la capital, por ejemplo, la impulsaron su partido y el PSOE<\/a>, frente a las reticencias del PP. Sin embargo, en otras localidades su formaci\u00f3n pide eliminar carriles bici y est\u00e1 en contra de las zonas de bajas emisiones, que reducen la contaminaci\u00f3n. Ni Vox Nacional ni su portavoz en Elche han querido responder para este reportaje.<\/p>\n<h3 class=\"\" style=\"text-align: justify;\">\u201cNo eliminar un solo carril bici\u201d<\/h3>\n<p class=\"\" style=\"text-align: justify;\">En los pa\u00edses del norte de Europa, la bici es algo transversal a todos los partidos. \u201cHay que evitar que moverse en bici sea visto como algo de izquierdas, porque quienes lo hacen son de todas las tendencias pol\u00edticas\u201d, dice Thomas Krag, de la <a href=\"https:\/\/cyclingsolutions.info\/cycling-embassy\/\" target=\"_blank\" rel=\"noopener\" data-link-track-dtm=\"\" data-mrf-link=\"https:\/\/cyclingsolutions.info\/cycling-embassy\/\">Embajada Ciclista Danesa<\/a>. \u201cTodos los partidos de Dinamarca est\u00e1n de acuerdo en que <a href=\"https:\/\/elpais.com\/clima-y-medio-ambiente\/2022-08-04\/como-copenhague-arrincono-el-coche-la-bici-es-la-manera-mas-rapida-y-segura-de-moverse-en-la-ciudad.html\" target=\"_blank\" rel=\"noopener\" data-link-track-dtm=\"\" data-mrf-link=\"https:\/\/elpais.com\/clima-y-medio-ambiente\/2022-08-04\/como-copenhague-arrincono-el-coche-la-bici-es-la-manera-mas-rapida-y-segura-de-moverse-en-la-ciudad.html\">hay que promover el ciclismo y no eliminar un solo carril bici<\/a>\u201d, prosigue.<\/p>\n<figure class=\"a_m a_m-h \" style=\"text-align: justify;\"><span class=\"_db a_m_w _pr lb_btn\"><img data-recalc-dims=\"1\" loading=\"lazy\" decoding=\"async\" class=\"_re lazyload a_m-h alignright\" src=\"https:\/\/i0.wp.com\/imagenes.elpais.com\/resizer\/Tqt0FVjIUYwNFq38NMVMNG5cWlo%3D\/414x0\/cloudfront-eu-central-1.images.arcpublishing.com\/prisa\/3JGZH2S6KZBNPEGPXFCTW2ONVA.jpg?resize=414%2C276&#038;ssl=1\" srcset=\"https:\/\/imagenes.elpais.com\/resizer\/Tqt0FVjIUYwNFq38NMVMNG5cWlo=\/414x0\/cloudfront-eu-central-1.images.arcpublishing.com\/prisa\/3JGZH2S6KZBNPEGPXFCTW2ONVA.jpg 414w,https:\/\/imagenes.elpais.com\/resizer\/koPpRY8TdWC0AhDf_TlCmoD9UZw=\/828x0\/cloudfront-eu-central-1.images.arcpublishing.com\/prisa\/3JGZH2S6KZBNPEGPXFCTW2ONVA.jpg 640w,https:\/\/imagenes.elpais.com\/resizer\/NIQKyRt033Ma2UEW0Ljq3GvndoY=\/980x0\/cloudfront-eu-central-1.images.arcpublishing.com\/prisa\/3JGZH2S6KZBNPEGPXFCTW2ONVA.jpg 1000w,https:\/\/imagenes.elpais.com\/resizer\/j8noHTWvKMftifbfsQgEAJsOVBs=\/1960x0\/cloudfront-eu-central-1.images.arcpublishing.com\/prisa\/3JGZH2S6KZBNPEGPXFCTW2ONVA.jpg 1960w\" alt=\"Una mujer pedalea por un carril bici de R\u00f3terdam, en Pa\u00edses Bajos. \" width=\"414\" height=\"276\" \/><\/span><figcaption class=\"a_m_p\">Una mujer pedalea por un carril bici de R\u00f3terdam, en Pa\u00edses Bajos. <span class=\"a_m_m\"> Erhan Demirtas (NurPhoto \/ Getty)<\/span><\/figcaption><\/figure>\n<p class=\"\" style=\"text-align: justify;\">Lo mismo ocurre en Pa\u00edses Bajos, donde el uso de la bicicleta figura en los programas pol\u00edticos como parte de los planes de movilidad y para mejorar la salud, si bien la Izquierda Verde, los liberales de izquierda (D66) y los socialistas son los que prestan m\u00e1s atenci\u00f3n a este asunto. La bici es un modo de transporte sin discusi\u00f3n, y por eso se hace hincapi\u00e9 en un uso m\u00e1s seguro para ni\u00f1os y mayores. \u201cEl actual gobierno holand\u00e9s de centro-derecha ha anunciado 1.100 millones de euros de nuevas inversiones en ciclismo. La cuesti\u00f3n es que todos los automovilistas de los Pa\u00edses Bajos son tambi\u00e9n ciclistas\u201d, apunta Henk Swarttouw, presidente de la <a href=\"https:\/\/www.ecf.com\/\" target=\"_blank\" rel=\"noopener\" data-link-track-dtm=\"\" data-mrf-link=\"https:\/\/www.ecf.com\/\">Federaci\u00f3n Europea de Ciclistas<\/a>. \u201cPara nosotros, es una cuesti\u00f3n transversal a toda la sociedad, un orgullo nacional, por eso la construcci\u00f3n de nuevos carriles para bicicletas no es un tema de discusi\u00f3n que divida a los partidos pol\u00edticos\u201d, se\u00f1ala Roel Nieuwenkamp, embajador de Pa\u00edses Bajos en Espa\u00f1a.<\/p>\n<p class=\"\" style=\"text-align: justify;\">S\u00ed hay controversia en Alemania, donde hasta este a\u00f1o parec\u00eda que la progresiva ampliaci\u00f3n de la red ciclista urbana se daba por supuesta con independencia de qui\u00e9n gobernara, pero Berl\u00edn acaba de demostrar que no es as\u00ed. La capital ha pasado de estar gobernada por una coalici\u00f3n de socialdem\u00f3cratas, verdes e izquierda <a href=\"https:\/\/elpais.com\/internacional\/2023-04-03\/berlin-estrena-alcalde-conservador-por-primera-vez-en-22-anos.html\" data-link-track-dtm=\"\" data-mrf-link=\"https:\/\/elpais.com\/internacional\/2023-04-03\/berlin-estrena-alcalde-conservador-por-primera-vez-en-22-anos.html\">a darle el bast\u00f3n de mando al conservador Kai Wegner<\/a>, que hizo de la defensa del coche privado uno de sus ejes de campa\u00f1a. Los efectos ya se notan: la concejal de Movilidad, de la CDU, ha paralizado todos los nuevos proyectos de carril bici. En una carta a los distritos ha dejado claro que su prioridad es el veh\u00edculo privado. No se debe perder, asegura, ni un carril ni \u201cuna sola plaza de aparcamiento\u201d. Las asociaciones de ciclistas preparan manifestaciones de protesta.<\/p>\n<p class=\"\" style=\"text-align: justify;\">Con informaci\u00f3n de <b>Isabel Ferrer<\/b> (La Haya) y <b>Elena G. Sevillano<\/b> (Berl\u00edn).<\/p>\n<p><a class=\"a_md_a_n\" title=\"Ver todas las noticias de Miguel \u00c1ngel Medina\" href=\"https:\/\/elpais.com\/autor\/miguel-angel-medina\/#?rel=author_top\" data-mrf-link=\"https:\/\/elpais.com\/autor\/miguel-angel-medina\/\"><strong>Miguel \u00c1ngel Medina<\/strong><\/a><\/p>\n<header class=\"a_e _g _g-xs\">\n<div class=\"a_e_m\">\n<figure class=\"a_m a_m-h \"><figcaption class=\"a_m_p\">FOTO: Ciclistas se manifestaban el jueves contra la eliminaci\u00f3n del carril bici en la avenida Juan Carlos I de Elche (Alicante).<span class=\"a_m_m\">Joaqu\u00edn de Haro <\/span><\/figcaption><\/figure>\n<\/div>\n<\/header>\n<div class=\"a_md _g _g-xs \">\n<figure class=\"a_md_i a_m-h c_m--nf\"><span class=\"a_m_w _db\">https:\/\/elpais.com\/clima-y-medio-ambiente\/2023-06-23\/pp-y-vox-eliminan-carriles-bici-en-varias-ciudades-son-tambien-una-cuestion-ideologica.html?sma=newsletter_elpais_manana_alt20230623&amp;mid=DM209653&amp;bid=1781654465<\/span><\/figure>\n<div class=\"a_md_txt\">\n<div class=\"a_md_a\" data-dtm-region=\"articulo_firma\">\u00a0<\/div>\n<\/div>\n<\/div>\n","protected":false},"excerpt":{"rendered":"<p>La derecha anuncia que desmantelar\u00e1 infraestructuras ciclistas en Elche, Valladolid, Gij\u00f3n y Palma. En lugares&#8230;<\/p>\n","protected":false},"author":1,"featured_media":62433,"comment_status":"closed","ping_status":"closed","sticky":false,"template":"","format":"standard","meta":{"_coblocks_attr":"","_coblocks_dimensions":"","_coblocks_responsive_height":"","_coblocks_accordion_ie_support":"","jetpack_post_was_ever_published":false,"_jetpack_newsletter_access":"","_jetpack_dont_email_post_to_subs":false,"_jetpack_newsletter_tier_id":0,"_jetpack_memberships_contains_paywalled_content":false,"_jetpack_memberships_contains_paid_content":false,"footnotes":"","jetpack_publicize_message":"","jetpack_publicize_feature_enabled":true,"jetpack_social_post_already_shared":false,"jetpack_social_options":{"image_generator_settings":{"template":"highway","default_image_id":0,"enabled":false},"version":2}},"categories":[1161,44,7671,6937,15,10],"tags":[2164],"class_list":["post-62432","post","type-post","status-publish","format-standard","has-post-thumbnail","hentry","category-ciudadania","category-noticias-de-hoy","category-politica","category-sociedad","category-ultimas-noticias","category-salud","tag-carril-bici"],"jetpack_publicize_connections":[],"jetpack_featured_media_url":"https:\/\/i0.wp.com\/miradordeatarfe.es\/wp-content\/uploads\/2023\/06\/Screenshot-2023-06-24-at-11-20-59-El-PP-y-Vox-eliminan-carriles-bici-en-varias-ciudades-%C2%BFson-tambien-una-cuestion-ideologica.png?fit=674%2C590&ssl=1","jetpack_likes_enabled":true,"jetpack_sharing_enabled":true,"_links":{"self":[{"href":"https:\/\/miradordeatarfe.es\/index.php?rest_route=\/wp\/v2\/posts\/62432","targetHints":{"allow":["GET"]}}],"collection":[{"href":"https:\/\/miradordeatarfe.es\/index.php?rest_route=\/wp\/v2\/posts"}],"about":[{"href":"https:\/\/miradordeatarfe.es\/index.php?rest_route=\/wp\/v2\/types\/post"}],"author":[{"embeddable":true,"href":"https:\/\/miradordeatarfe.es\/index.php?rest_route=\/wp\/v2\/users\/1"}],"replies":[{"embeddable":true,"href":"https:\/\/miradordeatarfe.es\/index.php?rest_route=%2Fwp%2Fv2%2Fcomments&post=62432"}],"version-history":[{"count":1,"href":"https:\/\/miradordeatarfe.es\/index.php?rest_route=\/wp\/v2\/posts\/62432\/revisions"}],"predecessor-version":[{"id":62434,"href":"https:\/\/miradordeatarfe.es\/index.php?rest_route=\/wp\/v2\/posts\/62432\/revisions\/62434"}],"wp:featuredmedia":[{"embeddable":true,"href":"https:\/\/miradordeatarfe.es\/index.php?rest_route=\/wp\/v2\/media\/62433"}],"wp:attachment":[{"href":"https:\/\/miradordeatarfe.es\/index.php?rest_route=%2Fwp%2Fv2%2Fmedia&parent=62432"}],"wp:term":[{"taxonomy":"category","embeddable":true,"href":"https:\/\/miradordeatarfe.es\/index.php?rest_route=%2Fwp%2Fv2%2Fcategories&post=62432"},{"taxonomy":"post_tag","embeddable":true,"href":"https:\/\/miradordeatarfe.es\/index.php?rest_route=%2Fwp%2Fv2%2Ftags&post=62432"}],"curies":[{"name":"wp","href":"https:\/\/api.w.org\/{rel}","templated":true}]}}