{"id":62435,"date":"2023-06-25T11:26:08","date_gmt":"2023-06-25T09:26:08","guid":{"rendered":"https:\/\/miradordeatarfe.es\/?p=62435"},"modified":"2023-06-25T19:02:15","modified_gmt":"2023-06-25T17:02:15","slug":"atarfe-fin-de-curso-de-la-escuela-de-musica-y-danza-ciudad-atarfe","status":"publish","type":"post","link":"https:\/\/miradordeatarfe.es\/?p=62435","title":{"rendered":"ATARFE: FIN DE CURSO DE LA ESCUELA DE M\u00daSICA Y DANZA CIUDAD ATARFE"},"content":{"rendered":"<div class=\"\" dir=\"auto\">\n<div id=\":r98:\" class=\"x1iorvi4 x1pi30zi x1l90r2v x1swvt13\" data-ad-comet-preview=\"message\" data-ad-preview=\"message\">\n<div class=\"x78zum5 xdt5ytf xz62fqu x16ldp7u\">\n<div class=\"xu06os2 x1ok221b\">\n<div class=\"xdj266r x11i5rnm xat24cr x1mh8g0r x1vvkbs x126k92a\">\n<h3 dir=\"auto\" style=\"text-align: justify;\">Celebramos el talento de nuestros ni\u00f1os y ni\u00f1as en el Acto de Fin de Curso de la VIII Promoci\u00f3n 2019-2023 de la Escuela de M\u00fasica y Danza Ciudad Atarfe<\/h3>\n<\/div>\n<div class=\"x11i5rnm xat24cr x1mh8g0r x1vvkbs xtlvy1s x126k92a\" style=\"text-align: justify;\">\n<div dir=\"auto\">Un a\u00f1o m\u00e1s, hemos sido testigos de la brillante labor de la Escuela de M\u00fasica y Danza Ciudad Atarfe en su Acto de Fin de Curso. Nos enorgullece contar con un equipo docente de excelencia, cuya profesionalidad y dedicaci\u00f3n han permitido que numerosos ni\u00f1os y ni\u00f1as de nuestro municipio crezcan art\u00edsticamente bajo su tutela.<\/div>\n<div dir=\"auto\">\u00a0<\/div>\n<div dir=\"auto\">La Alcaldesa Yolanda Fern\u00e1ndez ha expresado su agradecimiento a estos profesionales, especialmente en estos tiempos dif\u00edciles dada la complicada situaci\u00f3n que atraviesan, cuesti\u00f3n que est\u00e1 sobre la mesa del nuevo equipo de gobierno para dar una soluci\u00f3n de manera prioritaria. Asimismo, la Concejala de Cultura, Jennifer Garc\u00eda, ha destacado el compromiso firme desde el Ayuntamiento por una Cultura de calidad, para que esta siga siendo una de nuestras destacadas se\u00f1as de identidad.<\/div>\n<div dir=\"auto\">\u00a0<\/div>\n<\/div>\n<div class=\"x11i5rnm xat24cr x1mh8g0r x1vvkbs xtlvy1s x126k92a\" style=\"text-align: justify;\">\n<div dir=\"auto\">Agradecemos a todas las familias que han hecho posible este maravilloso acto. Vuestra confianza y apoyo son fundamentales para el \u00e9xito de nuestros programas culturales y educativos.<\/div>\n<\/div>\n<div class=\"x11i5rnm xat24cr x1mh8g0r x1vvkbs xtlvy1s x126k92a\">\n<div dir=\"auto\" style=\"text-align: justify;\">Atarfe sigue cultivando el talento local y promoviendo la excelencia en la cultura.<\/div>\n<\/div>\n<\/div>\n<\/div>\n<\/div>\n<\/div>\n","protected":false},"excerpt":{"rendered":"<p>Celebramos el talento de nuestros ni\u00f1os y ni\u00f1as en el Acto de Fin de Curso&#8230;<\/p>\n","protected":false},"author":1,"featured_media":62436,"comment_status":"closed","ping_status":"closed","sticky":false,"template":"","format":"standard","meta":{"_coblocks_attr":"","_coblocks_dimensions":"","_coblocks_responsive_height":"","_coblocks_accordion_ie_support":"","jetpack_post_was_ever_published":false,"_jetpack_newsletter_access":"","_jetpack_dont_email_post_to_subs":false,"_jetpack_newsletter_tier_id":0,"_jetpack_memberships_contains_paywalled_content":false,"_jetpack_memberships_contains_paid_content":false,"footnotes":"","jetpack_publicize_message":"","jetpack_publicize_feature_enabled":true,"jetpack_social_post_already_shared":false,"jetpack_social_options":{"image_generator_settings":{"template":"highway","default_image_id":0,"enabled":false},"version":2}},"categories":[2,12,6916,1161,44,15],"tags":[4849],"class_list":["post-62435","post","type-post","status-publish","format-standard","has-post-thumbnail","hentry","category-atarfe","category-cultura","category-ayuntamiento-de-atarfe","category-ciudadania","category-noticias-de-hoy","category-ultimas-noticias","tag-escuela-de-musica"],"jetpack_publicize_connections":[],"jetpack_featured_media_url":"https:\/\/i0.wp.com\/miradordeatarfe.es\/wp-content\/uploads\/2023\/06\/355745873_641108534733332_6319973249219444666_n.jpg?fit=720%2C540&ssl=1","jetpack_likes_enabled":true,"jetpack_sharing_enabled":true,"_links":{"self":[{"href":"https:\/\/miradordeatarfe.es\/index.php?rest_route=\/wp\/v2\/posts\/62435","targetHints":{"allow":["GET"]}}],"collection":[{"href":"https:\/\/miradordeatarfe.es\/index.php?rest_route=\/wp\/v2\/posts"}],"about":[{"href":"https:\/\/miradordeatarfe.es\/index.php?rest_route=\/wp\/v2\/types\/post"}],"author":[{"embeddable":true,"href":"https:\/\/miradordeatarfe.es\/index.php?rest_route=\/wp\/v2\/users\/1"}],"replies":[{"embeddable":true,"href":"https:\/\/miradordeatarfe.es\/index.php?rest_route=%2Fwp%2Fv2%2Fcomments&post=62435"}],"version-history":[{"count":1,"href":"https:\/\/miradordeatarfe.es\/index.php?rest_route=\/wp\/v2\/posts\/62435\/revisions"}],"predecessor-version":[{"id":62437,"href":"https:\/\/miradordeatarfe.es\/index.php?rest_route=\/wp\/v2\/posts\/62435\/revisions\/62437"}],"wp:featuredmedia":[{"embeddable":true,"href":"https:\/\/miradordeatarfe.es\/index.php?rest_route=\/wp\/v2\/media\/62436"}],"wp:attachment":[{"href":"https:\/\/miradordeatarfe.es\/index.php?rest_route=%2Fwp%2Fv2%2Fmedia&parent=62435"}],"wp:term":[{"taxonomy":"category","embeddable":true,"href":"https:\/\/miradordeatarfe.es\/index.php?rest_route=%2Fwp%2Fv2%2Fcategories&post=62435"},{"taxonomy":"post_tag","embeddable":true,"href":"https:\/\/miradordeatarfe.es\/index.php?rest_route=%2Fwp%2Fv2%2Ftags&post=62435"}],"curies":[{"name":"wp","href":"https:\/\/api.w.org\/{rel}","templated":true}]}}