{"id":62441,"date":"2023-06-26T10:30:41","date_gmt":"2023-06-26T08:30:41","guid":{"rendered":"https:\/\/miradordeatarfe.es\/?p=62441"},"modified":"2023-07-22T09:35:51","modified_gmt":"2023-07-22T07:35:51","slug":"ocho-apellidos-granadinos-por-remedios-sanchez","status":"publish","type":"post","link":"https:\/\/miradordeatarfe.es\/?p=62441","title":{"rendered":"\u00abOCHO APELLIDOS GRANADINOS\u00bb por  Remedios S\u00e1nchez"},"content":{"rendered":"<h3 style=\"text-align: justify;\">En Granada somos de oraciones adversativas, de poner el pero (sint\u00e1ctico o literal) a cualquier asunto porque, como ya avisaba Federico, Granada ama lo diminuto.<\/h3>\n<p style=\"text-align: justify;\">Ahora resulta que hay quien toma como criterio para votar a los \u00a0candidatos\/as al congreso y al senado que sean granad\u00edes de pura cepa, desde sus los tatarabuelos de sus tatarabuelos, desde que Boabdil paseaba La Alhambra con permiso de Isabel y Fernando o, ya puestos a ser generosos y que no se diga que somos unos radicales al estilo del PNV de Arzalluz y de aquella historia suya del RH negativo identitario vasco, al menos desde que los Reyes Cat\u00f3licos dejaron Granada a cargo de los caballeros XXIV, los elegidos mantenedores del concejo de la ciudad con Hernando del Pulgar al frente, all\u00e1 por 1495.<\/p>\n<p style=\"text-align: justify;\">Por lo tanto, la reci\u00e9n elegida alcaldesa Marifr\u00e1n Carazo debiera \u00a0emitir cuanto antes un edicto avisando de que, quien no se apellide Granada, Venegas, Alarc\u00f3n, Zegr\u00ed, V\u00e1zquez Rengifo, Belv\u00eds o Manrique de Mendoza, por ejemplo, \u00a0debe abstenerse de pretender representar los intereses de la ciudad porque el granadino, seg\u00fan este modo de pensar reduccionista y a\u00f1ejo, nace; no se hace por su compromiso con lo que implica defender los intereses de Granada sino por la pureza de sangre de cristiano viejo.<\/p>\n<p style=\"text-align: justify;\">Por lo tanto, o se bautiza a la criaturita reci\u00e9n nacida en Puerta Real o aleda\u00f1os o el candidato ser\u00e1 calificado poco menos que como advenedizo, for\u00e1neo, paracaidista o ganap\u00e1n. Esto es: un forastero (o forastera -que es mucho peor, porque todo el mundo conoce que las mujeres valientes nunca han sido de fiar-) que a saber qu\u00e9 busca, que viene a aprovecharse del sacrificio de tantos ilustres paisanos que han dejado el list\u00f3n tan alto (n\u00f3tese la iron\u00eda) que resulta insuperable para alguien que no haya mamado la idiosincrasia patriotera del lamento. Porque Granada, una Granada rancia ya, sigue encerr\u00e1ndose, como dec\u00eda Lorca, \u00a0en su ensimismamiento de jard\u00edn peque\u00f1o y atardeceres eternos, \u00a0sin recordar que somos el fruto m\u00e1s rotundo de la multiculturalidad y que, desde ese punto de vista, jam\u00e1s nadie puede sernos ajeno si su pretensi\u00f3n es dedicar los pr\u00f3ximos cuatro a\u00f1os a defender nuestros intereses firmemente que es exactamente lo que muchos nunca se plantearon siquiera cuando tuvieron oportunidad. Es decir, si demuestra que tiene un proyecto para afrontar nuestros retos, si evidencia la capacidad de gesti\u00f3n m\u00e1s all\u00e1 del gesto balad\u00ed.<\/p>\n<p style=\"text-align: justify;\">Ya conocemos a muchos paisanos que nos utilizaron de palanca para medrar y olvidarse de c\u00f3mo llegaron a la carrera de San Jer\u00f3nimo; por ello, a quien venga a plantear algo con sentido y responsabilidad debiera escuch\u00e1rsele con la atenci\u00f3n que merece antes de lapidarlo, como acostumbramos. Aseveraba Ganivet que no se debe seguir ciegamente un derrotero fijo. \u00a0Por eso tenemos derecho a rectificar la percepci\u00f3n de una persona si nos convencen sus argumentos; merecemos tener esperanza en un futuro con un mayor protagonismo de las necesidades de Granada en los foros de decisi\u00f3n de Espa\u00f1a. \u00a0De ah\u00ed que estas elecciones que vienen sean tan importantes: o elegimos a personas carism\u00e1ticas con experiencia y prestigio acreditado capaces de representarnos dignamente, de abrirnos puertas y participar en la transformaci\u00f3n del porvenir, o favorecemos que se de otro paso m\u00e1s al vac\u00edo. Ante esta disyuntiva, apl\u00edquese la raz\u00f3n, pero sin olvidar el lema de los Granada-Venegas: el coraz\u00f3n manda.<\/p>\n<p>foto: ideal<\/p>\n","protected":false},"excerpt":{"rendered":"<p>En Granada somos de oraciones adversativas, de poner el pero (sint\u00e1ctico o literal) a cualquier&#8230;<\/p>\n","protected":false},"author":1,"featured_media":62442,"comment_status":"closed","ping_status":"closed","sticky":false,"template":"","format":"standard","meta":{"_coblocks_attr":"","_coblocks_dimensions":"","_coblocks_responsive_height":"","_coblocks_accordion_ie_support":"","jetpack_post_was_ever_published":false,"_jetpack_newsletter_access":"","_jetpack_dont_email_post_to_subs":false,"_jetpack_newsletter_tier_id":0,"_jetpack_memberships_contains_paywalled_content":false,"_jetpack_memberships_contains_paid_content":false,"footnotes":"","jetpack_publicize_message":"","jetpack_publicize_feature_enabled":true,"jetpack_social_post_already_shared":false,"jetpack_social_options":{"image_generator_settings":{"template":"highway","default_image_id":0,"enabled":false},"version":2}},"categories":[1161,44,7671,6914,15],"tags":[10515],"class_list":["post-62441","post","type-post","status-publish","format-standard","has-post-thumbnail","hentry","category-ciudadania","category-noticias-de-hoy","category-politica","category-opinion-de-reme-sanchez","category-ultimas-noticias","tag-politicos-de-granada"],"jetpack_publicize_connections":[],"jetpack_featured_media_url":"https:\/\/i0.wp.com\/miradordeatarfe.es\/wp-content\/uploads\/2023\/06\/votaciones--scaled.jpg?fit=2560%2C1470&ssl=1","jetpack_likes_enabled":true,"jetpack_sharing_enabled":true,"_links":{"self":[{"href":"https:\/\/miradordeatarfe.es\/index.php?rest_route=\/wp\/v2\/posts\/62441","targetHints":{"allow":["GET"]}}],"collection":[{"href":"https:\/\/miradordeatarfe.es\/index.php?rest_route=\/wp\/v2\/posts"}],"about":[{"href":"https:\/\/miradordeatarfe.es\/index.php?rest_route=\/wp\/v2\/types\/post"}],"author":[{"embeddable":true,"href":"https:\/\/miradordeatarfe.es\/index.php?rest_route=\/wp\/v2\/users\/1"}],"replies":[{"embeddable":true,"href":"https:\/\/miradordeatarfe.es\/index.php?rest_route=%2Fwp%2Fv2%2Fcomments&post=62441"}],"version-history":[{"count":1,"href":"https:\/\/miradordeatarfe.es\/index.php?rest_route=\/wp\/v2\/posts\/62441\/revisions"}],"predecessor-version":[{"id":62443,"href":"https:\/\/miradordeatarfe.es\/index.php?rest_route=\/wp\/v2\/posts\/62441\/revisions\/62443"}],"wp:featuredmedia":[{"embeddable":true,"href":"https:\/\/miradordeatarfe.es\/index.php?rest_route=\/wp\/v2\/media\/62442"}],"wp:attachment":[{"href":"https:\/\/miradordeatarfe.es\/index.php?rest_route=%2Fwp%2Fv2%2Fmedia&parent=62441"}],"wp:term":[{"taxonomy":"category","embeddable":true,"href":"https:\/\/miradordeatarfe.es\/index.php?rest_route=%2Fwp%2Fv2%2Fcategories&post=62441"},{"taxonomy":"post_tag","embeddable":true,"href":"https:\/\/miradordeatarfe.es\/index.php?rest_route=%2Fwp%2Fv2%2Ftags&post=62441"}],"curies":[{"name":"wp","href":"https:\/\/api.w.org\/{rel}","templated":true}]}}