{"id":62444,"date":"2023-06-30T09:00:27","date_gmt":"2023-06-30T07:00:27","guid":{"rendered":"https:\/\/miradordeatarfe.es\/?p=62444"},"modified":"2023-06-26T19:34:12","modified_gmt":"2023-06-26T17:34:12","slug":"el-64-de-los-ingresos-de-vox-proviene-de-subvenciones-casi-10-de-los-15-millones-que-ingreso-en-2022-tienen-origen-publico","status":"publish","type":"post","link":"https:\/\/miradordeatarfe.es\/?p=62444","title":{"rendered":"El 64% de los ingresos de Vox proviene de subvenciones: casi 10 de los 15 millones que ingres\u00f3 en 2022 tienen origen p\u00fablico"},"content":{"rendered":"<h2 style=\"text-align: justify;\">Pese a su constante cr\u00edtica a las subvenciones, el partido de extrema derecha se nutre econ\u00f3micamente de ellas<\/h2>\n<p style=\"text-align: justify;\">El 64% de los ingresos que tuvo Vox en 2022 proviene de las subvenciones p\u00fablicas. Seg\u00fan las cuentas anuales de la formaci\u00f3n, que ha adelantado El Pa\u00eds y a las que ha tenido acceso la Cadena SER, Vox ingres\u00f3 el a\u00f1o pasado 15 millones y medio de euros. Y de esos, cerca de 10 tienen origen p\u00fablico. Sin embargo, si se a\u00f1aden los 1,9 millones que recibi\u00f3 como subvenci\u00f3n electoral, el porcentaje de fondos p\u00fablicos llega al 67,6%.<\/p>\n<p style=\"text-align: justify;\">As\u00ed aparece en las cuentas que la direcci\u00f3n va a presentar este s\u00e1bado en su asamblea general, donde adem\u00e1s aprobar\u00e1n un cambio en los estatutos para obligar, por ejemplo, a los afiliados a mantener en secreto las deliberaciones y los acuerdos de los \u00f3rganos de gobierno.<\/p>\n<p style=\"text-align: justify;\">En este sentido, las aportaciones privadas se redujeron un 4% en el \u00faltimo a\u00f1o y suponen un 36% del total de sus ingresos. En cuanto a las donaciones, tambi\u00e9n han descendido, pasando de 189.929 euros en 2021 a 150.262 en 2022.<\/p>\n<p style=\"text-align: justify;\">Por otro lado, Vox intenta reforzar el poder de su c\u00fapula en la Asamblea General que han convocado el s\u00e1bado 24 de junio, en la que se ha debatido ya probado que el Comit\u00e9 Ejecutivo Nacional pueda pasar de 12 a 20 miembros y que sea el secretario general, Ignacio Garriga, quien designe a los vicesecretarios generales nacionales, en lugar del presidente de la formaci\u00f3n, Santiago Abascal.<\/p>\n<p style=\"text-align: justify;\">Seg\u00fan ha informado\u00a0 Vox en un comunicado, tambi\u00e9n pretenden crear un \u00abcanal \u00e9tico\u00bb y un Comit\u00e9 de Cumplimiento Normativo, as\u00ed como llevar a cabo \u00abuna serie de modificaciones\u00bb con el objetivo de otorgar a los afiliados \u00abmayores garant\u00edas\u00bb en su participaci\u00f3n y \u00abcapacidad de decisi\u00f3n\u00bb sobre el funcionamiento del partido.<\/p>\n<p style=\"text-align: justify;\">\u00abQuedar\u00e1n ampliadas las garant\u00edas en los procedimientos disciplinarios, suspensiones inmediatas de las sanciones en caso de recurso y mejoras en los \u00e1mbitos de confidencialidad y deber de secreto\u00bb, reza el comunicado. Asimismo, explica que el Comit\u00e9 Ejecutivo Nacional tendr\u00e1 asignadas tanto competencias indelegables como otras que podr\u00e1 asumir el Comit\u00e9 de Acci\u00f3n Pol\u00edtica o el Comit\u00e9 de Gesti\u00f3n.<\/p>\n<p style=\"text-align: justify;\">Seg\u00fan asegura la formaci\u00f3n, las modificaciones que votar\u00f3n los afiliados el s\u00e1bado tienen tres objetivos: adaptar la estructura del partido a las necesidades organizativas tras los \u00ab\u00e9xitos electorales\u00bb y el aumento de afiliados; realizar mejoras t\u00e9cnicas y jur\u00eddicas que permitan una mayor transparencia y flexibilidad en el funcionamiento del partido, y \u00abanticiparse\u00bb a los retos futuros.<\/p>\n<p style=\"text-align: justify;\">Tras la asamblea del d\u00eda 24, Vox organiz\u00f3 un acto p\u00fablico en el recinto ferial de Madrid, IFEMA, que cont\u00f3 con las intervenciones del presidente del partido, Santiago Abascal, el secretario general, Ignacio Garriga, y la vocal Mar\u00eda Ruiz Solas.<\/p>\n","protected":false},"excerpt":{"rendered":"<p>Pese a su constante cr\u00edtica a las subvenciones, el partido de extrema derecha se nutre&#8230;<\/p>\n","protected":false},"author":1,"featured_media":62445,"comment_status":"closed","ping_status":"closed","sticky":false,"template":"","format":"standard","meta":{"_coblocks_attr":"","_coblocks_dimensions":"","_coblocks_responsive_height":"","_coblocks_accordion_ie_support":"","jetpack_post_was_ever_published":false,"_jetpack_newsletter_access":"","_jetpack_dont_email_post_to_subs":false,"_jetpack_newsletter_tier_id":0,"_jetpack_memberships_contains_paywalled_content":false,"_jetpack_memberships_contains_paid_content":false,"footnotes":"","jetpack_publicize_message":"","jetpack_publicize_feature_enabled":true,"jetpack_social_post_already_shared":false,"jetpack_social_options":{"image_generator_settings":{"template":"highway","default_image_id":0,"enabled":false},"version":2}},"categories":[1161,44,7671,15],"tags":[8048,10516,5518],"class_list":["post-62444","post","type-post","status-publish","format-standard","has-post-thumbnail","hentry","category-ciudadania","category-noticias-de-hoy","category-politica","category-ultimas-noticias","tag-asamblea","tag-cambios-estatutarios","tag-vox"],"jetpack_publicize_connections":[],"jetpack_featured_media_url":"https:\/\/i0.wp.com\/miradordeatarfe.es\/wp-content\/uploads\/2023\/06\/Screenshot-2023-06-25-at-18-49-11-El-64-de-los-ingresos-de-Vox-proviene-de-subvenciones-casi-10-de-los-15-millones-que-ingreso-en-2022-tienen-origen-publico.png?fit=471%2C359&ssl=1","jetpack_likes_enabled":true,"jetpack_sharing_enabled":true,"_links":{"self":[{"href":"https:\/\/miradordeatarfe.es\/index.php?rest_route=\/wp\/v2\/posts\/62444","targetHints":{"allow":["GET"]}}],"collection":[{"href":"https:\/\/miradordeatarfe.es\/index.php?rest_route=\/wp\/v2\/posts"}],"about":[{"href":"https:\/\/miradordeatarfe.es\/index.php?rest_route=\/wp\/v2\/types\/post"}],"author":[{"embeddable":true,"href":"https:\/\/miradordeatarfe.es\/index.php?rest_route=\/wp\/v2\/users\/1"}],"replies":[{"embeddable":true,"href":"https:\/\/miradordeatarfe.es\/index.php?rest_route=%2Fwp%2Fv2%2Fcomments&post=62444"}],"version-history":[{"count":1,"href":"https:\/\/miradordeatarfe.es\/index.php?rest_route=\/wp\/v2\/posts\/62444\/revisions"}],"predecessor-version":[{"id":62446,"href":"https:\/\/miradordeatarfe.es\/index.php?rest_route=\/wp\/v2\/posts\/62444\/revisions\/62446"}],"wp:featuredmedia":[{"embeddable":true,"href":"https:\/\/miradordeatarfe.es\/index.php?rest_route=\/wp\/v2\/media\/62445"}],"wp:attachment":[{"href":"https:\/\/miradordeatarfe.es\/index.php?rest_route=%2Fwp%2Fv2%2Fmedia&parent=62444"}],"wp:term":[{"taxonomy":"category","embeddable":true,"href":"https:\/\/miradordeatarfe.es\/index.php?rest_route=%2Fwp%2Fv2%2Fcategories&post=62444"},{"taxonomy":"post_tag","embeddable":true,"href":"https:\/\/miradordeatarfe.es\/index.php?rest_route=%2Fwp%2Fv2%2Ftags&post=62444"}],"curies":[{"name":"wp","href":"https:\/\/api.w.org\/{rel}","templated":true}]}}