{"id":62447,"date":"2023-06-27T08:12:29","date_gmt":"2023-06-27T06:12:29","guid":{"rendered":"https:\/\/miradordeatarfe.es\/?p=62447"},"modified":"2023-06-25T19:05:14","modified_gmt":"2023-06-25T17:05:14","slug":"maniobras-en-la-oscuridad","status":"publish","type":"post","link":"https:\/\/miradordeatarfe.es\/?p=62447","title":{"rendered":"Maniobras en la oscuridad."},"content":{"rendered":"<h3 style=\"text-align: justify;\">En el a\u00f1o 1931, las elecciones municipales supusieron un cambio de \u00e9poca y hasta de forma de Estado, de monarqu\u00eda a rep\u00fablica.<\/h3>\n<p style=\"text-align: justify;\">Poco se acuerdan del nombre de la mayor\u00eda de los alcaldes nominados entonces y lo que hicieron. Casi medio siglo despu\u00e9s, en 1979, tuvieron lugar las primeras elecciones municipales de la actual democracia.<\/p>\n<p style=\"text-align: justify;\">Las numerosas coaliciones de izquierda iniciaron la transformaci\u00f3n de muchas ciudades espa\u00f1olas. De ah\u00ed salieron algunos de los nombres m\u00edticos de la Transici\u00f3n. Tierno, Serra, Maragall, etc. M\u00e1s de 40 a\u00f1os desde entonces, otros comicios municipales y auton\u00f3micos, tambi\u00e9n est\u00e1n moviendo las cosas. Pendientes de que se cierre el mapa, ya hay dos conclusiones que ser\u00e1n estudiadas por los historiadores.<\/p>\n<p style=\"text-align: justify;\">La primera, la total desaparici\u00f3n de los &#8216;ayuntamientos del cambio&#8217; que surgieron del movimiento 15M, del &#8216;no nos representan&#8217; y de los indignados. Los nombres de Carmena, Colau, Rib\u00f3, Riveiro, Kichi y otros forman parte ya de otro momento pol\u00edtico. La segunda, la disparidad de criterios en el PP a la hora de pactar con la extrema derecha. Una cosa y la contraria. A veces el Partido Popular parece un partido confederal. Las explicaciones de N\u00fa\u00f1ez Feij\u00f3o de por qu\u00e9 en unos sitios s\u00ed y en otros no, no tiene sentido razonable, s\u00f3lo si son simples maniobras t\u00e1cticas en la oscuridad para llegar al fin \u00faltimo.<\/p>\n","protected":false},"excerpt":{"rendered":"<p>En el a\u00f1o 1931, las elecciones municipales supusieron un cambio de \u00e9poca y hasta de&#8230;<\/p>\n","protected":false},"author":1,"featured_media":62448,"comment_status":"closed","ping_status":"closed","sticky":false,"template":"","format":"standard","meta":{"_coblocks_attr":"","_coblocks_dimensions":"","_coblocks_responsive_height":"","_coblocks_accordion_ie_support":"","jetpack_post_was_ever_published":false,"_jetpack_newsletter_access":"","_jetpack_dont_email_post_to_subs":false,"_jetpack_newsletter_tier_id":0,"_jetpack_memberships_contains_paywalled_content":false,"_jetpack_memberships_contains_paid_content":false,"footnotes":"","jetpack_publicize_message":"","jetpack_publicize_feature_enabled":true,"jetpack_social_post_already_shared":false,"jetpack_social_options":{"image_generator_settings":{"template":"highway","default_image_id":0,"enabled":false},"version":2}},"categories":[1161,44,7671,15],"tags":[6516,10517],"class_list":["post-62447","post","type-post","status-publish","format-standard","has-post-thumbnail","hentry","category-ciudadania","category-noticias-de-hoy","category-politica","category-ultimas-noticias","tag-consecuencias","tag-eklecciones"],"jetpack_publicize_connections":[],"jetpack_featured_media_url":"https:\/\/i0.wp.com\/miradordeatarfe.es\/wp-content\/uploads\/2023\/06\/Screenshot-2023-06-25-at-19-03-27-Maniobras-en-la-oscuridad.png?fit=256%2C280&ssl=1","jetpack_likes_enabled":true,"jetpack_sharing_enabled":true,"_links":{"self":[{"href":"https:\/\/miradordeatarfe.es\/index.php?rest_route=\/wp\/v2\/posts\/62447","targetHints":{"allow":["GET"]}}],"collection":[{"href":"https:\/\/miradordeatarfe.es\/index.php?rest_route=\/wp\/v2\/posts"}],"about":[{"href":"https:\/\/miradordeatarfe.es\/index.php?rest_route=\/wp\/v2\/types\/post"}],"author":[{"embeddable":true,"href":"https:\/\/miradordeatarfe.es\/index.php?rest_route=\/wp\/v2\/users\/1"}],"replies":[{"embeddable":true,"href":"https:\/\/miradordeatarfe.es\/index.php?rest_route=%2Fwp%2Fv2%2Fcomments&post=62447"}],"version-history":[{"count":2,"href":"https:\/\/miradordeatarfe.es\/index.php?rest_route=\/wp\/v2\/posts\/62447\/revisions"}],"predecessor-version":[{"id":62450,"href":"https:\/\/miradordeatarfe.es\/index.php?rest_route=\/wp\/v2\/posts\/62447\/revisions\/62450"}],"wp:featuredmedia":[{"embeddable":true,"href":"https:\/\/miradordeatarfe.es\/index.php?rest_route=\/wp\/v2\/media\/62448"}],"wp:attachment":[{"href":"https:\/\/miradordeatarfe.es\/index.php?rest_route=%2Fwp%2Fv2%2Fmedia&parent=62447"}],"wp:term":[{"taxonomy":"category","embeddable":true,"href":"https:\/\/miradordeatarfe.es\/index.php?rest_route=%2Fwp%2Fv2%2Fcategories&post=62447"},{"taxonomy":"post_tag","embeddable":true,"href":"https:\/\/miradordeatarfe.es\/index.php?rest_route=%2Fwp%2Fv2%2Ftags&post=62447"}],"curies":[{"name":"wp","href":"https:\/\/api.w.org\/{rel}","templated":true}]}}