{"id":62451,"date":"2023-06-26T10:00:43","date_gmt":"2023-06-26T08:00:43","guid":{"rendered":"https:\/\/miradordeatarfe.es\/?p=62451"},"modified":"2023-06-25T20:05:52","modified_gmt":"2023-06-25T18:05:52","slug":"inicio-del-periodo-de-matriculacion-escuela-de-verano-2023","status":"publish","type":"post","link":"https:\/\/miradordeatarfe.es\/?p=62451","title":{"rendered":"INICIO DEL PERIODO DE MATRICULACI\u00d3N &#8211; ESCUELA DE VERANO 2023"},"content":{"rendered":"<h3>Tras la publicaci\u00f3n del listado de alumnos\/as admitidos\/as definitivamente en la Escuela de Verano 2023 comienza el periodo de matriculaci\u00f3n desde hoy, a partir de las 12:00h., hasta el pr\u00f3ximo jueves, 29 de junio.<\/h3>\n<p><strong>DOCUMENTACI\u00d3N A APORTAR:<\/strong><\/p>\n<p>&#8211;<em> Hoja de matr\u00edcula: que podr\u00e1s encontrar en el tabl\u00f3n de anuncios de la Sede electr\u00f3nica del Ayuntamiento de Atarfe, o en el Centro C\u00edvico, en formato f\u00edsico.<\/em><\/p>\n<p><em>&#8211; Justificante de pago.<\/em><\/p>\n<p>Esta documentaci\u00f3n debe ser entregada en el Centro C\u00edvico en horario de 8:00 a 14:00 y de 15:00 a 21:00h.<\/p>\n<p><a href=\"https:\/\/i0.wp.com\/miradordeatarfe.es\/wp-content\/uploads\/2023\/06\/355880051_640179568159562_4943172109195595322_n.jpg?ssl=1\"><img data-recalc-dims=\"1\" loading=\"lazy\" decoding=\"async\" class=\"alignnone wp-image-62452 size-full\" src=\"https:\/\/i0.wp.com\/miradordeatarfe.es\/wp-content\/uploads\/2023\/06\/355880051_640179568159562_4943172109195595322_n.jpg?resize=640%2C640&#038;ssl=1\" alt=\"\" width=\"640\" height=\"640\" srcset=\"https:\/\/i0.wp.com\/miradordeatarfe.es\/wp-content\/uploads\/2023\/06\/355880051_640179568159562_4943172109195595322_n.jpg?w=1080&amp;ssl=1 1080w, https:\/\/i0.wp.com\/miradordeatarfe.es\/wp-content\/uploads\/2023\/06\/355880051_640179568159562_4943172109195595322_n.jpg?resize=300%2C300&amp;ssl=1 300w, https:\/\/i0.wp.com\/miradordeatarfe.es\/wp-content\/uploads\/2023\/06\/355880051_640179568159562_4943172109195595322_n.jpg?resize=1024%2C1024&amp;ssl=1 1024w, https:\/\/i0.wp.com\/miradordeatarfe.es\/wp-content\/uploads\/2023\/06\/355880051_640179568159562_4943172109195595322_n.jpg?resize=150%2C150&amp;ssl=1 150w, https:\/\/i0.wp.com\/miradordeatarfe.es\/wp-content\/uploads\/2023\/06\/355880051_640179568159562_4943172109195595322_n.jpg?resize=768%2C768&amp;ssl=1 768w\" sizes=\"auto, (max-width: 640px) 100vw, 640px\" \/><\/a><\/p>\n","protected":false},"excerpt":{"rendered":"<p>Tras la publicaci\u00f3n del listado de alumnos\/as admitidos\/as definitivamente en la Escuela de Verano 2023&#8230;<\/p>\n","protected":false},"author":1,"featured_media":62453,"comment_status":"closed","ping_status":"closed","sticky":false,"template":"","format":"standard","meta":{"_coblocks_attr":"","_coblocks_dimensions":"","_coblocks_responsive_height":"","_coblocks_accordion_ie_support":"","jetpack_post_was_ever_published":false,"_jetpack_newsletter_access":"","_jetpack_dont_email_post_to_subs":false,"_jetpack_newsletter_tier_id":0,"_jetpack_memberships_contains_paywalled_content":false,"_jetpack_memberships_contains_paid_content":false,"footnotes":"","jetpack_publicize_message":"","jetpack_publicize_feature_enabled":true,"jetpack_social_post_already_shared":false,"jetpack_social_options":{"image_generator_settings":{"template":"highway","default_image_id":0,"enabled":false},"version":2}},"categories":[2,187,1161,186,44,15],"tags":[2754,10518],"class_list":["post-62451","post","type-post","status-publish","format-standard","has-post-thumbnail","hentry","category-atarfe","category-centros-educativos","category-ciudadania","category-instituciones","category-noticias-de-hoy","category-ultimas-noticias","tag-escuela-de-verano","tag-listado-y-matriculacion"],"jetpack_publicize_connections":[],"jetpack_featured_media_url":"https:\/\/i0.wp.com\/miradordeatarfe.es\/wp-content\/uploads\/2023\/06\/355880051_640179568159562_4943172109195595322_n-2.jpg?fit=1075%2C367&ssl=1","jetpack_likes_enabled":true,"jetpack_sharing_enabled":true,"_links":{"self":[{"href":"https:\/\/miradordeatarfe.es\/index.php?rest_route=\/wp\/v2\/posts\/62451","targetHints":{"allow":["GET"]}}],"collection":[{"href":"https:\/\/miradordeatarfe.es\/index.php?rest_route=\/wp\/v2\/posts"}],"about":[{"href":"https:\/\/miradordeatarfe.es\/index.php?rest_route=\/wp\/v2\/types\/post"}],"author":[{"embeddable":true,"href":"https:\/\/miradordeatarfe.es\/index.php?rest_route=\/wp\/v2\/users\/1"}],"replies":[{"embeddable":true,"href":"https:\/\/miradordeatarfe.es\/index.php?rest_route=%2Fwp%2Fv2%2Fcomments&post=62451"}],"version-history":[{"count":3,"href":"https:\/\/miradordeatarfe.es\/index.php?rest_route=\/wp\/v2\/posts\/62451\/revisions"}],"predecessor-version":[{"id":62456,"href":"https:\/\/miradordeatarfe.es\/index.php?rest_route=\/wp\/v2\/posts\/62451\/revisions\/62456"}],"wp:featuredmedia":[{"embeddable":true,"href":"https:\/\/miradordeatarfe.es\/index.php?rest_route=\/wp\/v2\/media\/62453"}],"wp:attachment":[{"href":"https:\/\/miradordeatarfe.es\/index.php?rest_route=%2Fwp%2Fv2%2Fmedia&parent=62451"}],"wp:term":[{"taxonomy":"category","embeddable":true,"href":"https:\/\/miradordeatarfe.es\/index.php?rest_route=%2Fwp%2Fv2%2Fcategories&post=62451"},{"taxonomy":"post_tag","embeddable":true,"href":"https:\/\/miradordeatarfe.es\/index.php?rest_route=%2Fwp%2Fv2%2Ftags&post=62451"}],"curies":[{"name":"wp","href":"https:\/\/api.w.org\/{rel}","templated":true}]}}