{"id":62460,"date":"2023-06-26T08:31:58","date_gmt":"2023-06-26T06:31:58","guid":{"rendered":"https:\/\/miradordeatarfe.es\/?p=62460"},"modified":"2023-06-25T19:50:52","modified_gmt":"2023-06-25T17:50:52","slug":"62460","status":"publish","type":"post","link":"https:\/\/miradordeatarfe.es\/?p=62460","title":{"rendered":"\u00bfHasta cu\u00e1ndo se puede presentar la declaraci\u00f3n de la renta? Esta es la fecha l\u00edmite para el tr\u00e1mite"},"content":{"rendered":"<h3 style=\"text-align: justify;\">Llegan las \u00faltimos dias para <a href=\"https:\/\/cadenaser.com\/nacional\/2023\/04\/10\/calendario-de-la-declaracion-de-la-renta-2022-2023-fechas-clave-de-la-campana-y-cuando-acaba-el-plazo-cadena-ser\/\" target=\"_blank\" rel=\"noopener\">rendir cuentas con Hacienda<\/a>. Desde que el pasado 11 de abril se abri\u00f3 el plazo para comenzar a presentar la declaraci\u00f3n de la renta, la mayor parte de contribuyentes ya han cumplido con sus obligaciones fiscales. Sin embargo, como ocurre cada a\u00f1o, a\u00fan quedan algunos rezagados que esperan hasta el \u00faltimo d\u00eda, 30 de junio, para llevar a cabo este tr\u00e1mite.<\/h3>\n<p style=\"text-align: justify;\">Pero, atenci\u00f3n, aunque sea e<strong>l \u00faltimo d\u00eda del mes el que est\u00e1 marcado como plazo l\u00edmite para hacer la Declaraci\u00f3n, esta fecha tiene una excepci\u00f3n.<\/strong> Y tal y como advierten desde la Agencia Tributaria es importante tenerla en cuenta.<strong> Este 27 de junio es la \u00faltima jornada en la que los ciudadanos pueden presentar su tributaci\u00f3n en el caso de que <a href=\"https:\/\/cadenaser.com\/nacional\/2023\/04\/12\/resultado-negativo-o-positivo-en-la-declaracion-de-la-renta-que-significa-cadena-ser\/\" target=\"_blank\" rel=\"noopener\">el ejercicio les salga a pagar<\/a> y quieran hacer el ingreso mediante domiciliaci\u00f3n bancaria.<\/strong><\/p>\n<h3 style=\"text-align: justify;\">\u00bfQu\u00e9 ocurre si se me pasa el 27 de junio y la declaraci\u00f3n de la renta me sale a pagar?<\/h3>\n<p style=\"text-align: justify;\">En caso de que los contribuyentes que deban pagar a la Agencia Tributaria y presenten su modelo<strong> los d\u00edas 28, 29 o 30 de junio<\/strong>, <strong>la domiciliaci\u00f3n bancaria no ser\u00e1 una opci\u00f3n<\/strong>. En su lugar, <strong><em>deber\u00e1n ir de forma presencial a la oficina bancaria y realizar el abono<\/em><\/strong> que corresponda a su ejercicio tributario. Superar el l\u00edmite fijado tiene, en este caso, este peque\u00f1o perjuicio. Sin embargo, no es la t\u00f3nica habitual si nos referimos a retrasos o errores a la hora de presentar la declaraci\u00f3n de la renta.<\/p>\n<p style=\"text-align: justify;\">As\u00ed, por ejemplo, quienes no presenten su IRPF antes del 1 de julio, existen diferentes supuestos. A quien la declaraci\u00f3n de la renta le salga a pagar, se aplicar\u00e1 un recargo de un 1% del importe a ingresar y adicionalmente se a\u00f1adir\u00e1 un 1% m\u00e1s por cada mes de retraso. Si han pasado m\u00e1s de 12 meses desde la fecha estipulada, se impondr\u00e1 un recargo del 15% m\u00e1s intereses de demora.<\/p>\n<p style=\"text-align: justify;\">Adem\u00e1s, si el ciudadano recibe una notificaci\u00f3n de Hacienda informando de esto, la penalizaci\u00f3n puede oscilar entre el 50% y el 150% de la cuant\u00eda que se deb\u00eda a la Agencia Tributaria. Una cifra que puede variar si se detecta que el contribuyente es reincidente en este tipo de demoras y errores.<\/p>\n<p style=\"text-align: justify;\">Si el ejercicio tributario sale a devolver y la Agencia Tributaria nos deb\u00eda dinero, entregar el borrador fuera de fecha implica que no s\u00f3lo no se reciba ese dinero, sino que adem\u00e1s haya que pagar hasta 200 euros extra.<\/p>\n<p style=\"text-align: justify;\">Merece la pena recordar que la Agencia Tributaria puede revisar el ejercicio hasta cuatro a\u00f1os despu\u00e9s de haberlo presentado. Es decir, podemos recibir la notificaci\u00f3n de alg\u00fan error que hayamos cometido en 2027.<\/p>\n<p>FOTO: El 27 de junio termina el plazo para aquellos a los que la declaraci\u00f3n le sale a devolver<\/p>\n<p>https:\/\/cadenaser.com\/nacional\/2023\/06\/22\/hasta-cuando-se-puede-presentar-la-declaracion-de-la-renta-esta-es-la-fecha-limite-para-el-tramite-cadena-ser\/<\/p>\n","protected":false},"excerpt":{"rendered":"<p>Llegan las \u00faltimos dias para rendir cuentas con Hacienda. Desde que el pasado 11 de&#8230;<\/p>\n","protected":false},"author":1,"featured_media":62461,"comment_status":"closed","ping_status":"closed","sticky":false,"template":"","format":"standard","meta":{"_coblocks_attr":"","_coblocks_dimensions":"","_coblocks_responsive_height":"","_coblocks_accordion_ie_support":"","jetpack_post_was_ever_published":false,"_jetpack_newsletter_access":"","_jetpack_dont_email_post_to_subs":false,"_jetpack_newsletter_tier_id":0,"_jetpack_memberships_contains_paywalled_content":false,"_jetpack_memberships_contains_paid_content":false,"footnotes":"","jetpack_publicize_message":"","jetpack_publicize_feature_enabled":true,"jetpack_social_post_already_shared":false,"jetpack_social_options":{"image_generator_settings":{"template":"highway","default_image_id":0,"enabled":false},"version":2}},"categories":[1161,44,7671,6937,6920,15],"tags":[386,406],"class_list":["post-62460","post","type-post","status-publish","format-standard","has-post-thumbnail","hentry","category-ciudadania","category-noticias-de-hoy","category-politica","category-sociedad","category-tecnologia","category-ultimas-noticias","tag-declaracion-de-renta","tag-hacienda"],"jetpack_publicize_connections":[],"jetpack_featured_media_url":"https:\/\/i0.wp.com\/miradordeatarfe.es\/wp-content\/uploads\/2023\/06\/Screenshot-2023-06-25-at-19-35-54-%C2%BFHasta-cuando-se-puede-presentar-la-declaracion-de-la-renta-Esta-es-la-fecha-limite-para-el-tramite.png?fit=459%2C340&ssl=1","jetpack_likes_enabled":true,"jetpack_sharing_enabled":true,"_links":{"self":[{"href":"https:\/\/miradordeatarfe.es\/index.php?rest_route=\/wp\/v2\/posts\/62460","targetHints":{"allow":["GET"]}}],"collection":[{"href":"https:\/\/miradordeatarfe.es\/index.php?rest_route=\/wp\/v2\/posts"}],"about":[{"href":"https:\/\/miradordeatarfe.es\/index.php?rest_route=\/wp\/v2\/types\/post"}],"author":[{"embeddable":true,"href":"https:\/\/miradordeatarfe.es\/index.php?rest_route=\/wp\/v2\/users\/1"}],"replies":[{"embeddable":true,"href":"https:\/\/miradordeatarfe.es\/index.php?rest_route=%2Fwp%2Fv2%2Fcomments&post=62460"}],"version-history":[{"count":3,"href":"https:\/\/miradordeatarfe.es\/index.php?rest_route=\/wp\/v2\/posts\/62460\/revisions"}],"predecessor-version":[{"id":62467,"href":"https:\/\/miradordeatarfe.es\/index.php?rest_route=\/wp\/v2\/posts\/62460\/revisions\/62467"}],"wp:featuredmedia":[{"embeddable":true,"href":"https:\/\/miradordeatarfe.es\/index.php?rest_route=\/wp\/v2\/media\/62461"}],"wp:attachment":[{"href":"https:\/\/miradordeatarfe.es\/index.php?rest_route=%2Fwp%2Fv2%2Fmedia&parent=62460"}],"wp:term":[{"taxonomy":"category","embeddable":true,"href":"https:\/\/miradordeatarfe.es\/index.php?rest_route=%2Fwp%2Fv2%2Fcategories&post=62460"},{"taxonomy":"post_tag","embeddable":true,"href":"https:\/\/miradordeatarfe.es\/index.php?rest_route=%2Fwp%2Fv2%2Ftags&post=62460"}],"curies":[{"name":"wp","href":"https:\/\/api.w.org\/{rel}","templated":true}]}}