{"id":62464,"date":"2023-06-28T09:42:05","date_gmt":"2023-06-28T07:42:05","guid":{"rendered":"https:\/\/miradordeatarfe.es\/?p=62464"},"modified":"2023-06-25T19:55:55","modified_gmt":"2023-06-25T17:55:55","slug":"el-aire-no-es-mercancia","status":"publish","type":"post","link":"https:\/\/miradordeatarfe.es\/?p=62464","title":{"rendered":"El aire no es mercanc\u00eda"},"content":{"rendered":"<h3>Crecen de forma constante las muertes en Espa\u00f1a causadas por los altos \u00edndices de contaminaci\u00f3n<\/h3>\n<p style=\"text-align: justify;\">La <a href=\"http:\/\/t.newsletter.elpais.com\/r\/?id=h6a2fce82,bd31068,4b25a39\" target=\"_blank\" rel=\"noopener\" data-saferedirecturl=\"https:\/\/www.google.com\/url?q=http:\/\/t.newsletter.elpais.com\/r\/?id%3Dh6a2fce82,bd31068,4b25a39&amp;source=gmail&amp;ust=1687798052168000&amp;usg=AOvVaw10mJoCo6996cLomm_y8aLp\">calidad del aire<\/a> empeor\u00f3 en Espa\u00f1a para m\u00e1s de siete millones de espa\u00f1oles el pasado a\u00f1o (hasta incumplir los niveles legales dictaminados por la UE) debido al efecto combinado del aumento del tr\u00e1fico tras la pandemia, la falta de lluvias y las olas de calor. <a href=\"http:\/\/t.newsletter.elpais.com\/r\/?id=h6a2fce82,bd31068,4b25a3a\" target=\"_blank\" rel=\"noopener\" data-saferedirecturl=\"https:\/\/www.google.com\/url?q=http:\/\/t.newsletter.elpais.com\/r\/?id%3Dh6a2fce82,bd31068,4b25a3a&amp;source=gmail&amp;ust=1687798052168000&amp;usg=AOvVaw2beaXaXt46TgK3jPDrSnlX\">El informe de Ecologistas en Acci\u00f3n presentado el martes<\/a> y basado en el examen de 780 estaciones de medici\u00f3n oficiales detecta el nivel m\u00e1s alto de part\u00edculas en suspensi\u00f3n en los \u00faltimos diez a\u00f1os. Son cifras que exceden los l\u00edmites de la UE, que son bastante m\u00e1s laxos que los fijados por la Organizaci\u00f3n Mundial de la Salud (OMS). Seg\u00fan sus nuevos par\u00e1metros, de hecho, la totalidad de la poblaci\u00f3n en Espa\u00f1a respir\u00f3 aire insalubre el a\u00f1o pasado, aunque las cifras se disparan en las zonas de Madrid y Barcelona.<\/p>\n<p style=\"text-align: justify;\">En este contexto, resultan incomprensibles las maniobras que han iniciado ocho de las regiones m\u00e1s industrializadas de Europa, entre ellas precisamente <a href=\"http:\/\/t.newsletter.elpais.com\/r\/?id=h6a2fce82,bd31068,4b25a3b\" target=\"_blank\" rel=\"noopener\" data-saferedirecturl=\"https:\/\/www.google.com\/url?q=http:\/\/t.newsletter.elpais.com\/r\/?id%3Dh6a2fce82,bd31068,4b25a3b&amp;source=gmail&amp;ust=1687798052168000&amp;usg=AOvVaw1a6p3_KQbowoTnWUXyNh6_\">Madrid y Catalu\u00f1a, para conseguir exenciones en el cumplimiento de la nueva directiva sobre calidad del aire que prepara la Uni\u00f3n Europea<\/a>. Estos movimientos coinciden con una ofensiva de populares y liberales en diferentes pa\u00edses para tratar de rebajar la ambici\u00f3n de la agenda verde de la Comisi\u00f3n Europea. Recortar esos planes equivale a incurrir en un grave error que no solo puede costar muy caro sino resultar irreversible, y los indicios locales no son nada tranquilizadores: tanto en Elche como en Gij\u00f3n las concejal\u00edas de Vox pactadas con el PP han rechazado las <a href=\"http:\/\/t.newsletter.elpais.com\/r\/?id=h6a2fce82,bd31068,4b25a3c\" target=\"_blank\" rel=\"noopener\" data-saferedirecturl=\"https:\/\/www.google.com\/url?q=http:\/\/t.newsletter.elpais.com\/r\/?id%3Dh6a2fce82,bd31068,4b25a3c&amp;source=gmail&amp;ust=1687798052168000&amp;usg=AOvVaw1hgjXnR0JTzLtVOpniJQug\">zonas de bajas emisiones.<\/a><\/p>\n<p style=\"text-align: justify;\">Numerosos estudios epidemiol\u00f3gicos han demostrado en los \u00faltimos a\u00f1os que el impacto de la poluci\u00f3n ambiental sobre la salud colectiva es muy superior al que se tem\u00eda, hasta el punto de que la mala calidad del aire se ha convertido en una de las principales causas evitables de enfermedad y muerte prematura en las grandes ciudades. Solo en la UE se estima que provoca 300.000 muertes prematuras al a\u00f1o. El estudio presentado por Ecologistas en Acci\u00f3n cifra en 25.000 las personas que mueren al a\u00f1o en Espa\u00f1a por afecciones cardiorespiratorias y pulmonares derivadas de la alta poluci\u00f3n del aire, 15 veces m\u00e1s que las muertes causadas por accidentes de tr\u00e1fico.<\/p>\n<p style=\"text-align: justify;\">La Comisi\u00f3n Europea ya ha iniciado los trabajos para reformar la directiva sobre calidad del aire para acercarla a lo que recomienda la OMS, lo que pondr\u00e1 en aprietos a muchas ciudades, entre ellas las \u00e1reas de Madrid y Barcelona que <a href=\"http:\/\/t.newsletter.elpais.com\/r\/?id=h6a2fce82,bd31068,4b25a3d\" target=\"_blank\" rel=\"noopener\" data-saferedirecturl=\"https:\/\/www.google.com\/url?q=http:\/\/t.newsletter.elpais.com\/r\/?id%3Dh6a2fce82,bd31068,4b25a3d&amp;source=gmail&amp;ust=1687798052168000&amp;usg=AOvVaw1Iq-y0ydMhvDqsJh-K61kl\">desde 2010 han incumplido sistem\u00e1ticamente la directiva de calidad del aire,<\/a> hasta el punto de que Espa\u00f1a fue condenada en diciembre de 2022 por el Tribunal de Justicia de la Uni\u00f3n Europea. Resulta contradictorio defender que se tienen que rebajar los niveles de contaminaci\u00f3n y pretender al mismo tiempo que no se intervenga sobre la causa principal. Las tentativas desde los gobiernos de Madrid y Catalu\u00f1a de abandonar la senda de la reducci\u00f3n los acercan en la UE a las fuerzas pol\u00edticas menos recomendables, y algunas abiertamente negacionistas, en lugar de fortalecer la posici\u00f3n de la Comisi\u00f3n Europea para limpiar el aire de las ciudades.<\/p>\n<p>EDITORIAL EL PAIS<\/p>\n<p>FOTO: Vistas de la contaminaci\u00f3n que afecta a la ciudad de Barcelona desde el Tur\u00f3 de la Rovira, en mayo.<span class=\"a_m_m\">Carles Ribas<\/span><\/p>\n<p>https:\/\/elpais.com\/opinion\/2023-06-23\/el-aire-no-es-mercancia.html<\/p>\n","protected":false},"excerpt":{"rendered":"<p>Crecen de forma constante las muertes en Espa\u00f1a causadas por los altos \u00edndices de contaminaci\u00f3n&#8230;<\/p>\n","protected":false},"author":1,"featured_media":62465,"comment_status":"closed","ping_status":"closed","sticky":false,"template":"","format":"standard","meta":{"_coblocks_attr":"","_coblocks_dimensions":"","_coblocks_responsive_height":"","_coblocks_accordion_ie_support":"","jetpack_post_was_ever_published":false,"_jetpack_newsletter_access":"","_jetpack_dont_email_post_to_subs":false,"_jetpack_newsletter_tier_id":0,"_jetpack_memberships_contains_paywalled_content":false,"_jetpack_memberships_contains_paid_content":false,"footnotes":"","jetpack_publicize_message":"","jetpack_publicize_feature_enabled":true,"jetpack_social_post_already_shared":false,"jetpack_social_options":{"image_generator_settings":{"template":"highway","default_image_id":0,"enabled":false},"version":2}},"categories":[1161,9,44,7671,15,10],"tags":[10520,99,1938],"class_list":["post-62464","post","type-post","status-publish","format-standard","has-post-thumbnail","hentry","category-ciudadania","category-medio-ambiente","category-noticias-de-hoy","category-politica","category-ultimas-noticias","category-salud","tag-calidad-del-aire","tag-medio-ambiente","tag-muertes"],"jetpack_publicize_connections":[],"jetpack_featured_media_url":"https:\/\/i0.wp.com\/miradordeatarfe.es\/wp-content\/uploads\/2023\/06\/Screenshot-2023-06-25-at-19-47-03-El-aire-no-es-mercancia.png?fit=355%2C299&ssl=1","jetpack_likes_enabled":true,"jetpack_sharing_enabled":true,"_links":{"self":[{"href":"https:\/\/miradordeatarfe.es\/index.php?rest_route=\/wp\/v2\/posts\/62464","targetHints":{"allow":["GET"]}}],"collection":[{"href":"https:\/\/miradordeatarfe.es\/index.php?rest_route=\/wp\/v2\/posts"}],"about":[{"href":"https:\/\/miradordeatarfe.es\/index.php?rest_route=\/wp\/v2\/types\/post"}],"author":[{"embeddable":true,"href":"https:\/\/miradordeatarfe.es\/index.php?rest_route=\/wp\/v2\/users\/1"}],"replies":[{"embeddable":true,"href":"https:\/\/miradordeatarfe.es\/index.php?rest_route=%2Fwp%2Fv2%2Fcomments&post=62464"}],"version-history":[{"count":1,"href":"https:\/\/miradordeatarfe.es\/index.php?rest_route=\/wp\/v2\/posts\/62464\/revisions"}],"predecessor-version":[{"id":62466,"href":"https:\/\/miradordeatarfe.es\/index.php?rest_route=\/wp\/v2\/posts\/62464\/revisions\/62466"}],"wp:featuredmedia":[{"embeddable":true,"href":"https:\/\/miradordeatarfe.es\/index.php?rest_route=\/wp\/v2\/media\/62465"}],"wp:attachment":[{"href":"https:\/\/miradordeatarfe.es\/index.php?rest_route=%2Fwp%2Fv2%2Fmedia&parent=62464"}],"wp:term":[{"taxonomy":"category","embeddable":true,"href":"https:\/\/miradordeatarfe.es\/index.php?rest_route=%2Fwp%2Fv2%2Fcategories&post=62464"},{"taxonomy":"post_tag","embeddable":true,"href":"https:\/\/miradordeatarfe.es\/index.php?rest_route=%2Fwp%2Fv2%2Ftags&post=62464"}],"curies":[{"name":"wp","href":"https:\/\/api.w.org\/{rel}","templated":true}]}}