{"id":62476,"date":"2023-06-28T10:00:38","date_gmt":"2023-06-28T08:00:38","guid":{"rendered":"https:\/\/miradordeatarfe.es\/?p=62476"},"modified":"2023-06-28T10:01:17","modified_gmt":"2023-06-28T08:01:17","slug":"el-nino-ya-esta-oficialmente-aqui","status":"publish","type":"post","link":"https:\/\/miradordeatarfe.es\/?p=62476","title":{"rendered":"El Ni\u00f1o ya est\u00e1 oficialmente aqu\u00ed"},"content":{"rendered":"<h3 style=\"text-align: justify;\">El Ni\u00f1o ya est\u00e1 oficialmente aqu\u00ed: nadie sabe cu\u00e1l va a ser su impacto final, pero s\u00ed que tenemos muy pocos meses para prepararnos.<\/h3>\n<p style=\"text-align: justify;\" data-mrf-recirculation=\"Article links\">Os resumo la historia: la semana pasada, la Administraci\u00f3n Oce\u00e1nica y Atmosf\u00e9rica de Estados Unidos (NOAA) confirm\u00f3 oficialmente que El Ni\u00f1o ya est\u00e1 con nosotros. M\u00e1s a\u00fan, confirm\u00f3 que se espera que \u00abse fortalezca gradualmente\u00bb durante los pr\u00f3ximos seis o nueve meses.<\/p>\n<p style=\"text-align: justify;\" data-mrf-recirculation=\"Article links\">Tras tres a\u00f1os en los que La Ni\u00f1a ha contenido a duras penas el crecimiento de las temperaturas, la pregunta que se hacen los expertos es <strong><em>\u00ab\u00bfy ahora qu\u00e9?\u00bb<\/em><\/strong><\/p>\n<p style=\"text-align: justify;\" data-mrf-recirculation=\"Article links\"><strong>Y la respuesta es: depende.<\/strong> \u00abDependiendo de su fuerza, El Ni\u00f1o puede causar una gran variedad de impactos, como aumentar el riesgo de fuertes lluvias y sequ\u00edas en ciertos lugares del mundo\u00bb, <a href=\"https:\/\/www.weather.gov\/news\/230706-ElNino\" data-mrf-link=\"https:\/\/www.weather.gov\/news\/230706-ElNino\">explicaba<\/a> <a href=\"https:\/\/www.weather.gov\/careers\/physical-science-michelle-LHeureux\" data-mrf-link=\"https:\/\/www.weather.gov\/careers\/physical-science-michelle-LHeureux\"><u>Michelle L&#8217;Heureux<\/u><\/a> , f\u00edsica del Centro de Predicci\u00f3n Clim\u00e1tica de la NOAA. El problema, claro est\u00e1, es que no podemos estar seguros de cu\u00e1l ser\u00e1 su fuerza.<\/p>\n<p style=\"text-align: justify;\" data-mrf-recirculation=\"Article links\">Por ejemplo, el \u00faltimo evento de El Ni\u00f1o <a href=\"https:\/\/www.aqua.cl\/reportajes\/fenomeno-el-nino-debil-y-sin-grandes-efectos-en-2019\/\" data-mrf-link=\"https:\/\/www.aqua.cl\/reportajes\/fenomeno-el-nino-debil-y-sin-grandes-efectos-en-2019\/\">ocurri\u00f3 de febrero a agosto de 2019<\/a> y sus impactos fueron relativamente d\u00e9biles. En cambio, el que se desarroll\u00f3 <a href=\"https:\/\/en.wikipedia.org\/wiki\/2014%E2%80%932016_El_Ni%C3%B1o_event\" data-mrf-link=\"https:\/\/en.wikipedia.org\/wiki\/2014%E2%80%932016_El_Ni%C3%B1o_event\">entre 2014 y 2016<\/a> fue uno de los m\u00e1s salvajes de los que hay noticia. Cuando hablamos de El Ni\u00f1o, hablamos en buena medida de una loter\u00eda.<\/p>\n<div class=\"article-asset-image article-asset-normal article-asset-center\" style=\"text-align: justify;\">\n<div class=\"asset-content\">\n<div class=\"base-wrapper-image\"><img data-recalc-dims=\"1\" decoding=\"async\" class=\"centro_sinmarco\" src=\"https:\/\/i0.wp.com\/i.blogs.es\/f47457\/ensoblog_animation_ssta_anom_weekly_2023_jun\/450_1000.gif?w=640&#038;ssl=1\" srcset=\"https:\/\/i.blogs.es\/f47457\/ensoblog_animation_ssta_anom_weekly_2023_jun\/450_1000.gif 450w, https:\/\/i.blogs.es\/f47457\/ensoblog_animation_ssta_anom_weekly_2023_jun\/650_1200.gif 681w,https:\/\/i.blogs.es\/f47457\/ensoblog_animation_ssta_anom_weekly_2023_jun\/1024_2000.gif 1024w, https:\/\/i.blogs.es\/f47457\/ensoblog_animation_ssta_anom_weekly_2023_jun\/1366_2000.gif 1366w,\" alt=\"Ensoblog Animation Ssta Anom Weekly 2023 Jun\" data-sf-srcset=\"https:\/\/i.blogs.es\/f47457\/ensoblog_animation_ssta_anom_weekly_2023_jun\/450_1000.gif 450w, https:\/\/i.blogs.es\/f47457\/ensoblog_animation_ssta_anom_weekly_2023_jun\/650_1200.gif 681w,https:\/\/i.blogs.es\/f47457\/ensoblog_animation_ssta_anom_weekly_2023_jun\/1024_2000.gif 1024w, https:\/\/i.blogs.es\/f47457\/ensoblog_animation_ssta_anom_weekly_2023_jun\/1366_2000.gif 1366w,\" data-sf-src=\"https:\/\/i.blogs.es\/f47457\/ensoblog_animation_ssta_anom_weekly_2023_jun\/450_1000.gif\" \/><\/div>\n<\/div>\n<\/div>\n<p style=\"text-align: justify;\" data-mrf-recirculation=\"Article links\"><strong>Aunque hay cosas que s\u00ed sabemos.<\/strong> Est\u00e1 claro que, como se\u00f1ala la <a href=\"https:\/\/public.wmo.int\/es\/media\/comunicados-de-prensa\/las-temperaturas-mundiales-batir%C3%A1n-r%C3%A9cords-en-los-pr%C3%B3ximos-cinco-a%C3%B1oshttps:\/\/public.wmo.int\/es\/media\/comunicados-de-prensa\/las-temperaturas-mundiales-batir%C3%A1n-r%C3%A9cords-en-los-pr%C3%B3ximos-cinco-a%C3%B1os\" data-mrf-link=\"https:\/\/public.wmo.int\/es\/media\/comunicados-de-prensa\/las-temperaturas-mundiales-batir%C3%A1n-r%C3%A9cords-en-los-pr%C3%B3ximos-cinco-a%C3%B1oshttps:\/\/public.wmo.int\/es\/media\/comunicados-de-prensa\/las-temperaturas-mundiales-batir%C3%A1n-r%C3%A9cords-en-los-pr%C3%B3ximos-cinco-a%C3%B1os\">Organizaci\u00f3n Meteorol\u00f3gica Mundial<\/a>, \u00abhay un 98 % de probabilidades de que al menos uno de los pr\u00f3ximos cinco \u00a0a\u00f1os, as\u00ed como el lustro en su conjunto, sean los m\u00e1s c\u00e1lidos jam\u00e1s \u00a0registrados\u00bb.<\/p>\n<p style=\"text-align: justify;\" data-mrf-recirculation=\"Article links\">Sin embargo, es muy probable que eso hubiera pasado incluso con La Ni\u00f1a: las temperaturas globales est\u00e1n bastante por encima de la media sin ayuda extra. Lo preocupante es que este empuj\u00f3n nos haga superar, de forma estable, el umbral de grado y medio que los expertos consideran una l\u00ednea roja.<\/p>\n<p style=\"text-align: justify;\" data-mrf-recirculation=\"Article links\"><strong>\u00bfY en Espa\u00f1a?<\/strong> Todo eso son efectos globales. Cuando hablamos de Espa\u00f1a, la situaci\u00f3n cambia. Y es que, aunque nuestro pa\u00eds est\u00e1 lejos y la influencia de este fen\u00f3meno es m\u00e1s moderada, lo cierto es que hay alguna buena noticia.<\/p>\n<p style=\"text-align: justify;\" data-mrf-recirculation=\"Article links\">Porque s\u00ed, es cierto que podremos ver un ascenso general de las temperaturas, pero (como contrapartida) podemos esperar m\u00e1s \u00a0agua. <a href=\"https:\/\/www.xataka.com\/ecologia-y-naturaleza\/aemet-teme-que-primera-vez-este-siglo-suframos-tres-ninas-consecutivas-sufrir-palabra\" data-mrf-link=\"https:\/\/www.xataka.com\/ecologia-y-naturaleza\/aemet-teme-que-primera-vez-este-siglo-suframos-tres-ninas-consecutivas-sufrir-palabra\">A diferencia de La Ni\u00f1a<\/a>, el Ni\u00f1o pone a Espa\u00f1a bajo la influencia de una circulaci\u00f3n subtropical m\u00e1s intensa de lo normal y eso puede acabar resultando (sobre todo, <a href=\"https:\/\/www.cpc.ncep.noaa.gov\/products\/precip\/CWlink\/pna\/nao.shtml\" data-mrf-link=\"https:\/\/www.cpc.ncep.noaa.gov\/products\/precip\/CWlink\/pna\/nao.shtml\">con NAO negativa<\/a>) en la llegada de masas de aire h\u00famedo.<\/p>\n<p style=\"text-align: justify;\" data-mrf-recirculation=\"Article links\">No es un escenario \u00f3ptimo. <a href=\"https:\/\/www.xataka.com\/ecologia-y-naturaleza\/paradoja-que-nino-trae-a-espana-2023-fin-probable-sequia-calor\" data-mrf-link=\"https:\/\/www.xataka.com\/ecologia-y-naturaleza\/paradoja-que-nino-trae-a-espana-2023-fin-probable-sequia-calor\">Ni siquiera es un escenario bueno<\/a>. Pero teniendo en cuenta la situaci\u00f3n de d\u00e9ficit h\u00eddrico en la que nos encontramos desde 2014&#8230; cualquier noticia de lluvias (por remota que<\/p>\n<p style=\"text-align: justify;\" data-mrf-recirculation=\"Article links\"><strong>\u00bfEstamos preparados para lo que viene?<\/strong> Esa es la gran pregunta. Hace unos meses <a href=\"https:\/\/www.wired.co.uk\/article\/climate-environment-disaster-preparation\" data-mrf-link=\"https:\/\/www.wired.co.uk\/article\/climate-environment-disaster-preparation\">Bill Mcguire defend\u00eda<\/a> en Wired que no lo estamos y, dependiendo de lo que pase, no le falta raz\u00f3n: llevamos encadenadas muchas crisis; es decir, no nos pilla en el mejor momento.<\/p>\n<p style=\"text-align: justify;\" data-mrf-recirculation=\"Article links\">El mejor ejemplo lo pon\u00eda encima de la mesa, hace un par de d\u00edas, la radio p\u00fablica alemana <a href=\"https:\/\/www.dw.com\/es\/c%C3%B3mo-el-fen%C3%B3meno-de-el-ni%C3%B1o-podr%C3%ADa-prolongar-la-inflaci%C3%B3n-alimentaria\/a-65951492\" data-mrf-link=\"https:\/\/www.dw.com\/es\/c%C3%B3mo-el-fen%C3%B3meno-de-el-ni%C3%B1o-podr%C3%ADa-prolongar-la-inflaci%C3%B3n-alimentaria\/a-65951492\">con un reportaje<\/a> en el que reflexionaba sobre la posibilidad de que un episodio de El Ni\u00f1o especialmente fuerte podr\u00edan causar p\u00e9rdidas de miles de millones y <a href=\"https:\/\/www.dw.com\/es\/c%C3%B3mo-el-fen%C3%B3meno-de-el-ni%C3%B1o-podr%C3%ADa-prolongar-la-inflaci%C3%B3n-alimentaria\/a-65951492\" data-mrf-link=\"https:\/\/www.dw.com\/es\/c%C3%B3mo-el-fen%C3%B3meno-de-el-ni%C3%B1o-podr%C3%ADa-prolongar-la-inflaci%C3%B3n-alimentaria\/a-65951492\">prolongar la \u00abinflaci\u00f3n alimentaria\u00bb<\/a>.<\/p>\n<p style=\"text-align: justify;\" data-mrf-recirculation=\"Article links\">Por ahora, todo esto son especulaciones. Sin embargo, no tenemos demasiado tiempo para prepararnos en caso de que el evento sea m\u00e1s fuerte que el de la \u00faltima vez.<\/p>\n<p style=\"text-align: justify;\" data-mrf-recirculation=\"Article links\"><em>En Xataka | <\/em><a href=\"https:\/\/www.xataka.com\/ecologia-y-naturaleza\/ultimo-aviso-aemet-claro-debemos-prepararnos-para-nino-antes-que-sea-tarde\" data-mrf-link=\"https:\/\/www.xataka.com\/ecologia-y-naturaleza\/ultimo-aviso-aemet-claro-debemos-prepararnos-para-nino-antes-que-sea-tarde\"><em>El \u00faltimo aviso de AEMET es claro: debemos prepararnos para El Ni\u00f1o antes de que sea tarde<\/em><\/a><\/p>\n","protected":false},"excerpt":{"rendered":"<p>El Ni\u00f1o ya est\u00e1 oficialmente aqu\u00ed: nadie sabe cu\u00e1l va a ser su impacto final,&#8230;<\/p>\n","protected":false},"author":1,"featured_media":62477,"comment_status":"closed","ping_status":"closed","sticky":false,"template":"","format":"standard","meta":{"_coblocks_attr":"","_coblocks_dimensions":"","_coblocks_responsive_height":"","_coblocks_accordion_ie_support":"","jetpack_post_was_ever_published":false,"_jetpack_newsletter_access":"","_jetpack_dont_email_post_to_subs":false,"_jetpack_newsletter_tier_id":0,"_jetpack_memberships_contains_paywalled_content":false,"_jetpack_memberships_contains_paid_content":false,"footnotes":"","jetpack_publicize_message":"","jetpack_publicize_feature_enabled":true,"jetpack_social_post_already_shared":false,"jetpack_social_options":{"image_generator_settings":{"template":"highway","default_image_id":0,"enabled":false},"version":2}},"categories":[2,1161,9,44,15,10],"tags":[731,10524,1112],"class_list":["post-62476","post","type-post","status-publish","format-standard","has-post-thumbnail","hentry","category-atarfe","category-ciudadania","category-medio-ambiente","category-noticias-de-hoy","category-ultimas-noticias","category-salud","tag-calor","tag-efecto-del-nino","tag-lluvia"],"jetpack_publicize_connections":[],"jetpack_featured_media_url":"https:\/\/i0.wp.com\/miradordeatarfe.es\/wp-content\/uploads\/2023\/06\/1366_2000.jpeg?fit=1221%2C753&ssl=1","jetpack_likes_enabled":true,"jetpack_sharing_enabled":true,"_links":{"self":[{"href":"https:\/\/miradordeatarfe.es\/index.php?rest_route=\/wp\/v2\/posts\/62476","targetHints":{"allow":["GET"]}}],"collection":[{"href":"https:\/\/miradordeatarfe.es\/index.php?rest_route=\/wp\/v2\/posts"}],"about":[{"href":"https:\/\/miradordeatarfe.es\/index.php?rest_route=\/wp\/v2\/types\/post"}],"author":[{"embeddable":true,"href":"https:\/\/miradordeatarfe.es\/index.php?rest_route=\/wp\/v2\/users\/1"}],"replies":[{"embeddable":true,"href":"https:\/\/miradordeatarfe.es\/index.php?rest_route=%2Fwp%2Fv2%2Fcomments&post=62476"}],"version-history":[{"count":1,"href":"https:\/\/miradordeatarfe.es\/index.php?rest_route=\/wp\/v2\/posts\/62476\/revisions"}],"predecessor-version":[{"id":62478,"href":"https:\/\/miradordeatarfe.es\/index.php?rest_route=\/wp\/v2\/posts\/62476\/revisions\/62478"}],"wp:featuredmedia":[{"embeddable":true,"href":"https:\/\/miradordeatarfe.es\/index.php?rest_route=\/wp\/v2\/media\/62477"}],"wp:attachment":[{"href":"https:\/\/miradordeatarfe.es\/index.php?rest_route=%2Fwp%2Fv2%2Fmedia&parent=62476"}],"wp:term":[{"taxonomy":"category","embeddable":true,"href":"https:\/\/miradordeatarfe.es\/index.php?rest_route=%2Fwp%2Fv2%2Fcategories&post=62476"},{"taxonomy":"post_tag","embeddable":true,"href":"https:\/\/miradordeatarfe.es\/index.php?rest_route=%2Fwp%2Fv2%2Ftags&post=62476"}],"curies":[{"name":"wp","href":"https:\/\/api.w.org\/{rel}","templated":true}]}}