{"id":62483,"date":"2023-06-29T08:34:48","date_gmt":"2023-06-29T06:34:48","guid":{"rendered":"https:\/\/miradordeatarfe.es\/?p=62483"},"modified":"2023-06-29T10:16:26","modified_gmt":"2023-06-29T08:16:26","slug":"el-edadismo-es-la-nueva-discriminacion-en-el-mercado-de-trabajo","status":"publish","type":"post","link":"https:\/\/miradordeatarfe.es\/?p=62483","title":{"rendered":"El edadismo es la nueva discriminaci\u00f3n en el mercado de trabajo"},"content":{"rendered":"<h3 class=\"a_st\">Se multiplican los estereotipos y prejuicios por raz\u00f3n de los a\u00f1os. En muchos casos, esto se une a otras discriminaciones como la de la clase social, el g\u00e9nero, la nacionalidad, la raza<\/h3>\n<p style=\"text-align: justify;\">En la c\u00faspide de la sociedad no se cumple el mismo relevo generacional que en el resto. Las exigencias son distintas. Es muy probable que pronto tengamos<a href=\"https:\/\/elpais.com\/internacional\/2023-04-24\/biden-contra-trump-2024-la-secuela.html\" target=\"_blank\" rel=\"noopener\" data-link-track-dtm=\"\" data-mrf-link=\"https:\/\/elpais.com\/internacional\/2023-04-24\/biden-contra-trump-2024-la-secuela.html\"> un duelo de candidatos de la tercera edad<\/a> (Biden y Trump) para la presidencia de EE UU; Warren Buffett, nonagenario, sigue siendo uno de los grandes inversores del mundo; y George Soros solo ha cedido a los 92 a\u00f1os el liderazgo de sus fundaciones y empresas a uno de sus hijos. En Espa\u00f1a sucede algo parecido: apenas hace unos meses que la junta general de accionistas ha renovado como presidente de Repsol a Antoni Brufau, mucho m\u00e1s joven que los citados pero claramente por encima de la edad de jubilaci\u00f3n, a pesar de que anteriormente hab\u00eda comentado su deseo de dejarlo. La mitad al menos de los presidentes del Ibex 35 tambi\u00e9n est\u00e1n por encima de los 65 a\u00f1os. En algunas de esas empresas se despide a trabajadores de 50 o 60 a\u00f1os para rejuvenecer sus plantillas y adaptarlas a los nuevos perfiles tecnol\u00f3gicos. Dos varas de medir.<\/p>\n<p class=\"\" style=\"text-align: justify;\">El edadismo, t\u00e9rmino acu\u00f1ado a finales de los a\u00f1os sesenta del siglo pasado por el geront\u00f3logo Robert Butler, es una forma de <a href=\"https:\/\/elpais.com\/sociedad\/2023-05-30\/edadismo-como-la-discriminacion-por-cumplir-anos-perjudica-la-salud.html\" target=\"_blank\" rel=\"noopener\" data-link-track-dtm=\"\" data-mrf-link=\"https:\/\/elpais.com\/sociedad\/2023-05-30\/edadismo-como-la-discriminacion-por-cumplir-anos-perjudica-la-salud.html\">discriminaci\u00f3n social por cuestiones de edad que afecta a muchas personas mayores<\/a>. Se multiplican los estereotipos y prejuicios por raz\u00f3n de los a\u00f1os. En muchos casos se une a otras discriminaciones como la de la clase social, el g\u00e9nero, la nacionalidad, la raza\u2026 Por ejemplo, uno de los t\u00f3picos que m\u00e1s se repiten en la actualidad \u2014por impulsos electorales\u2014 es el de que los emigrantes sustituyen a los nativos cobrando menos dinero, pero ello no se corresponde con la realidad. El temor al emigrante (\u201cme viene a robar mi empleo\u201d) es infundado seg\u00fan todos los estudios cient\u00edficos. El emigrante ocupa puestos de trabajo que nosotros no tomamos.<\/p>\n<p class=\"\" style=\"text-align: justify;\">Un reciente estudio de la Fundaci\u00f3n Iseak abunda en el edadismo. Dicha fundaci\u00f3n es un centro de investigaci\u00f3n y transferencia econ\u00f3mico y social, especializado en el diagn\u00f3stico de problem\u00e1ticas sociales y en el impacto de pol\u00edticas p\u00fablicas. Muchas veces se toman decisiones sin la suficiente informaci\u00f3n y hay que evaluarlas porque se gasta mucho dinero p\u00fablico y hay que utilizarlo bien. La profesora de Econom\u00eda del Pa\u00eds Vasco Sara de la Rica, <i>alma mater<\/i> de esta fundaci\u00f3n, al recibir la pasada semana el primer premio de Econom\u00eda Emilio Ontiveros, puso <a href=\"https:\/\/elpais.com\/economia\/formacion\/2023-06-15\/apreciar-y-cuidar-el-talento-senior-ya-no-es-opcional.html\" target=\"_blank\" rel=\"noopener\" data-link-track-dtm=\"\" data-mrf-link=\"https:\/\/elpais.com\/economia\/formacion\/2023-06-15\/apreciar-y-cuidar-el-talento-senior-ya-no-es-opcional.html\">un ejemplo de edadismo<\/a>: la fundaci\u00f3n elabor\u00f3 1.600 curr\u00edculos ficticios para cubrir 800 puestos de trabajo reales en las empresas l\u00edderes de Euskadi, Barcelona y Madrid. Todos los curr\u00edculos eran id\u00e9nticos, excepto que unos correspond\u00edan a personas de 49 a\u00f1os, y otros, de 35 a\u00f1os. A los ciudadanos de 49 a\u00f1os los llamaron la mitad de las veces que a los de 35. La persona de 49 a\u00f1os ha de enviar 26 veces su curr\u00edculo para que las empresas interesadas se pongan en contacto con \u00e9l una sola vez, mientras que las de 35 a\u00f1os han de enviarlo 13 veces.<\/p>\n<p class=\"\" style=\"text-align: justify;\">Ello muestra una menor disposici\u00f3n de las empresas a adquirir informaci\u00f3n sobre los candidatos de m\u00e1s edad. El estudio indica la necesidad de aplicar pol\u00edticas p\u00fablicas que fomenten la presencia de trabajadores de m\u00e1s edad en las empresas privadas y en las administraciones p\u00fablicas, so pena de que se instale definitivamente una nueva desigualdad<a href=\"https:\/\/elpais.com\/economia\/2023-06-22\/la-economia-espanola-remonta-y-recupera-el-tamano-anterior-al-estallido-de-la-pandemia.html\" target=\"_blank\" rel=\"noopener\" data-link-track-dtm=\"\" data-mrf-link=\"https:\/\/elpais.com\/economia\/2023-06-22\/la-economia-espanola-remonta-y-recupera-el-tamano-anterior-al-estallido-de-la-pandemia.html\"> en el proceso de recuperaci\u00f3n de la crisis<\/a>. Para ello menciona la necesidad de cambios en las pr\u00e1cticas de contrataci\u00f3n, como la erradicaci\u00f3n de los l\u00edmites de edad en los anuncios de ofertas de empleo o la extensi\u00f3n de los curr\u00edculos ciegos, sin nombre, apellido o fotograf\u00eda, y campa\u00f1as de concienciaci\u00f3n como un sello distintivo a las empresas con \u201cbuenas pr\u00e1cticas\u201d que estimule su reputaci\u00f3n, y la visibilidad del colectivo de mayores.<\/p>\n<p class=\"\" style=\"text-align: justify;\">Las transformaciones en el mundo del trabajo est\u00e1n siendo tan profundas e intensas en el tiempo que generan continuas contradicciones. Por ejemplo, <a href=\"https:\/\/elpais.com\/podcasts\/hoy-en-el-pais\/2023-06-11\/podcast-longevidad-viaje-a-la-comarca-invencible.html\" target=\"_blank\" rel=\"noopener\" data-link-track-dtm=\"\" data-mrf-link=\"https:\/\/elpais.com\/podcasts\/hoy-en-el-pais\/2023-06-11\/podcast-longevidad-viaje-a-la-comarca-invencible.html\">Espa\u00f1a va a ser uno de los pa\u00edses m\u00e1s envejecidos del mundo en el a\u00f1o 2050<\/a>. Conviene abrir las reflexiones m\u00e1s all\u00e1 de la coyuntura<\/p>\n<div class=\"a_md_txt\">\n<div class=\"a_md_a\" data-dtm-region=\"articulo_firma\"><a class=\"a_md_a_n\" title=\"Ver todas las noticias de Joaqu\u00edn Estefan\u00eda\" href=\"https:\/\/elpais.com\/autor\/joaquin-estefania\/#?rel=author_top\" data-mrf-link=\"https:\/\/elpais.com\/autor\/joaquin-estefania\/\"><strong>Joaqu\u00edn Estefan\u00eda<\/strong><\/a><\/div>\n<\/div>\n<div data-dtm-region=\"articulo_firma\">\u00a0<\/div>\n<div data-dtm-region=\"articulo_firma\">FOTO:Una pareja de mayores camina en los alrededores del Museo del Prado, en Madrid, el pasado 4 de junio.<span class=\"a_m_m\">Jes\u00fas Hell\u00edn (Europa Press via Getty Images)<\/span><\/div>\n<div class=\"a_md_txt\">\n<div class=\"a_md_f\"><time datetime=\"2023-06-25T03:30:02.804Z\" data-date=\"2023-06-25T03:30:02.804Z\"><a id=\"article_date_p\" href=\"https:\/\/elpais.com\/hemeroteca\/2023-06-25\/\" data-date=\"2023-06-25T03:30:02.804Z\"><abbr title=\" Central European Summer Time\">https:\/\/elpais.com\/ideas\/2023-06-25\/demasiado-mayor-para-trabajar.html<\/abbr><\/a><\/time><\/div>\n<\/div>\n","protected":false},"excerpt":{"rendered":"<p>Se multiplican los estereotipos y prejuicios por raz\u00f3n de los a\u00f1os. En muchos casos, esto&#8230;<\/p>\n","protected":false},"author":1,"featured_media":62484,"comment_status":"closed","ping_status":"closed","sticky":false,"template":"","format":"standard","meta":{"_coblocks_attr":"","_coblocks_dimensions":"","_coblocks_responsive_height":"","_coblocks_accordion_ie_support":"","jetpack_post_was_ever_published":false,"_jetpack_newsletter_access":"","_jetpack_dont_email_post_to_subs":false,"_jetpack_newsletter_tier_id":0,"_jetpack_memberships_contains_paywalled_content":false,"_jetpack_memberships_contains_paid_content":false,"footnotes":"","jetpack_publicize_message":"","jetpack_publicize_feature_enabled":true,"jetpack_social_post_already_shared":false,"jetpack_social_options":{"image_generator_settings":{"template":"highway","default_image_id":0,"enabled":false},"version":2}},"categories":[1161,44,6937,15],"tags":[2101,10526],"class_list":["post-62483","post","type-post","status-publish","format-standard","has-post-thumbnail","hentry","category-ciudadania","category-noticias-de-hoy","category-sociedad","category-ultimas-noticias","tag-discriminacion","tag-edadismo"],"jetpack_publicize_connections":[],"jetpack_featured_media_url":"https:\/\/i0.wp.com\/miradordeatarfe.es\/wp-content\/uploads\/2023\/06\/Screenshot-2023-06-25-at-20-37-06-El-edadismo-es-la-nueva-discriminacion-en-el-mercado-de-trabajo.png?fit=335%2C364&ssl=1","jetpack_likes_enabled":true,"jetpack_sharing_enabled":true,"_links":{"self":[{"href":"https:\/\/miradordeatarfe.es\/index.php?rest_route=\/wp\/v2\/posts\/62483","targetHints":{"allow":["GET"]}}],"collection":[{"href":"https:\/\/miradordeatarfe.es\/index.php?rest_route=\/wp\/v2\/posts"}],"about":[{"href":"https:\/\/miradordeatarfe.es\/index.php?rest_route=\/wp\/v2\/types\/post"}],"author":[{"embeddable":true,"href":"https:\/\/miradordeatarfe.es\/index.php?rest_route=\/wp\/v2\/users\/1"}],"replies":[{"embeddable":true,"href":"https:\/\/miradordeatarfe.es\/index.php?rest_route=%2Fwp%2Fv2%2Fcomments&post=62483"}],"version-history":[{"count":1,"href":"https:\/\/miradordeatarfe.es\/index.php?rest_route=\/wp\/v2\/posts\/62483\/revisions"}],"predecessor-version":[{"id":62485,"href":"https:\/\/miradordeatarfe.es\/index.php?rest_route=\/wp\/v2\/posts\/62483\/revisions\/62485"}],"wp:featuredmedia":[{"embeddable":true,"href":"https:\/\/miradordeatarfe.es\/index.php?rest_route=\/wp\/v2\/media\/62484"}],"wp:attachment":[{"href":"https:\/\/miradordeatarfe.es\/index.php?rest_route=%2Fwp%2Fv2%2Fmedia&parent=62483"}],"wp:term":[{"taxonomy":"category","embeddable":true,"href":"https:\/\/miradordeatarfe.es\/index.php?rest_route=%2Fwp%2Fv2%2Fcategories&post=62483"},{"taxonomy":"post_tag","embeddable":true,"href":"https:\/\/miradordeatarfe.es\/index.php?rest_route=%2Fwp%2Fv2%2Ftags&post=62483"}],"curies":[{"name":"wp","href":"https:\/\/api.w.org\/{rel}","templated":true}]}}