{"id":62493,"date":"2023-06-28T10:37:09","date_gmt":"2023-06-28T08:37:09","guid":{"rendered":"https:\/\/miradordeatarfe.es\/?p=62493"},"modified":"2023-06-28T12:18:34","modified_gmt":"2023-06-28T10:18:34","slug":"johny-prieto-entrenador-del-atarfe-industrial-senala-que-va-a-ser-un-ano-bonito","status":"publish","type":"post","link":"https:\/\/miradordeatarfe.es\/?p=62493","title":{"rendered":"JOHNY PRIETO, entrenador del Atarfe Industrial se\u00f1ala que va a ser \u00abun a\u00f1o bonito\u00bb"},"content":{"rendered":"<h3 style=\"text-align: justify;\">Tras la marcha de Javier Vilaseca, el Atarfe Industrial inicia nuevo proyecto en Divisi\u00f3n de Honor bajo la batuta de Johny Prieto y Antonio Najarro \u2018A\u00f1ico\u2019, que dejaron en la campa\u00f1a reci\u00e9n finalizada al conjunto juvenil a s\u00f3lo tres puntos del ascenso a Divisi\u00f3n de Honor. El conjunto blanquiverde apuesta por dos t\u00e9cnicos de la casa para volver a ser un equipo importante de la categor\u00eda.\u00a0<\/h3>\n<p style=\"text-align: justify;\">Jonhy Prieto se ha puesto un objetivo para la pr\u00f3xima temporada y es que la afici\u00f3n de Atarfe vuelva a recuperar la ilusi\u00f3n por el f\u00fatbol y para ello est\u00e1 \u2018cocinando\u2019 un proyecto donde un m\u00e1s de la mitad de la plantilla contar\u00e1 con jugadores j\u00f3venes. El nuevo m\u00edster s\u00f3lo cuenta, a priori, con seis jugadores de la pasada temporada.\u00a0<\/p>\n<p style=\"text-align: justify;\">El entrenador del Atarfe Industrial, en declaraciones a nuestro programa de radio, coment\u00f3 que \u00abes un nuevo reto que seguro va a salir bien. Tenemos muchas ganas de trabajar\u201d.Prieto volver\u00e1 a estar acompa\u00f1ado de A\u00f1ico. \u00abEs el que me ha pegado el empujoncillopara tomar la decisi\u00f3n, porque esto no estaba en mis planes. No quer\u00eda entrenar en categor\u00eda s\u00e9nior, pero \u00e9l me est\u00e1 ayudando un mont\u00f3n y vamos a por el nuevo reto. Queremos que la gente se ilusione y que las gradas del estadio se llenen como antiguamente en Atarfe. Hay que recuperar la ilusi\u00f3n de la gente porque este \u00faltimo ha sido un a\u00f1o complicado y sobre todo no queremos pasar un tantos apuros para lograr la permanencia. Vamos a ir pasito a pasito, pero promete un a\u00f1o bonito\u201d.<\/p>\n<p style=\"text-align: justify;\">Johny Prieto est\u00e1 en plena confecci\u00f3n de la plantilla. \u00abLa cosa marcha bien, se han ofrecido muchos jugadores. Vamos a ir despacito a la hora de ir firmando. S\u00f3lo hemos llamado a seis futbolistas del a\u00f1o pasado. Va a ser un proyecto nuevo y vamos a contar con mucha gente joven porque viene una quinta de jugadores que, tanto A\u00f1ico como yo conocemos bien, y vamos a apostar por ellos. Vamos a hacer una mezcla de veteranos como Marcos Toro y \u00d3scar, que ya est\u00e1n comprometidos, y jugadores j\u00f3venes. Un 60% ser\u00e1n jugadores j\u00f3venes\u201d, dijo.<\/p>\n<p style=\"text-align: justify;\">El t\u00e9cnico confirm\u00f3 que todos los juveniles que pasan a s\u00e9nior estar\u00e1n en el primer equipo. \u201cHan renovado todos los juveniles que pasan a senior. Se les va a dar la oportunidad y est\u00e1n preparados para jugar en Divisi\u00f3n de Honor. Nos quedamos solo a tres puntos de poder hacer historia en Atarfe y\u00a0 tener un equipo en Divisi\u00f3n de Honor juvenil, pero contento con el trabajo del a\u00f1o pasado y esperemos que salga igual este a\u00f1o\u201d, finaliz\u00f3.<\/p>\n<div class=\"meta mb autor\">David Contreras \u00a0|\u00a0 \u00a0\u00a0 <a href=\"https:\/\/twitter.com\/@DavidContreras4\" target=\"_blank\" rel=\"noopener\">@DavidContreras4 <\/a> \u00a0|\u00a0 <a href=\"mailto:dcontreras@granadaenjuego.com\">dcontreras@granadaenjuego.com <\/a><\/div>\n<div>\u00a0<\/div>\n<div class=\"foto\">\n<div class=\"piefotobig\"><i>FOTO: Jonhy Prieto, entrenador del Atarfe Industrial (J PALMA)<\/i><\/div>\n<div>\u00a0<\/div>\n<div>https:\/\/www.granadaenjuego.com\/atarfe-industrial-\/johny-prieto&#8211;queremos-volver-a-recuperar-la-ilusion-de-la-gente<\/div>\n<\/div>\n","protected":false},"excerpt":{"rendered":"<p>Tras la marcha de Javier Vilaseca, el Atarfe Industrial inicia nuevo proyecto en Divisi\u00f3n de&#8230;<\/p>\n","protected":false},"author":1,"featured_media":62494,"comment_status":"closed","ping_status":"closed","sticky":false,"template":"","format":"standard","meta":{"_coblocks_attr":"","_coblocks_dimensions":"","_coblocks_responsive_height":"","_coblocks_accordion_ie_support":"","jetpack_post_was_ever_published":false,"_jetpack_newsletter_access":"","_jetpack_dont_email_post_to_subs":false,"_jetpack_newsletter_tier_id":0,"_jetpack_memberships_contains_paywalled_content":false,"_jetpack_memberships_contains_paid_content":false,"footnotes":"","jetpack_publicize_message":"","jetpack_publicize_feature_enabled":true,"jetpack_social_post_already_shared":false,"jetpack_social_options":{"image_generator_settings":{"template":"highway","default_image_id":0,"enabled":false},"version":2}},"categories":[2,1161,182,44,15],"tags":[10528,10527],"class_list":["post-62493","post","type-post","status-publish","format-standard","has-post-thumbnail","hentry","category-atarfe","category-ciudadania","category-deportes","category-noticias-de-hoy","category-ultimas-noticias","tag-atarfe-indistrial-c-f","tag-entrenadores"],"jetpack_publicize_connections":[],"jetpack_featured_media_url":"https:\/\/i0.wp.com\/miradordeatarfe.es\/wp-content\/uploads\/2023\/06\/imagen52759_0_original.jpg?fit=1000%2C665&ssl=1","jetpack_likes_enabled":true,"jetpack_sharing_enabled":true,"_links":{"self":[{"href":"https:\/\/miradordeatarfe.es\/index.php?rest_route=\/wp\/v2\/posts\/62493","targetHints":{"allow":["GET"]}}],"collection":[{"href":"https:\/\/miradordeatarfe.es\/index.php?rest_route=\/wp\/v2\/posts"}],"about":[{"href":"https:\/\/miradordeatarfe.es\/index.php?rest_route=\/wp\/v2\/types\/post"}],"author":[{"embeddable":true,"href":"https:\/\/miradordeatarfe.es\/index.php?rest_route=\/wp\/v2\/users\/1"}],"replies":[{"embeddable":true,"href":"https:\/\/miradordeatarfe.es\/index.php?rest_route=%2Fwp%2Fv2%2Fcomments&post=62493"}],"version-history":[{"count":1,"href":"https:\/\/miradordeatarfe.es\/index.php?rest_route=\/wp\/v2\/posts\/62493\/revisions"}],"predecessor-version":[{"id":62495,"href":"https:\/\/miradordeatarfe.es\/index.php?rest_route=\/wp\/v2\/posts\/62493\/revisions\/62495"}],"wp:featuredmedia":[{"embeddable":true,"href":"https:\/\/miradordeatarfe.es\/index.php?rest_route=\/wp\/v2\/media\/62494"}],"wp:attachment":[{"href":"https:\/\/miradordeatarfe.es\/index.php?rest_route=%2Fwp%2Fv2%2Fmedia&parent=62493"}],"wp:term":[{"taxonomy":"category","embeddable":true,"href":"https:\/\/miradordeatarfe.es\/index.php?rest_route=%2Fwp%2Fv2%2Fcategories&post=62493"},{"taxonomy":"post_tag","embeddable":true,"href":"https:\/\/miradordeatarfe.es\/index.php?rest_route=%2Fwp%2Fv2%2Ftags&post=62493"}],"curies":[{"name":"wp","href":"https:\/\/api.w.org\/{rel}","templated":true}]}}