{"id":62503,"date":"2023-07-06T10:09:43","date_gmt":"2023-07-06T08:09:43","guid":{"rendered":"https:\/\/miradordeatarfe.es\/?p=62503"},"modified":"2023-06-28T11:39:57","modified_gmt":"2023-06-28T09:39:57","slug":"el-teatro-del-generalife-acogera-el-fantastico-encuentro-entre-picasso-y-lorca-este-verano","status":"publish","type":"post","link":"https:\/\/miradordeatarfe.es\/?p=62503","title":{"rendered":"El Teatro del Generalife acoger\u00e1 el &#8216;fant\u00e1stico&#8217; encuentro entre Picasso y Lorca este verano"},"content":{"rendered":"<h3 class=\"v-a-sub-t\" style=\"text-align: justify;\">El programa estival del recinto se llenar\u00e1 con el montaje original de Carlos Saura que une a ambos genios, quienes nunca se conocieron<\/h3>\n<p class=\"v-p\" style=\"text-align: justify;\">El programa emblem\u00e1tico del verano cultural capitalino, &#8216;Lorca y Granada en los jardines del Generalife&#8217;, tiene ya nombre y apellidos. En a\u00f1os alternos, la costumbre dicta que sea la propia Junta de Andaluc\u00eda la que organice el espect\u00e1culo que disfrutan miles de espectadores. As\u00ed, si el a\u00f1o pasado fue &#8216;Jondo&#8217; de la empresa privada SEDA, la propuesta que lleg\u00f3 el verano entre los cipreses, este a\u00f1o lo har\u00e1 &#8216;Picasso y la Danza. Un encuentro con Lorca en el Generalife&#8217;, que, como afirma el hijo del director aragon\u00e9s, fue el \u00faltimo gran proyecto de Carlos Saura, desaparecido a principios de a\u00f1o y tan vinculado, por m\u00faltiples razones, a Granada. No olvidemos que el cineasta fue el primer fot\u00f3grafo oficial del Festival Internacional de M\u00fasica y Danza, y retrat\u00f3 a los flamencos granadinos y a la gente corriente de las comarcas del norte de la provincia en reportajes memorables.<\/p>\n<p class=\"v-p\" style=\"text-align: justify;\">As\u00ed, en lugar del habitual concurso del Ballet Flamenco de Andaluc\u00eda, lo que veremos este verano, seg\u00fan la Junta, desde el 25 de julio, a lo largo de 25 funciones y hasta el 26 de agosto, ser\u00e1 este espect\u00e1culo concebido por Carlos Saura Atar\u00e9s (el padre), y dirigido por Carlos Saura Medrano (el hijo). Aunque la pasada semana se ofreci\u00f3 un aperitivo de la propuesta esc\u00e9nica en el Teatro del Soho de M\u00e1laga, \u00abexclusivamente para patrocinadores e instituciones\u00bb, como se aclara desde la Junta, lo que veremos en Granada diferir\u00e1 de lo visto en la ciudad vecina, afirma Saura Medrano. \u00abTodo el espect\u00e1culo est\u00e1 basado en proyecciones de la obra de Picasso, que en el Teatro del Soho qued\u00f3 muy bien, pero que habr\u00e1 que adaptar al espacio del Teatro del Generalife, que constituye un marco muy especial\u00bb.<\/p>\n<div class=\"v-a-img-c v-a-img-c--fw-xs\">\u00a0<\/div>\n<div>\u00a0<\/div>\n<div><a href=\"https:\/\/i0.wp.com\/miradordeatarfe.es\/wp-content\/uploads\/2023\/06\/PICASSO02-kQMD-U200503310518OAG-748x524%40Ideal.jpg?ssl=1\"><img data-recalc-dims=\"1\" loading=\"lazy\" decoding=\"async\" class=\"alignnone wp-image-62504 size-full\" src=\"https:\/\/i0.wp.com\/miradordeatarfe.es\/wp-content\/uploads\/2023\/06\/PICASSO02-kQMD-U200503310518OAG-748x524%40Ideal.jpg?resize=640%2C448&#038;ssl=1\" alt=\"\" width=\"640\" height=\"448\" srcset=\"https:\/\/i0.wp.com\/miradordeatarfe.es\/wp-content\/uploads\/2023\/06\/PICASSO02-kQMD-U200503310518OAG-748x524%40Ideal.jpg?w=748&amp;ssl=1 748w, https:\/\/i0.wp.com\/miradordeatarfe.es\/wp-content\/uploads\/2023\/06\/PICASSO02-kQMD-U200503310518OAG-748x524%40Ideal.jpg?resize=300%2C210&amp;ssl=1 300w\" sizes=\"auto, (max-width: 640px) 100vw, 640px\" \/><\/a><\/div>\n<div class=\"v-c-cmp \" style=\"text-align: justify;\">\n<div class=\"v-d-cmp-m\">\n<article class=\"v-a v-a--cmp-m \">\n<div class=\"v-a-img-c v-a-img-c--fw-xs\">\n<figure class=\"v-a-fig\"><figcaption class=\"v-fc\"><span class=\"v-fc__text\"> El montaje cuida mucho el componente pl\u00e1sico y la coherencia crom\u00e1tica. <\/span> <span class=\"v-fc__ath\"> R. C. <\/span><\/figcaption><\/figure>\n<\/div>\n<\/article>\n<\/div>\n<\/div>\n<p class=\"v-p\" style=\"text-align: justify;\">Adem\u00e1s de esa inevitable adaptaci\u00f3n espacial, habr\u00e1 otra en el formato, para, como afirma el director, \u00abincluir una fuerte presencia lorquiana, centr\u00e1ndonos en la relaci\u00f3n que el poeta ten\u00eda con el flamenco, algo que le un\u00eda tambi\u00e9n con Picasso, y con Granada, merced al homenaje que en el montaje se hace a los Ballets Rusos, que forman parte de la historia cultural de la ciudad\u00bb.<\/p>\n<p class=\"v-p\" style=\"text-align: justify;\">As\u00ed pues, el espect\u00e1culo ser\u00e1 esencialmente c\u00e1lido, porque encajar\u00e1 todos los elementos comunes a ambos genios y que forman parte del genuino ser andaluz. Quedan por resolver, afirma Saura, dos temas muy importantes: la duraci\u00f3n final, que est\u00e1 siendo un reto para director y productores, ya que el actual formato supera las dos horas con los a\u00f1adidos, y la conformaci\u00f3n final del reparto, ya que tres de los cantantes que hicieron colaboraciones en el estreno \u2013Roc\u00edo Molina; Israel Fern\u00e1ndez, salvo quiz\u00e1 alg\u00fan d\u00eda, y la granadina Marina Heredia\u2013 no podr\u00e1n estar en el espect\u00e1culo del Generalife.<\/p>\n<div class=\"v-c-cmp v-n-mrg\" style=\"text-align: justify;\">\n<h3 class=\"v-d-cmp-sub-hl\">Conexiones<\/h3>\n<\/div>\n<p class=\"v-p\" style=\"text-align: justify;\">La conexi\u00f3n de Saura con Lorca es muy fuerte. Ya apareci\u00f3 en IDEAL el pasado 10 de marzo un reportaje firmado por Jos\u00e9 Enrique Cabrero, donde se daba cuenta de que el cineasta dej\u00f3 pr\u00e1cticamente lista una serie de televisi\u00f3n de seis cap\u00edtulos llamada &#8216;Las voces perdidas (Saura busca a Lorca)&#8217;, que a estas alturas, seg\u00fan afirma Saura Medrano, est\u00e1 en una fase muy compleja, ya que no termina de despegar, aunque todo es posible en el futuro.<\/p>\n<p class=\"v-p\" style=\"text-align: justify;\">Hijo de esta misma inquietud es el espect\u00e1culo &#8216;Lorca por Saura&#8217;, estrenado el pasado 15 de febrero en el Teatro Infanta Isabel de Madrid, que no tiene fecha de paso por Granada a\u00fan (como afirma uno de sus productores, el actor Roberto \u00c1lvarez), y que protagoniza la cantante India Mart\u00ednez. El texto narra la vida de Federico Garc\u00eda Lorca a trav\u00e9s de los ojos de una mujer de nuestro tiempo, que recrear\u00e1 los momentos claves de su vida, desde su infancia en la vega de Granada hasta su fusilamiento durante la guerra civil. Para ello se juega con fragmentos de las obras escritas por Lorca combinados con otros creados completamente &#8216;ex novo&#8217; por Carlos Saura, recreando ese estilo y ese lenguaje po\u00e9tico. El espect\u00e1culo incorpora el cine, la m\u00fasica, la fotograf\u00eda, el baile y la pintura, convirti\u00e9ndolo en un montaje art\u00edstico que engloba diversas disciplinas.<\/p>\n<p class=\"v-p\" style=\"text-align: justify;\">El Generalife mirar\u00e1 a Federico y a Picasso este verano por los ojos de Saura. Como afirma su hijo, quiz\u00e1 el montaje que salga de gira \u2013se prev\u00e9n dos a\u00f1os\u2013 y por tanto, el definitivo, sea el que se presente en Granada. Todo un \u00f3rdago para los productores de la obra.<\/p>\n<p><a href=\"https:\/\/www.ideal.es\/autor\/jose-antonio-munoz-2730.html\"><strong>Jos\u00e9 Antonio Mu\u00f1oz<\/strong><\/a><\/p>\n<article class=\"v-a v-a--d v-a--d-bs v-a--p-b\">\n<div class=\"v-a-img-c v-a-img-c--fw-xs\">\n<figure class=\"v-a-fig\"><figcaption class=\"v-fc\"><span class=\"v-fc__text\">FOTO: Un momento del espect\u00e1culo que se present\u00f3 en M\u00e1laga el pasado s\u00e1bado.<\/span> <span class=\"v-fc__ath\">R. C.<\/span><\/figcaption><\/figure>\n<\/div>\n<div class=\"v-a-info-c \">https:\/\/www.ideal.es\/culturas\/teatro-generalife-acogera-fantastico-encuentro-picasso-lorca-20230611001841-nt.html<\/div>\n<\/article>\n<div class=\"v-d v-d--ab-c v-d--bs\">\n<div class=\"v-mdl-ath\" data-voc-component=\"viewport-not-visible\">\n<div class=\"v-mdl-ath__c v-mdl-ath__c--1\">\n<figure class=\"v-mdl-ath__fig\"><\/figure>\n<div class=\"v-mdl-ath__info\">\n<p class=\"v-mdl-ath__p v-mdl-ath__p--name\">\u00a0<\/p>\n<\/div>\n<\/div>\n<\/div>\n<\/div>\n","protected":false},"excerpt":{"rendered":"<p>El programa estival del recinto se llenar\u00e1 con el montaje original de Carlos Saura que&#8230;<\/p>\n","protected":false},"author":1,"featured_media":62505,"comment_status":"closed","ping_status":"closed","sticky":false,"template":"","format":"standard","meta":{"_coblocks_attr":"","_coblocks_dimensions":"","_coblocks_responsive_height":"","_coblocks_accordion_ie_support":"","jetpack_post_was_ever_published":false,"_jetpack_newsletter_access":"","_jetpack_dont_email_post_to_subs":false,"_jetpack_newsletter_tier_id":0,"_jetpack_memberships_contains_paywalled_content":false,"_jetpack_memberships_contains_paid_content":false,"footnotes":"","jetpack_publicize_message":"","jetpack_publicize_feature_enabled":true,"jetpack_social_post_already_shared":false,"jetpack_social_options":{"image_generator_settings":{"template":"highway","default_image_id":0,"enabled":false},"version":2}},"categories":[1161,44,15,10],"tags":[1266,489,8910],"class_list":["post-62503","post","type-post","status-publish","format-standard","has-post-thumbnail","hentry","category-ciudadania","category-noticias-de-hoy","category-ultimas-noticias","category-salud","tag-generalife","tag-lorca","tag-picasso"],"jetpack_publicize_connections":[],"jetpack_featured_media_url":"https:\/\/i0.wp.com\/miradordeatarfe.es\/wp-content\/uploads\/2023\/06\/PICASSO04-kQMD-U200503310518yJD-758x531%40Ideal.jpg?fit=758%2C531&ssl=1","jetpack_likes_enabled":true,"jetpack_sharing_enabled":true,"_links":{"self":[{"href":"https:\/\/miradordeatarfe.es\/index.php?rest_route=\/wp\/v2\/posts\/62503","targetHints":{"allow":["GET"]}}],"collection":[{"href":"https:\/\/miradordeatarfe.es\/index.php?rest_route=\/wp\/v2\/posts"}],"about":[{"href":"https:\/\/miradordeatarfe.es\/index.php?rest_route=\/wp\/v2\/types\/post"}],"author":[{"embeddable":true,"href":"https:\/\/miradordeatarfe.es\/index.php?rest_route=\/wp\/v2\/users\/1"}],"replies":[{"embeddable":true,"href":"https:\/\/miradordeatarfe.es\/index.php?rest_route=%2Fwp%2Fv2%2Fcomments&post=62503"}],"version-history":[{"count":3,"href":"https:\/\/miradordeatarfe.es\/index.php?rest_route=\/wp\/v2\/posts\/62503\/revisions"}],"predecessor-version":[{"id":62508,"href":"https:\/\/miradordeatarfe.es\/index.php?rest_route=\/wp\/v2\/posts\/62503\/revisions\/62508"}],"wp:featuredmedia":[{"embeddable":true,"href":"https:\/\/miradordeatarfe.es\/index.php?rest_route=\/wp\/v2\/media\/62505"}],"wp:attachment":[{"href":"https:\/\/miradordeatarfe.es\/index.php?rest_route=%2Fwp%2Fv2%2Fmedia&parent=62503"}],"wp:term":[{"taxonomy":"category","embeddable":true,"href":"https:\/\/miradordeatarfe.es\/index.php?rest_route=%2Fwp%2Fv2%2Fcategories&post=62503"},{"taxonomy":"post_tag","embeddable":true,"href":"https:\/\/miradordeatarfe.es\/index.php?rest_route=%2Fwp%2Fv2%2Ftags&post=62503"}],"curies":[{"name":"wp","href":"https:\/\/api.w.org\/{rel}","templated":true}]}}