{"id":62509,"date":"2023-06-29T09:05:15","date_gmt":"2023-06-29T07:05:15","guid":{"rendered":"https:\/\/miradordeatarfe.es\/?p=62509"},"modified":"2023-06-26T14:09:13","modified_gmt":"2023-06-26T12:09:13","slug":"la-precarizacion-de-los-seguros-de-salud-y-la-investigacion-de-la-cnmc","status":"publish","type":"post","link":"https:\/\/miradordeatarfe.es\/?p=62509","title":{"rendered":"La precarizaci\u00f3n de los seguros de salud y la investigaci\u00f3n de la CNMC"},"content":{"rendered":"<h3>El regulador tiene a las principales aseguradoras bajo el punto de mira por el alto volumen de quejas que est\u00e1n registrando tanto por parte de clientes y trabajadores<\/h3>\n<p>Las compa\u00f1\u00edas de seguros punteras de Espa\u00f1a est\u00e1n siendo investigadas por parte de la Comisi\u00f3n Nacional de Mercados y la Competencia. Aseguran haber registrado numerosas quejas tanto por parte de pacientes como de m\u00e9dicos, siendo estos \u00faltimos el grupo mayoritario al acumular m\u00e1s de 690 quejas. Los facultativos aseguran que las retribuciones que perciben por su trabajo no se ajustan a la realidad, son irrisorias y llevan pr\u00e1cticamente sin cambios desde 1990.<\/p>\n<h3><b>La investigaci\u00f3n de la CNMC<\/b><\/h3>\n<div id=\"cadenaser_gpt-INTEXT\" data-google-query-id=\"CMOgisvy4P8CFcvY1QodLqEBwg\">\n<div id=\"google_ads_iframe_7811748\/cadenaser_web\/cadena_ser\/articulo_6__container__\">El regulador sigue de cerca varios movimientos que est\u00e1n llevando a cabo las compa\u00f1\u00edas. Hace pocos d\u00edas, su presidenta Cani Fern\u00e1ndez, ya lo avisaba: \u00abEn estos momentos, estamos llevando a cabo un estudio sobre el mercado de los seguros de sanidad, para ver si hay problemas de competencia y a\u00f1adiremos recomendaciones cuando termine el estudio\u00bb. Un estudio que el regulador pretende terminar el a\u00f1o que viene y que de momento sigue de cerca dos actuaciones: la integraci\u00f3n vertical y las ataduras que se ponen a los pacientes.<\/div>\n<\/div>\n<p>La integraci\u00f3n vertical en el sector m\u00e9dico se da cuando una aseguradora adquiere o es adquirida por parte de un grupo hospitalario o sanitario. Aqu\u00ed pueden pasar a un segundo plano los intereses y preocupaciones del paciente. Seg\u00fan datos de la CNMC, el 50% del mercado est\u00e1 precisamente en manos de esos grupos.<\/p>\n<p>La otra preocupaci\u00f3n del regulador est\u00e1 en el \u00abaprisionamiento\u00bb de los pacientes. Una pr\u00e1ctica t\u00edpica de las aseguradoras, bas\u00e1ndose en la valoraci\u00f3n que hacen del riesgo, pasa por subir la prima en caso de que un persona que padezca de una enfermedad quiera contratar un seguro con ellos. Lo que no pueden es subir esa prima si un paciente que ya est\u00e1 cubierto por la aseguradora contrae una enfermedad. Esto deja como consecuencia que si el paciente est\u00e1 enfermo y quiere cambiar de seguro, no podr\u00e1, porque la segunda compa\u00f1\u00eda no lo acoger\u00e1, qued\u00e1ndose atado a la primera.<\/p>\n<section class=\"c-sum fo\">\n<figure><picture><source srcset=\"https:\/\/cadenaser.com\/resizer\/BHxWSxh13M24mw99ghU40ukq8KU=\/1200x900\/filters:quality(70)\/cloudfront-eu-central-1.images.arcpublishing.com\/prisaradio\/5DC63M2IGRH6RNV23PSKK3U6MM.jpg\" media=\"(min-width: 1200px)\" \/><source srcset=\"https:\/\/cadenaser.com\/resizer\/t0uh7bVx8Q82-LjM4WfS7o-1O0A=\/990x743\/filters:quality(70)\/cloudfront-eu-central-1.images.arcpublishing.com\/prisaradio\/5DC63M2IGRH6RNV23PSKK3U6MM.jpg\" media=\"(min-width: 990px)\" \/><source srcset=\"https:\/\/cadenaser.com\/resizer\/LPCC_v8PT7BcdLapM3kBjtA1c5Y=\/983x737\/filters:quality(70)\/cloudfront-eu-central-1.images.arcpublishing.com\/prisaradio\/5DC63M2IGRH6RNV23PSKK3U6MM.jpg\" media=\"(min-width: 990px)\" \/><source srcset=\"https:\/\/cadenaser.com\/resizer\/xm-iPk3V_K1mf3h5uWUHHkj0ZY8=\/768x576\/filters:quality(70)\/cloudfront-eu-central-1.images.arcpublishing.com\/prisaradio\/5DC63M2IGRH6RNV23PSKK3U6MM.jpg\" media=\"(max-width: 768px)\" \/><source srcset=\"https:\/\/cadenaser.com\/resizer\/YkRytG27bm4YbPfxwKO_iOXeQXM=\/736x552\/filters:quality(70)\/cloudfront-eu-central-1.images.arcpublishing.com\/prisaradio\/5DC63M2IGRH6RNV23PSKK3U6MM.jpg\" media=\"(max-width: 768px)\" \/><source srcset=\"https:\/\/cadenaser.com\/resizer\/Cz2TwN-OyrJF3fcC54-B49HWp9M=\/414x311\/filters:quality(70)\/cloudfront-eu-central-1.images.arcpublishing.com\/prisaradio\/5DC63M2IGRH6RNV23PSKK3U6MM.jpg\" media=\"(max-width: 414px)\" \/><source srcset=\"https:\/\/cadenaser.com\/resizer\/fAKakPqU7rhXpQj-EAkJtsgaAJI=\/382x287\/filters:quality(70)\/cloudfront-eu-central-1.images.arcpublishing.com\/prisaradio\/5DC63M2IGRH6RNV23PSKK3U6MM.jpg\" media=\"(max-width: 414px)\" \/><source srcset=\"https:\/\/cadenaser.com\/resizer\/fcJ2GcMnGtUL-6VHvh9YFSWzMb4=\/343x257\/filters:quality(70)\/cloudfront-eu-central-1.images.arcpublishing.com\/prisaradio\/5DC63M2IGRH6RNV23PSKK3U6MM.jpg\" media=\"(max-width: 375px)\" \/><source srcset=\"https:\/\/cadenaser.com\/resizer\/JJ1BXjiapycY_ZFL4d7Juwkqqlc=\/288x216\/filters:quality(70)\/cloudfront-eu-central-1.images.arcpublishing.com\/prisaradio\/5DC63M2IGRH6RNV23PSKK3U6MM.jpg\" media=\"(max-width: 320px)\" \/><img data-recalc-dims=\"1\" loading=\"lazy\" decoding=\"async\" class=\"alignleft\" src=\"https:\/\/i0.wp.com\/cadenaser.com\/resizer\/JTwc3xJysvz43gPyxsHIf-JKbTk%3D\/650x488\/filters%3Aquality%2870%29\/cloudfront-eu-central-1.images.arcpublishing.com\/prisaradio\/5DC63M2IGRH6RNV23PSKK3U6MM.jpg?resize=640%2C480&#038;ssl=1\" width=\"640\" height=\"480\" \/><\/picture><figcaption class=\"fc\">\n<p>Sanidad acuerda con los sindicatos implantar de forma progresiva las 35 horas hasta 2025 \/ ARCHIVO<\/p>\n<\/figcaption><\/figure>\n<\/section>\n<h3><b>\u00bfC\u00f3mo est\u00e1 el sector?<\/b><\/h3>\n<p>Se trata de un mercado que mueve mucho dinero, concretamente, el a\u00f1o pasado gener\u00f3 casi 10.400 millones de euros dejando un crecimiento del 7%. Adem\u00e1s de esos grandes n\u00fameros tambi\u00e9n mueve muchos clientes y cada vez m\u00e1s. Seg\u00fan datos de UNESPA, el representante de las aseguradoras, desde 2015 hasta 2022 el n\u00famero de clientes con seguros de salud ha pasado de los 9,2 millones a los 12,8 millones.<\/p>\n<p>Tambi\u00e9n es un mercado cada vez m\u00e1s concentrado, porque los datos que maneja la Comisi\u00f3n Nacional de Mercados y la Competencia lo demuestran. El regulador ha podido comprobar que hace diez a\u00f1os las 10 principales aseguradoras controlaban el 80% del mercado, hoy controlan el 90, 10 puntos m\u00e1s. Concretamente 5 de estas se est\u00e1n repartiendo el 70% el negocio actual y son las siguientes: <b>Adeslas, Sanitas, ASISA, DKV y Mapfre.<\/b> Existen m\u00e1s razones adem\u00e1s de los movimientos del mercado. Emili Ferrer es miembro de Economistas Frente a la Crisis y economista especializado en pol\u00edtica sanitaria: \u00abEst\u00e1 en relaci\u00f3n directa con los recortes en la sanidad y especialmente por el Decreto Ley 16 de 2012 de Reforma Sanitaria. Cuando se aprob\u00f3, la participaci\u00f3n de la sanidad privada en Espa\u00f1a era de alrededor del 30,7%. Al a\u00f1o siguiente ya era del 33. En 2018 se sit\u00faa en el 35 y sigue subiendo\u00bb.<\/p>\n<h3><b>\u00bfC\u00f3mo est\u00e1n los trabajadores?<\/b><\/h3>\n<p>El malestar del grupo de trabajadores, en el que se incluyen m\u00e9dicos, dentistas o psic\u00f3logos entre otros, viene por el alto volumen de pacientes que tienen que atender y sobre todo, por lo poco que les pagan las aseguradoras. Los baremos son impuestos por las compa\u00f1\u00edas y no se han movido pr\u00e1cticamente desde 1990, convirti\u00e9ndose en una queja generalizada por parte del sector. \u00abDesde hace treinta a\u00f1os no se ha revalorizado nada. Lo que se le paga por acto m\u00e9dico es irrisorio. Cuando ven varias veces a un paciente que lo necesita, a partir de un n\u00famero de consultas ya no le paga la compa\u00f1\u00eda\u00bb, asegura Carmen Arias, presidenta del Colegio de M\u00e9dicos de C\u00f3rdoba.<\/p>\n<p>Lo que percibe el m\u00e9dico, sigue siendo lo mismo que en 1990, cuando los baremos se fijaron entre el colegio de m\u00e9dicos, el sindicato y las aseguradoras. En aquella \u00e9poca, por ejemplo, se pagaba entre 1200 y 1500 pesetas por una consulta de atenci\u00f3n primaria, que al cambio son unos 7 o 9 euros. Esos m\u00e1rgenes no se han movido y est\u00e1n amparados por la ley. En 2009 entraba en vigor la <b>Ley \u00d3mnibus, <\/b>conocida jur\u00eddicamente como la Ley 25\/2009, de 22 de diciembre, de modificaci\u00f3n de diversas leyes para su adaptaci\u00f3n a la Ley sobre el libre acceso a las actividades de servicios y su ejercicio. Aqu\u00ed se sac\u00f3 de la ecuaci\u00f3n al sector m\u00e9dico, dejando la potestad absoluta de fijar baremos en las compa\u00f1\u00edas, que han pasado a una posici\u00f3n est\u00e1tica y no han estado abiertos a negociar.<\/p>\n<p>Estos baremos dejan unos beneficios para el profesional m\u00ednimos y no ajustados al coste de vida. Seg\u00fan el sindicato UPTA <b>el IPC de este tipo de servicios ha subido un 145% desde 1990.<\/b> Si se ajustaran las tarifas a la inflaci\u00f3n, no deber\u00edan pagar menos de 20 o 25 euros por consulta en la atenci\u00f3n primaria por ejemplo.<\/p>\n<blockquote cite=\"M\u00e9dico de familia de la salud privada\">\n<p><em>Somos m\u00e9dicos, no somos gente que negocie. T\u00fa asumes un baremo que ellos te aportan, que lo dan por hecho y no los cuestionas<\/em><em>\u2014\u00a0 (M\u00e9dico de familia de la salud privada)<\/em><\/p>\n<\/blockquote>\n<p>Las aseguradoras si se han ajustado a los tiempos actuales subiendo los precios de las p\u00f3lizas, pero los trabajadores se sienten maltratados: \u00abSeis a\u00f1os de carrera m\u00e1s cuatro de especialidad supone una formaci\u00f3n, que no puedes pagar a 8 euros la consulta o a 6 euros un psic\u00f3logo\u00bb comenta una m\u00e9dico de familia. \u00abLa verdad es que los precios que nos pagan tanto por consultas, limpiezas y tal, son irrisorios o sea es que no cubren ni siquiera los gastos que tenemos por ofrecer ese tratamiento\u00bb, lamenta la encargada de una cl\u00ednica dental. \u00abNosotros ponemos un poco la cara por la aseguradora, pero bueno, luego lo que es su parte que la deber\u00edan poner pues valorando y dando el pago correspondiente a nuestro trabajo pues no lo hacen\u00bb, cuenta una psic\u00f3loga cl\u00ednica.<\/p>\n<p>La investigaci\u00f3n de la CNMC todav\u00eda est\u00e1 en proceso pero mientras tanto los pacientes y los trabajadores siguen saliendo perjudicados.<\/p>\n<p><strong><a class=\"au-wb\" title=\"Eduardo Hern\u00e1ndez Ojeda\" href=\"https:\/\/cadenaser.com\/autor\/eduardo_hernandez_ojeda\/a\/\">Eduardo Hern\u00e1ndez Ojeda<\/a><\/strong><a class=\"au-tw\" href=\"https:\/\/twitter.com\/_eduhernandez_\" target=\"_blank\" rel=\"noopener noreferrer\"><strong>_eduhernandez_<\/strong><\/a><\/p>\n<figure><figcaption class=\"fc\">\n<p>FOTO: Consulta m\u00e9dico de Atenci\u00f3n Primaria \/ Pattanaphong Khuankaew \/ EyeEm<\/p>\n<\/figcaption><\/figure>\n<div class=\"cnt-byline\">\n<div>\n<p>&nbsp;<\/p>\n<\/div>\n<\/div>\n","protected":false},"excerpt":{"rendered":"<p>El regulador tiene a las principales aseguradoras bajo el punto de mira por el alto&#8230;<\/p>\n","protected":false},"author":1,"featured_media":62510,"comment_status":"closed","ping_status":"closed","sticky":false,"template":"","format":"standard","meta":{"_coblocks_attr":"","_coblocks_dimensions":"","_coblocks_responsive_height":"","_coblocks_accordion_ie_support":"","jetpack_post_was_ever_published":false,"_jetpack_newsletter_access":"","_jetpack_dont_email_post_to_subs":false,"_jetpack_newsletter_tier_id":0,"_jetpack_memberships_contains_paywalled_content":false,"_jetpack_memberships_contains_paid_content":false,"footnotes":"","jetpack_publicize_message":"","jetpack_publicize_feature_enabled":true,"jetpack_social_post_already_shared":false,"jetpack_social_options":{"image_generator_settings":{"template":"highway","default_image_id":0,"enabled":false},"version":2}},"categories":[1161,44,7671,15,10],"tags":[10530,10529],"class_list":["post-62509","post","type-post","status-publish","format-standard","has-post-thumbnail","hentry","category-ciudadania","category-noticias-de-hoy","category-politica","category-ultimas-noticias","category-salud","tag-precarizacion","tag-salud-privada"],"jetpack_publicize_connections":[],"jetpack_featured_media_url":"https:\/\/i0.wp.com\/miradordeatarfe.es\/wp-content\/uploads\/2023\/06\/Screenshot-2023-06-26-at-14-05-46-La-precarizacion-de-los-seguros-de-salud-y-la-investigacion-de-la-CNMC.png?fit=496%2C403&ssl=1","jetpack_likes_enabled":true,"jetpack_sharing_enabled":true,"_links":{"self":[{"href":"https:\/\/miradordeatarfe.es\/index.php?rest_route=\/wp\/v2\/posts\/62509","targetHints":{"allow":["GET"]}}],"collection":[{"href":"https:\/\/miradordeatarfe.es\/index.php?rest_route=\/wp\/v2\/posts"}],"about":[{"href":"https:\/\/miradordeatarfe.es\/index.php?rest_route=\/wp\/v2\/types\/post"}],"author":[{"embeddable":true,"href":"https:\/\/miradordeatarfe.es\/index.php?rest_route=\/wp\/v2\/users\/1"}],"replies":[{"embeddable":true,"href":"https:\/\/miradordeatarfe.es\/index.php?rest_route=%2Fwp%2Fv2%2Fcomments&post=62509"}],"version-history":[{"count":1,"href":"https:\/\/miradordeatarfe.es\/index.php?rest_route=\/wp\/v2\/posts\/62509\/revisions"}],"predecessor-version":[{"id":62511,"href":"https:\/\/miradordeatarfe.es\/index.php?rest_route=\/wp\/v2\/posts\/62509\/revisions\/62511"}],"wp:featuredmedia":[{"embeddable":true,"href":"https:\/\/miradordeatarfe.es\/index.php?rest_route=\/wp\/v2\/media\/62510"}],"wp:attachment":[{"href":"https:\/\/miradordeatarfe.es\/index.php?rest_route=%2Fwp%2Fv2%2Fmedia&parent=62509"}],"wp:term":[{"taxonomy":"category","embeddable":true,"href":"https:\/\/miradordeatarfe.es\/index.php?rest_route=%2Fwp%2Fv2%2Fcategories&post=62509"},{"taxonomy":"post_tag","embeddable":true,"href":"https:\/\/miradordeatarfe.es\/index.php?rest_route=%2Fwp%2Fv2%2Ftags&post=62509"}],"curies":[{"name":"wp","href":"https:\/\/api.w.org\/{rel}","templated":true}]}}