{"id":62512,"date":"2023-06-29T10:00:23","date_gmt":"2023-06-29T08:00:23","guid":{"rendered":"https:\/\/miradordeatarfe.es\/?p=62512"},"modified":"2023-06-26T14:17:33","modified_gmt":"2023-06-26T12:17:33","slug":"el-sueno-de-nuestros-antepasados-no-era-como-el-nuestro-hasta-que-llego-la-revolucion-industrial","status":"publish","type":"post","link":"https:\/\/miradordeatarfe.es\/?p=62512","title":{"rendered":"El sue\u00f1o de nuestros antepasados no era como el nuestro. Hasta que lleg\u00f3 la revoluci\u00f3n industrial"},"content":{"rendered":"<h3 style=\"text-align: justify;\" data-mrf-recirculation=\"Article links\">Despertarse en medio de la noche es <a href=\"https:\/\/www.xataka.com\/medicina-y-salud\/te-despiertas-a-menudo-dos-tres-manana-no-estas-solo-ciencia-sabe-que\" data-mrf-link=\"https:\/\/www.xataka.com\/medicina-y-salud\/te-despiertas-a-menudo-dos-tres-manana-no-estas-solo-ciencia-sabe-que\">algo habitual para muchos<\/a>. Hoy en d\u00eda es algo que vinculamos a problemas para dormir, pero para algunos, podr\u00eda ser tan solo una reminiscencia de <strong>un h\u00e1bito pasado arraigado en nuestros patrones de sue\u00f1o<\/strong> desde hace siglos.<\/h3>\n<p style=\"text-align: justify;\" data-mrf-recirculation=\"Article links\">El sue\u00f1o bif\u00e1sico es un patr\u00f3n de sue\u00f1o en el que las horas de sue\u00f1o se reparten en dos bloques separados por un periodo de vigilia. Se trata de un patr\u00f3n de sue\u00f1o popularizado <a href=\"https:\/\/www.xataka.com\/magnet\/hubo-tiempo-que-gente-dormia-dos-turnos-asi-funcionaba-sueno-bifasico-edad-media\" data-mrf-link=\"https:\/\/www.xataka.com\/magnet\/hubo-tiempo-que-gente-dormia-dos-turnos-asi-funcionaba-sueno-bifasico-edad-media\">por el historiador Roger Ekirch y por el psiquiatra Thomas Wehr<\/a> que de manera independiente estudiaron el fen\u00f3meno.<\/p>\n<p style=\"text-align: justify;\" data-mrf-recirculation=\"Article links\">Ekirch descubri\u00f3 indagando en documentos que cubr\u00edan no s\u00f3lo la edad media sino tambi\u00e9n la edad moderna una referencia recurrente a los \u201cprimeros sue\u00f1os\u201d. Esto lo llev\u00f3 a <a href=\"https:\/\/www.elconfidencial.com\/alma-corazon-vida\/2023-06-18\/dormia-manera-diferente-dejamos-medievo-hacerlo_3355698\/\" data-mrf-link=\"https:\/\/www.elconfidencial.com\/alma-corazon-vida\/2023-06-18\/dormia-manera-diferente-dejamos-medievo-hacerlo_3355698\/\">compilar una serie de pruebas<\/a> historiogr\u00e1ficas, procedentes tanto de la ficci\u00f3n como de documentos oficiales, de la existencia de un sue\u00f1o bif\u00e1sico en estos periodos.<\/p>\n<p style=\"text-align: justify;\" data-mrf-recirculation=\"Article links\">Seg\u00fan <a href=\"https:\/\/www.bbc.com\/future\/article\/20220107-the-lost-medieval-habit-of-biphasic-sleep\" data-mrf-link=\"https:\/\/www.bbc.com\/future\/article\/20220107-the-lost-medieval-habit-of-biphasic-sleep\">explicaba hace un tiempo a la BBC<\/a>, este sue\u00f1o podr\u00eda tener <strong>una primera fase breve, quiz\u00e1s entre las 9 y las 11 de la noche<\/strong>, seguido de un periodo de vigilia que podr\u00eda haber estado dedicado a actividades de lo m\u00e1s diverso, desde la charla y la oraci\u00f3n hasta las visitas sociales. Tras este hiato del sue\u00f1o, nuestros antepasados habr\u00edan vuelto a dormir, esta vez hasta el amanecer.<\/p>\n<p style=\"text-align: justify;\" data-mrf-recirculation=\"Article links\">Wehr alcanz\u00f3 su conclusi\u00f3n a trav\u00e9s de un experimento. Junt\u00f3 a un grupo de participantes (15 hombres) en un entorno controlado y los priv\u00f3 de luz artificial. Esto hizo que las horas con luz disponible para estos participantes pasaran de 16 a 10.<\/p>\n<p style=\"text-align: justify;\" data-mrf-recirculation=\"Article links\">Bajo determinadas restricciones (a los participantes no se les permit\u00eda tocar m\u00fasica o hacer ejercicio) los investigadores observaron que los participantes cambiaron su patr\u00f3n de sue\u00f1o a uno bif\u00e1sico. El cambio sucedi\u00f3 aproximadamente a las cuatro semanas de comenzar el estudio: <strong>los participantes comenzaron a repartir sus horas de sue\u00f1o en dos fases<\/strong> de aproximadamente igual duraci\u00f3n.<\/p>\n<p style=\"text-align: justify;\" data-mrf-recirculation=\"Article links\">El trabajo de Wehr tambi\u00e9n pone en relieve la principal hip\u00f3tesis sobre por qu\u00e9 la humanidad dej\u00f3 el sue\u00f1o bif\u00e1sico para concentrar el sue\u00f1o en un solo bloque de sue\u00f1o ininterrumpido: la revoluci\u00f3n industrial.<\/p>\n<h2 style=\"text-align: justify;\">Un mundo nuevo<\/h2>\n<p style=\"text-align: justify;\" data-mrf-recirculation=\"Article links\">El principal factor habr\u00eda sido el desarrollo de fuentes de iluminaci\u00f3n artificial. Durante la segunda mitad del siglo XIX y los primeros a\u00f1os del siglo XX diversos inventos y mejoras abrieron el camino a que todos los hogares contaran con fuentes artificiales de luz, como l\u00e1mparas de gas y bombillas.<\/p>\n<p style=\"text-align: justify;\" data-mrf-recirculation=\"Article links\">La revoluci\u00f3n industrial no s\u00f3lo aceler\u00f3 cambios tecnol\u00f3gicos sino tambi\u00e9n socioecon\u00f3micos. En este sentido, <strong>la relaci\u00f3n de las personas con el trabajo y el ocio tambi\u00e9n pudo afectar a este cambio<\/strong>. El trabajo en el campo no conoc\u00eda de horarios, pero los nuevos trabajos fabriles s\u00ed. Esta estandarizaci\u00f3n del tiempo de los trabajadores pudo tambi\u00e9n ayudar a que la sociedad fuera adoptando el sue\u00f1o continuo, como forma de optimizar nuestro tiempo en los d\u00edas laborales.<\/p>\n<p style=\"text-align: justify;\" data-mrf-recirculation=\"Article links\">Con los a\u00f1os, las sociedades en occidente han avanzado hacia modelos econ\u00f3micos post-industriales y eso ha podido inducir un nuevo inter\u00e9s por otras formas de dormir. Muchas de estas propuestas pretenden aprovechar m\u00e1s las horas del d\u00eda y algunas resultan poco recomendables desde el punto de vista sanitario.<\/p>\n<p style=\"text-align: justify;\" data-mrf-recirculation=\"Article links\">Los <a href=\"https:\/\/www.healthline.com\/health\/polyphasic-sleep\" data-mrf-link=\"https:\/\/www.healthline.com\/health\/polyphasic-sleep\">sue\u00f1os polif\u00e1sicos<\/a> son aquellos que reparten las horas de sue\u00f1o en dos o m\u00e1s bloques (se los llama bif\u00e1sicos cuando son dos las fases y trif\u00e1sicos cuando son tres). <strong>Tambi\u00e9n existen patrones de sue\u00f1o con \u201cnombre propio\u201d<\/strong> <a href=\"https:\/\/www.xataka.com\/medicina-y-salud\/matt-mullenweg-creo-wordpress-durmiendo-periodos-media-hora-ciencia-desaconseja\" data-mrf-link=\"https:\/\/www.xataka.com\/medicina-y-salud\/matt-mullenweg-creo-wordpress-durmiendo-periodos-media-hora-ciencia-desaconseja\">como el Uberman<\/a>, que consta de seis ciclos de sue\u00f1o-vigilia de cuatro horas de los que 20 o 30 minutos se dedican al sue\u00f1o; o el Everyman, que reserva tres horas de sue\u00f1o para la noche y despu\u00e9s reparte tres <a href=\"https:\/\/www.xataka.com\/magnet\/26-minutos-sueno-34-productividad-siesta-perfecta-nasa\" data-mrf-link=\"https:\/\/www.xataka.com\/magnet\/26-minutos-sueno-34-productividad-siesta-perfecta-nasa\">siestas<\/a> de otros 20 minutos a lo largo del resto de la jornada.<\/p>\n<p style=\"text-align: justify;\" data-mrf-recirculation=\"Article links\">No, ni el Everyman ni el Uberman se acercan a las 7 u 8 horas de sue\u00f1o diarias recomendadas, pero ese es tan solo <a href=\"https:\/\/www.mattressnerd.com\/polyphasic-sleep\/overviews\/uberman-2\/\" data-mrf-link=\"https:\/\/www.mattressnerd.com\/polyphasic-sleep\/overviews\/uberman-2\/\">uno de sus problemas<\/a>. A lo largo de nuestro sue\u00f1o nuestro cuerpo atraviesa una serie de ciclos compuestos de cuatro fases: una denominada REM (de movimiento ocular r\u00e1pido) y tres no-REM.<\/p>\n<p style=\"text-align: justify;\" data-mrf-recirculation=\"Article links\">Cada uno de estos ciclos puede durar entre hora y media y dos horas aproximadamente, por lo que los sue\u00f1os de 20 o 30 minutos no permiten completar ni uno de estos ciclos. A los sue\u00f1os breves s\u00ed se les atribuyen ventajas como la mejora de la creatividad o la mayor facilidad para alcanzar sue\u00f1os l\u00facidos. Pero legar nuestras horas de sue\u00f1o a breves siestas <a href=\"https:\/\/www.medicalnewstoday.com\/articles\/307334\" data-mrf-link=\"https:\/\/www.medicalnewstoday.com\/articles\/307334\">puede acabar afectando a nuestra salud<\/a>.<\/p>\n<div class=\"article-asset-video article-asset-normal\" style=\"text-align: justify;\">\n<div class=\"asset-content\">\n<div class=\"\">\n<div class=\"js-dailymotion\">\n<div id=\"js-dailymotion-video-0\" class=\"dailymotion-player-root dailymotion-player-x8gm6\">\n<div id=\"dailymotion-pip-large-viewport\" class=\"dailymotion-player-wrapper\"><iframe loading=\"lazy\" class=\"dailymotion-player\" title=\"Dailymotion video player - Tr\u00e1iler de Runtime Service\" src=\"https:\/\/geo.dailymotion.com\/player\/x8gm6.html?video=x8006fc&amp;mute=true&amp;customConfig[customParams]=%252F1018282%252FWSL%252Fxtk%2526site%253DXTK%2526siteSection%253Dpostpage%2526vertical%253DTechnology%2526amp%253Dno%2526postId%253D286362%2526postUrl%253Dhttps%25253A%25252F%25252Fwww.xataka.com%25252Fmedicina-y-salud%25252Fsueno-nuestros-antepasados-no-era-como-nuestro-que-llego-revolucion-industrial%2526publishedDate%253D2023-06-20%2526modifiedDate%253D2023-06-20T10%25253A52%2526categories%253Dmedicina-y-salud%2526tags%253Dhistoria%25252Cdormir%2526videoContent%253Dfalse%2526partner%253Dfalse%2526blockLength%253D18%2526author%253Dpablo%252520mart%2525C3%2525ADnez-juarez%2526postType%253Dnormal%2526linksToEcommerce%253D%2526postExpiration%253D%2526wordCount%253D921%2526visitor_country%253DES%2526contentGroup1%253Dpost%2526contentGroup2%253Dpablo%252520mart%2525C3%2525ADnez-juarez%2526contentGroup3%253Dmedicina-y-salud%2526contentGroup4%253Dnormal%2526contentGroup5%253D230620%2526dimension1%253Dno%2526gtm.start%253D1687764581243%2526event%253Dgtm.js%2526gtm.uniqueEventId%253D1%2526event%253Dgtm.dom%2526gtm.uniqueEventId%253D2%2526autoplay%253Dtrue%2526sticky%253Dtrue%2526inhouse%253Dfalse\" width=\"100%\" height=\"100%\" frameborder=\"0\" allowfullscreen=\"allowfullscreen\" data-mce-fragment=\"1\"><\/iframe><\/div>\n<\/div>\n<\/div>\n<\/div>\n<\/div>\n<\/div>\n<p style=\"text-align: justify;\" data-mrf-recirculation=\"Article links\">El ser humano tiende a adaptarse a las circunstancias. Nuestros patrones de sue\u00f1o son un ejemplo de esto. <strong>A\u00fan no sabemos si existe un patr\u00f3n de sue\u00f1o que sea \u00f3ptimo y universal<\/strong> <a href=\"https:\/\/www.xataka.com\/medicina-y-salud\/cenan-a-10-trabajan-a-9-extranjeros-estan-comprensiblemente-intrigados-como-dormimos-espana\" data-mrf-link=\"https:\/\/www.xataka.com\/medicina-y-salud\/cenan-a-10-trabajan-a-9-extranjeros-estan-comprensiblemente-intrigados-como-dormimos-espana\">para toda la especie<\/a> (es posible que tal cosa no exista), por lo que podemos asumir que la opci\u00f3n correcta siempre ser\u00e1 la que m\u00e1s descansados nos deje y se adapte a nuestras necesidades.<\/p>\n<p style=\"text-align: justify;\" data-mrf-recirculation=\"Article links\">Lo que s\u00ed resulta siempre aconsejable es mantener una buena higiene del sue\u00f1o, que incluye aspectos muy diversos como mantener una vida saludable haciendo ejercicio (aunque no en las \u00faltimas horas antes de acostarnos), evitar pantallas y luces al irnos a la cama y mantener horarios regulares de vigilia y sue\u00f1o.<\/p>\n<p style=\"text-align: justify;\" data-mrf-recirculation=\"Article links\">Estos consejos nos permitir\u00e1n <strong>evitar muchos de los problemas que asociamos con el insomnio<\/strong>. Si despertarnos en medio de la noche no es uno de estos problemas quiz\u00e1 tengamos que responsabilizar de ello a nuestros antepasados.<\/p>\n<p data-mrf-recirculation=\"Article links\"><a class=\"article-author-link\" href=\"https:\/\/www.xataka.com\/autor\/pablo-martinez\" rel=\"author\"><strong>Pablo Mart\u00ednez-Juarez<\/strong><\/a><\/p>\n<p>https:\/\/www.xataka.com\/medicina-y-salud\/sueno-nuestros-antepasados-no-era-como-nuestro-que-llego-revolucion-industrial?utm_source=pocket-newtab-bff<\/p>\n","protected":false},"excerpt":{"rendered":"<p>Despertarse en medio de la noche es algo habitual para muchos. Hoy en d\u00eda es&#8230;<\/p>\n","protected":false},"author":1,"featured_media":62513,"comment_status":"closed","ping_status":"closed","sticky":false,"template":"","format":"standard","meta":{"_coblocks_attr":"","_coblocks_dimensions":"","_coblocks_responsive_height":"","_coblocks_accordion_ie_support":"","jetpack_post_was_ever_published":false,"_jetpack_newsletter_access":"","_jetpack_dont_email_post_to_subs":false,"_jetpack_newsletter_tier_id":0,"_jetpack_memberships_contains_paywalled_content":false,"_jetpack_memberships_contains_paid_content":false,"footnotes":"","jetpack_publicize_message":"","jetpack_publicize_feature_enabled":true,"jetpack_social_post_already_shared":false,"jetpack_social_options":{"image_generator_settings":{"template":"highway","default_image_id":0,"enabled":false},"version":2}},"categories":[1161,44,6937,15,10],"tags":[53,736],"class_list":["post-62512","post","type-post","status-publish","format-standard","has-post-thumbnail","hentry","category-ciudadania","category-noticias-de-hoy","category-sociedad","category-ultimas-noticias","category-salud","tag-ciencia","tag-sueno"],"jetpack_publicize_connections":[],"jetpack_featured_media_url":"https:\/\/i0.wp.com\/miradordeatarfe.es\/wp-content\/uploads\/2023\/06\/SUENO.jpeg?fit=1366%2C911&ssl=1","jetpack_likes_enabled":true,"jetpack_sharing_enabled":true,"_links":{"self":[{"href":"https:\/\/miradordeatarfe.es\/index.php?rest_route=\/wp\/v2\/posts\/62512","targetHints":{"allow":["GET"]}}],"collection":[{"href":"https:\/\/miradordeatarfe.es\/index.php?rest_route=\/wp\/v2\/posts"}],"about":[{"href":"https:\/\/miradordeatarfe.es\/index.php?rest_route=\/wp\/v2\/types\/post"}],"author":[{"embeddable":true,"href":"https:\/\/miradordeatarfe.es\/index.php?rest_route=\/wp\/v2\/users\/1"}],"replies":[{"embeddable":true,"href":"https:\/\/miradordeatarfe.es\/index.php?rest_route=%2Fwp%2Fv2%2Fcomments&post=62512"}],"version-history":[{"count":1,"href":"https:\/\/miradordeatarfe.es\/index.php?rest_route=\/wp\/v2\/posts\/62512\/revisions"}],"predecessor-version":[{"id":62514,"href":"https:\/\/miradordeatarfe.es\/index.php?rest_route=\/wp\/v2\/posts\/62512\/revisions\/62514"}],"wp:featuredmedia":[{"embeddable":true,"href":"https:\/\/miradordeatarfe.es\/index.php?rest_route=\/wp\/v2\/media\/62513"}],"wp:attachment":[{"href":"https:\/\/miradordeatarfe.es\/index.php?rest_route=%2Fwp%2Fv2%2Fmedia&parent=62512"}],"wp:term":[{"taxonomy":"category","embeddable":true,"href":"https:\/\/miradordeatarfe.es\/index.php?rest_route=%2Fwp%2Fv2%2Fcategories&post=62512"},{"taxonomy":"post_tag","embeddable":true,"href":"https:\/\/miradordeatarfe.es\/index.php?rest_route=%2Fwp%2Fv2%2Ftags&post=62512"}],"curies":[{"name":"wp","href":"https:\/\/api.w.org\/{rel}","templated":true}]}}