{"id":62515,"date":"2023-06-30T08:18:22","date_gmt":"2023-06-30T06:18:22","guid":{"rendered":"https:\/\/miradordeatarfe.es\/?p=62515"},"modified":"2023-06-30T14:08:29","modified_gmt":"2023-06-30T12:08:29","slug":"pobreza-y-crisis-climatica","status":"publish","type":"post","link":"https:\/\/miradordeatarfe.es\/?p=62515","title":{"rendered":"Pobreza y crisis clim\u00e1tica"},"content":{"rendered":"<h3>La cumbre de Par\u00eds defrauda al no ofrecer soluciones concretas a los pa\u00edses m\u00e1s pobres para financiar la transici\u00f3n clim\u00e1tica<\/h3>\n<p style=\"text-align: justify;\">Alrededor de 40 jefes de Estado y de Gobierno se han reunido en Par\u00eds, convocados por el presidente franc\u00e9s, Emmanuel Macron, en una cumbre para un nuevo pacto financiero global con el ambicioso objetivo de abordar la reforma de las instituciones multilaterales y adaptarlas a los nuevos retos econ\u00f3micos, financieros y clim\u00e1ticos. La evidencia cient\u00edfica demuestra que la emergencia clim\u00e1tica no se puede atajar con inversiones millonarias \u00fanicamente en los pa\u00edses ricos, sino que debe plantearse a escala global. Muchos pa\u00edses emergentes no est\u00e1n en condiciones de abordar las inversiones necesarias para hacer frente a la transici\u00f3n energ\u00e9tica, pero incluso cuando se lo plantean el precio que les exige el mercado es tan elevado que los proyectos se vuelven inviables, con costes incluso superiores a los que pagan los pa\u00edses ricos. Y es ah\u00ed donde indudablemente los organismos multilaterales pueden tener un importante papel: los pa\u00edses menos desarrollados son los menos responsables de la crisis clim\u00e1tica.<\/p>\n<p style=\"text-align: justify;\">Pese a que el encuentro se cerr\u00f3 sin un compromiso concreto sobre la financiaci\u00f3n de esos costes, a trav\u00e9s de nuevos impuestos sobre el transporte, la aviaci\u00f3n o la riqueza, s\u00ed ha habido algunos avances. El Fondo Monetario Internacional (FMI) asegura estar en disposici\u00f3n de ofrecer 100.000 millones de d\u00f3lares en financiaci\u00f3n a los pa\u00edses emergentes. El Banco Mundial ha propuesto incluir en sus nuevos pr\u00e9stamos una cl\u00e1usula que permita suspender temporalmente el pago de la deuda de aquellos pa\u00edses afectados por desastres de origen clim\u00e1tico, una condici\u00f3n que el Reino Unido, Francia y Estados Unidos han prometido incorporar a sus pr\u00e9stamos bilaterales.<\/p>\n<p style=\"text-align: justify;\">Con todo, los avances parecen escasos ante la magnitud del problema. Al menos 52 pa\u00edses tienen problemas para pagar su deuda y son muchos los mandatarios que han pedido una quita para poder hacer frente a los retos clim\u00e1ticos. Los datos corroboran la urgencia. Un estudio de Naciones Unidas constata que la esperanza de vida se est\u00e1 reduciendo a escala global como consecuencia de la pandemia de la covid-19, el impacto de la crisis de deuda que afecta a los pa\u00edses emergentes y el aumento de las temperaturas. Los pa\u00edses que afrontan una crisis de deuda y tardan m\u00e1s de tres a\u00f1os en resolverla ven c\u00f3mo en la siguiente d\u00e9cada se dispara la mortalidad infantil hasta un 11,4% por encima de la media.<\/p>\n<p style=\"text-align: justify;\">La cumbre de Par\u00eds cree haber sentado las bases para abordar la financiaci\u00f3n clim\u00e1tica en todas las reuniones multilaterales de los pr\u00f3ximos meses \u2014G-20, G-7, reuniones del FMI y del Banco Mundial\u2014, con el objetivo de plantear medidas espec\u00edficas en una nueva cumbre que se celebrar\u00e1 en septiembre de 2024. El objetivo es alumbrar un compromiso con el que refundar las relaciones Norte-Sur y las bases del actual modelo econ\u00f3mico. En plena crisis financiera, hace 15 a\u00f1os, muchas voces plantearon la necesidad de refundar el capitalismo, pero nada se ha avanzado desde entonces pese a la constataci\u00f3n generalizada de que el actual modelo de financiaci\u00f3n y desarrollo no funciona.<\/p>\n<p>EL PAIS EDITORIAL<\/p>\n<p>FOTO: Thomas Hafeneth | Unsplash<\/p>\n","protected":false},"excerpt":{"rendered":"<p>La cumbre de Par\u00eds defrauda al no ofrecer soluciones concretas a los pa\u00edses m\u00e1s pobres&#8230;<\/p>\n","protected":false},"author":1,"featured_media":62516,"comment_status":"closed","ping_status":"closed","sticky":false,"template":"","format":"standard","meta":{"_coblocks_attr":"","_coblocks_dimensions":"","_coblocks_responsive_height":"","_coblocks_accordion_ie_support":"","jetpack_post_was_ever_published":false,"_jetpack_newsletter_access":"","_jetpack_dont_email_post_to_subs":false,"_jetpack_newsletter_tier_id":0,"_jetpack_memberships_contains_paywalled_content":false,"_jetpack_memberships_contains_paid_content":false,"footnotes":"","jetpack_publicize_message":"","jetpack_publicize_feature_enabled":true,"jetpack_social_post_already_shared":false,"jetpack_social_options":{"image_generator_settings":{"template":"highway","default_image_id":0,"enabled":false},"version":2}},"categories":[1161,9,44,15],"tags":[271,49],"class_list":["post-62515","post","type-post","status-publish","format-standard","has-post-thumbnail","hentry","category-ciudadania","category-medio-ambiente","category-noticias-de-hoy","category-ultimas-noticias","tag-cambio-climatico","tag-pobreza"],"jetpack_publicize_connections":[],"jetpack_featured_media_url":"https:\/\/i0.wp.com\/miradordeatarfe.es\/wp-content\/uploads\/2023\/06\/POBRE.webp?fit=640%2C320&ssl=1","jetpack_likes_enabled":true,"jetpack_sharing_enabled":true,"_links":{"self":[{"href":"https:\/\/miradordeatarfe.es\/index.php?rest_route=\/wp\/v2\/posts\/62515","targetHints":{"allow":["GET"]}}],"collection":[{"href":"https:\/\/miradordeatarfe.es\/index.php?rest_route=\/wp\/v2\/posts"}],"about":[{"href":"https:\/\/miradordeatarfe.es\/index.php?rest_route=\/wp\/v2\/types\/post"}],"author":[{"embeddable":true,"href":"https:\/\/miradordeatarfe.es\/index.php?rest_route=\/wp\/v2\/users\/1"}],"replies":[{"embeddable":true,"href":"https:\/\/miradordeatarfe.es\/index.php?rest_route=%2Fwp%2Fv2%2Fcomments&post=62515"}],"version-history":[{"count":1,"href":"https:\/\/miradordeatarfe.es\/index.php?rest_route=\/wp\/v2\/posts\/62515\/revisions"}],"predecessor-version":[{"id":62517,"href":"https:\/\/miradordeatarfe.es\/index.php?rest_route=\/wp\/v2\/posts\/62515\/revisions\/62517"}],"wp:featuredmedia":[{"embeddable":true,"href":"https:\/\/miradordeatarfe.es\/index.php?rest_route=\/wp\/v2\/media\/62516"}],"wp:attachment":[{"href":"https:\/\/miradordeatarfe.es\/index.php?rest_route=%2Fwp%2Fv2%2Fmedia&parent=62515"}],"wp:term":[{"taxonomy":"category","embeddable":true,"href":"https:\/\/miradordeatarfe.es\/index.php?rest_route=%2Fwp%2Fv2%2Fcategories&post=62515"},{"taxonomy":"post_tag","embeddable":true,"href":"https:\/\/miradordeatarfe.es\/index.php?rest_route=%2Fwp%2Fv2%2Ftags&post=62515"}],"curies":[{"name":"wp","href":"https:\/\/api.w.org\/{rel}","templated":true}]}}