{"id":62518,"date":"2023-06-29T09:37:17","date_gmt":"2023-06-29T07:37:17","guid":{"rendered":"https:\/\/miradordeatarfe.es\/?p=62518"},"modified":"2023-06-26T17:59:57","modified_gmt":"2023-06-26T15:59:57","slug":"optimizar-el-tiempo-de-trabajo","status":"publish","type":"post","link":"https:\/\/miradordeatarfe.es\/?p=62518","title":{"rendered":"Optimizar el tiempo de trabajo"},"content":{"rendered":"<h3 style=\"text-align: justify;\">Los espa\u00f1oles figuran entre los europeos que m\u00e1s horas dedican a trabajar sin que haya mejorado la productividad<\/h3>\n<p style=\"text-align: justify;\">Espa\u00f1a arrastra una inercia en la forma de organizar el trabajo que repercute negativamente sobre toda la organizaci\u00f3n social y tambi\u00e9n sobre la vida de los empleados, especialmente aquellos que ejercen tareas de cuidado, que son mayoritariamente las mujeres. Con una media de<strong> 36,4 horas a la semana de trabajo, los espa\u00f1oles figuran entre los que m\u00e1s tiempo le dedican<\/strong>, pero son al mismo tiempo<strong> los que tienen una productividad m\u00e1s baja<\/strong>. Eso significa que el tejido productivo no ha sido capaz de aprovechar las innovaciones tecnol\u00f3gicas para mejorar el rendimiento y ganar tiempo para la vida privada.<\/p>\n<p style=\"text-align: justify;\">Entre las causas de este desajuste figuran <em>inercias organizativas y culturales<\/em> que se remontan al franquismo, <em>como las dos horas de descanso al mediod\u00eda<\/em>. En alg\u00fan tiempo pudo justificarse por razones clim\u00e1ticas, pero en realidad serv\u00eda para facilitar la alta tasa de pluriempleo, o la cultura del presencialismo, que valora m\u00e1s la permanencia en el lugar del trabajo que la productividad, lo que tambi\u00e9n perjudica en mayor proporci\u00f3n a las mujeres. Este patr\u00f3n ha consolidado una jornada laboral muy expandida con interrupciones que dificultan el rendimiento, lo que tiene consecuencias en cascada: comidas excesivamente copiosas que parten la jornada, trabajadores que prolongan la jornada m\u00e1s all\u00e1 de las seis de la tarde (obligando a otros a hacerlo tambi\u00e9n), y una falta cr\u00f3nica de tiempo para la vida familiar y para el ocio, adem\u00e1s de retrasar y acortar el descanso. No es casualidad que los espa\u00f1oles figuren entre los europeos que menos duermen.<\/p>\n<p style=\"text-align: justify;\">El hecho de que la econom\u00eda espa\u00f1ola dependa tanto del turismo condiciona no solo la organizaci\u00f3n del trabajo, sino los tiempos de ocio de buena parte del pa\u00eds. La combinaci\u00f3n de salarios bajos y largas jornadas laborales es la causa de que las empresas tur\u00edsticas tengan cada vez m\u00e1s dificultades para encontrar personal. Muchos trabajadores, y no solo del sector tur\u00edstico, se ven abocados a trabajar m\u00e1s horas de las que figuran en sus contratos sin recibir compensaci\u00f3n, hasta el punto de que el 49% de las horas extra que se realizan no se abonan.<\/p>\n<p style=\"text-align: justify;\">A todo ello hay que a\u00f1adir nuevos factores de distorsi\u00f3n como la econom\u00eda de las plataformas, que instaura la cultura de que cualquier bien que se precise ha de ser asequible y servido a cualquier hora, lo que implica servicios abiertos las 24 horas del d\u00eda. Por otra parte, la externalizaci\u00f3n de una parte de los procesos de producci\u00f3n ha hecho crecer tambi\u00e9n el porcentaje de trabajadores que trabajan por cuenta propia, en un r\u00e9gimen de competitividad extrema en el que no solo han de afrontar los costes de su protecci\u00f3n social, sino tambi\u00e9n ritmos de trabajo cada vez m\u00e1s extenuantes. Este sistema, antes limitado a las profesiones liberales, se ha ampliado ahora a muchas tareas que hasta hace poco se hac\u00edan por cuenta ajena. En estos casos ni siquiera puede hablarse de jornada laboral, sino de un r\u00e9gimen de autoexigencia que solo tiene como l\u00edmite la capacidad de resistencia del trabajador.<\/p>\n<p style=\"text-align: justify;\">El resultado de todo ello es que los espa\u00f1oles tambi\u00e9n figuran entre los europeos m\u00e1s insatisfechos con su vida laboral, y el pa\u00eds en su conjunto paga un alto precio en t\u00e9rminos de salud mental, absentismo laboral y malestar general. Regular mejor los tiempos de trabajo deber\u00eda ser parte de la agenda pol\u00edtica de la pr\u00f3xima legislatura para romper del todo con inercias heredadas de otros tiempos.<\/p>\n<p>OPINI\u00d3N EL PAIS<\/p>\n<p>FOTO: Una camarera ficha en su trabajo en San Sebasti\u00e1n.<span class=\"a_m_m\">Juan Herrero (EFE)<\/span><\/p>\n<p>https:\/\/elpais.com\/opinion\/2023-06-26\/optimizar-el-tiempo-de-trabajo.html<\/p>\n","protected":false},"excerpt":{"rendered":"<p>Los espa\u00f1oles figuran entre los europeos que m\u00e1s horas dedican a trabajar sin que haya&#8230;<\/p>\n","protected":false},"author":1,"featured_media":62519,"comment_status":"closed","ping_status":"closed","sticky":false,"template":"","format":"standard","meta":{"_coblocks_attr":"","_coblocks_dimensions":"","_coblocks_responsive_height":"","_coblocks_accordion_ie_support":"","jetpack_post_was_ever_published":false,"_jetpack_newsletter_access":"","_jetpack_dont_email_post_to_subs":false,"_jetpack_newsletter_tier_id":0,"_jetpack_memberships_contains_paywalled_content":false,"_jetpack_memberships_contains_paid_content":false,"footnotes":"","jetpack_publicize_message":"","jetpack_publicize_feature_enabled":true,"jetpack_social_post_already_shared":false,"jetpack_social_options":{"image_generator_settings":{"template":"highway","default_image_id":0,"enabled":false},"version":2}},"categories":[1161,44,7671,6937,15],"tags":[8317,3014],"class_list":["post-62518","post","type-post","status-publish","format-standard","has-post-thumbnail","hentry","category-ciudadania","category-noticias-de-hoy","category-politica","category-sociedad","category-ultimas-noticias","tag-horas-de-trabajo","tag-productividad"],"jetpack_publicize_connections":[],"jetpack_featured_media_url":"https:\/\/i0.wp.com\/miradordeatarfe.es\/wp-content\/uploads\/2023\/06\/Screenshot-2023-06-26-at-17-48-49-Optimizar-el-tiempo-de-trabajo.png?fit=501%2C321&ssl=1","jetpack_likes_enabled":true,"jetpack_sharing_enabled":true,"_links":{"self":[{"href":"https:\/\/miradordeatarfe.es\/index.php?rest_route=\/wp\/v2\/posts\/62518","targetHints":{"allow":["GET"]}}],"collection":[{"href":"https:\/\/miradordeatarfe.es\/index.php?rest_route=\/wp\/v2\/posts"}],"about":[{"href":"https:\/\/miradordeatarfe.es\/index.php?rest_route=\/wp\/v2\/types\/post"}],"author":[{"embeddable":true,"href":"https:\/\/miradordeatarfe.es\/index.php?rest_route=\/wp\/v2\/users\/1"}],"replies":[{"embeddable":true,"href":"https:\/\/miradordeatarfe.es\/index.php?rest_route=%2Fwp%2Fv2%2Fcomments&post=62518"}],"version-history":[{"count":1,"href":"https:\/\/miradordeatarfe.es\/index.php?rest_route=\/wp\/v2\/posts\/62518\/revisions"}],"predecessor-version":[{"id":62520,"href":"https:\/\/miradordeatarfe.es\/index.php?rest_route=\/wp\/v2\/posts\/62518\/revisions\/62520"}],"wp:featuredmedia":[{"embeddable":true,"href":"https:\/\/miradordeatarfe.es\/index.php?rest_route=\/wp\/v2\/media\/62519"}],"wp:attachment":[{"href":"https:\/\/miradordeatarfe.es\/index.php?rest_route=%2Fwp%2Fv2%2Fmedia&parent=62518"}],"wp:term":[{"taxonomy":"category","embeddable":true,"href":"https:\/\/miradordeatarfe.es\/index.php?rest_route=%2Fwp%2Fv2%2Fcategories&post=62518"},{"taxonomy":"post_tag","embeddable":true,"href":"https:\/\/miradordeatarfe.es\/index.php?rest_route=%2Fwp%2Fv2%2Ftags&post=62518"}],"curies":[{"name":"wp","href":"https:\/\/api.w.org\/{rel}","templated":true}]}}