{"id":62521,"date":"2023-06-30T09:32:34","date_gmt":"2023-06-30T07:32:34","guid":{"rendered":"https:\/\/miradordeatarfe.es\/?p=62521"},"modified":"2023-10-19T21:42:15","modified_gmt":"2023-10-19T19:42:15","slug":"un-proyecto-almeriense-recrea-la-ceramica-de-al-andalus-como-en-el-siglo-ix","status":"publish","type":"post","link":"https:\/\/miradordeatarfe.es\/?p=62521","title":{"rendered":"Un proyecto almeriense recrea la cer\u00e1mica de Al-\u00c1ndalus como en el siglo IX"},"content":{"rendered":"<h2 class=\"pb-2 mt-5 mb-4 sm:mb-12 font-sans font-light text-[18px] leading-[21px] text-dove-gray-500 text-center\" style=\"text-align: justify;\">Los hornos \u00e1rabes de Los Puntas se encendieron tras 20 a\u00f1os para cocer los objetos elegidos<\/h2>\n<p style=\"text-align: justify;\">Los primeros restos de cer\u00e1mica vidriada andalus\u00ed hallados en Europa<b> se encontraron en Pechina y datan del siglo IX<\/b>. Son el testimonio de que, hace m\u00e1s de diez siglos, la t\u00e9cnica de esta elaboraci\u00f3n hab\u00edan llegado a tierras almerienses, muy probablemente, desde el entonces a\u00fan m\u00e1s \u2018lejano\u2019 Oriente.<\/p>\n<p>Para este fin, los habitantes del lugar habr\u00edan tenido que adaptar las t\u00e9cnicas, por ejemplo, a los recursos naturales de la zona de cara a<b> procesos como el encendido de los hornos.<\/b> Ese proceso y ese resultado, la preciosa cer\u00e1mica vidriada andalus\u00ed, es lo que ahora pretende recrear un proyecto de investigaci\u00f3n en el que participa la Universidad de Almer\u00eda (UAL) con la colaboraci\u00f3n de otros agentes como la Alfarer\u00eda de \u2018Los Puntas\u2019, en Albox. <\/p>\n<p>Una colaboraci\u00f3n que ha dado como resultado otro hecho hist\u00f3rico, como ha sido<b> el encendido de sus hornos \u00e1rabes <\/b>veinte a\u00f1os despu\u00e9s de que dejaran de usarse por los avances en la transformaci\u00f3n de arcilla.<\/p>\n<p style=\"text-align: justify;\"><strong><span class=\"text_destacado\">Encendido<\/span><\/strong> <br \/>\nFue el 3 de junio cuando las chimeneas de los hornos<b> volvieron a lanzar su caracter\u00edstico humo negro<\/b> mientras en su interior ten\u00eda lugar otro acontecimiento hist\u00f3rico, como es la cocci\u00f3n en busca de una cer\u00e1mica vidriada lo m\u00e1s fiel posible a la elaborada durante el dominio musulm\u00e1n. Sobre el origen del proyecto, Luis Alfonso Fern\u00e1ndez, \u2018el Puntas\u2019, recuerda que \u201cdesde la UAL, Elena Salinas, que lidera este proyecto, contact\u00f3 conmigo a primeros de a\u00f1o para mostr\u00e1rmelo\u201d y para comunicarle que \u201cnecesitaban un horno \u00e1rabe\u201d. <\/p>\n<p>El objetivo era utilizar \u201cla receta original\u201d bajo la que<b> se elaboraba esta cer\u00e1mica vidriada<\/b> pero no s\u00f3lo eso. Tambi\u00e9n reproducir con la mayor fidelidad posible la cocci\u00f3n y registrar otros numerosos aspectos. \u201cEl tipo de horno, c\u00f3mo se coc\u00eda, c\u00f3mo determinaban la temperatura o c\u00f3mo sab\u00edan que el vidrio ya hab\u00eda cambiado su estructura y se hab\u00eda convertido en transparente\u201d, detalla. Es decir, se trata de recrear las t\u00e9cnicas utilizadas desde cero y hasta el final del proceso. <\/p>\n<p>Para ello, aprovechar \u201cel \u00fanico horno \u00e1rabe a\u00fan en condiciones y viables\u201d en la provincia era algo indispensable. Este paso tambi\u00e9n requiri\u00f3 preparaci\u00f3n, ya que no se utilizaban desde hace dos d\u00e9cadas, por lo que tuvieron que<b> ser acondicionados y esto tambi\u00e9n se hizo con gran fidelidad<\/b>, utilizando materiales cercanos a la propia alfarer\u00eda.<\/p>\n<p>Al igual que para la restauraci\u00f3n de parte de los hornos \u00e1rabes, para el proceso de cocci\u00f3n se tuvieron que tramitar<b> permisos que lustros atr\u00e1s estaban lejos de formar parte<\/b> de la burocracia diaria de los alfareros. <\/p>\n<p>\u201cEse vidriado originalmente se hac\u00eda con una <b>mezcla entre plomo y s\u00edlice.<\/b> Ahora el plomo est\u00e1 totalmente prohibido, por lo que ha habido que pedir permisos excepcionales para usarlo, tambi\u00e9n para coger la le\u00f1a, la retama\u2026\u201d, enumera Luis Alfonso Fern\u00e1ndez. Materiales que se han recogido del entorno de la propia alfarer\u00eda y de la zona donde tuvo lugar la cocci\u00f3n dentro de esta investigaci\u00f3n.<\/p>\n<p style=\"text-align: justify;\"><span class=\"text_destacado\">Resultados <\/span><br \/>\nAs\u00ed lleg\u00f3 el momento de la cocci\u00f3n, que dur\u00f3 alrededor de 14 horas y en cuyo proceso se han estudiado factores como la <b>temperatura o la emisi\u00f3n de CO2. <\/b>Varias investigadoras de la Universidad de Barcelona (Judit Molera y Trintat Padell) monitorizaron el proceso para estudiar los resultados y sacar conclusiones. Algunas ya se pueden adelantar, como la que indica que \u201cel nivel de CO2 a pesar de la humareda es bastante bajo para el volumen de combustible. Al principio eran niveles altos pero pasados los 300 grados el nivel de CO2 baja\u201d. <\/p>\n<p>Por supuesto, para la quema se utilizaron <b>materiales que eran frecuentes<\/b> cuando esos hornos estaban en uso, como la retama. Pese a que a\u00fan se estudian los resultados, lo que s\u00ed fue visible despu\u00e9s de la cocci\u00f3n fue el aspecto de los objetos introducidos en los hornos, entre otros reproducciones en barro de objetos del siglo IX, adem\u00e1s de platos o fuentes de los que siempre se han realizado en Albox y piezas de alfareros de Sorbas, de N\u00edjar y Alhabia, que tambi\u00e9n han colaborado con este proyecto adem\u00e1s de otros llegados desde Lanzarote, como Tino y Juan Brito.<\/p>\n<p style=\"text-align: justify;\">\nSe trata de la primera vez que se intentan reproducir estos objetos de \u2018hantam\u2019 (nombre que recib\u00eda este vidriado y que ha servido tambi\u00e9n para denominar al proyecto) tal y como se hicieron en el siglo IX. El color y la belleza de lo que se extrajo del horno habla por s\u00ed solo. Ahora solo resta esperar los resultados del resto de <b>factores que se midieron en esas hist\u00f3ricas catorce horas.<\/p>\n<p><\/b><\/p>\n<div class=\"news-replacement\" style=\"text-align: justify;\"><iframe loading=\"lazy\" src=\"https:\/\/cadenaser.com\/embed\/audio\/460\/1687191901828\/\" width=\"150%\" height=\"375\" frameborder=\"0\" allowfullscreen=\"allowfullscreen\" data-mce-fragment=\"1\"><\/iframe><\/div>\n<p>&nbsp;<\/p>\n<p><strong>Guillermo Mir\u00f3n<\/strong><\/p>\n<p>https:\/\/www.lavozdealmeria.com\/noticia\/3\/provincia\/258709\/un-proyecto-almeriense-recrea-la-ceramica-de-al-andalus-como-en-el-siglo-ix?fbclid=IwAR1y6PJKcr_nAjap23yTMhxvdLYccJQcvCtDx5qMyxqyJoyDeuzp5-mZPGk<\/p>\n","protected":false},"excerpt":{"rendered":"<p>Los hornos \u00e1rabes de Los Puntas se encendieron tras 20 a\u00f1os para cocer los objetos&#8230;<\/p>\n","protected":false},"author":1,"featured_media":62523,"comment_status":"closed","ping_status":"closed","sticky":false,"template":"","format":"standard","meta":{"_coblocks_attr":"","_coblocks_dimensions":"","_coblocks_responsive_height":"","_coblocks_accordion_ie_support":"","jetpack_post_was_ever_published":false,"_jetpack_newsletter_access":"","_jetpack_dont_email_post_to_subs":false,"_jetpack_newsletter_tier_id":0,"_jetpack_memberships_contains_paywalled_content":false,"_jetpack_memberships_contains_paid_content":false,"footnotes":"","jetpack_publicize_message":"","jetpack_publicize_feature_enabled":true,"jetpack_social_post_already_shared":false,"jetpack_social_options":{"image_generator_settings":{"template":"highway","default_image_id":0,"enabled":false},"version":2}},"categories":[5359],"tags":[10532,10531],"class_list":["post-62521","post","type-post","status-publish","format-standard","has-post-thumbnail","hentry","category-madinat-ilbira","tag-ceramica-vidriada","tag-horno-arabes"],"jetpack_publicize_connections":[],"jetpack_featured_media_url":"https:\/\/i0.wp.com\/miradordeatarfe.es\/wp-content\/uploads\/2023\/06\/Screenshot-2023-06-26-at-18-33-38-Un-proyecto-almeriense-recrea-la-ceramica-de-Al-Andalus-tal-y-como-se-hacia-en-el-siglo-IX.png?fit=708%2C362&ssl=1","jetpack_likes_enabled":true,"jetpack_sharing_enabled":true,"_links":{"self":[{"href":"https:\/\/miradordeatarfe.es\/index.php?rest_route=\/wp\/v2\/posts\/62521","targetHints":{"allow":["GET"]}}],"collection":[{"href":"https:\/\/miradordeatarfe.es\/index.php?rest_route=\/wp\/v2\/posts"}],"about":[{"href":"https:\/\/miradordeatarfe.es\/index.php?rest_route=\/wp\/v2\/types\/post"}],"author":[{"embeddable":true,"href":"https:\/\/miradordeatarfe.es\/index.php?rest_route=\/wp\/v2\/users\/1"}],"replies":[{"embeddable":true,"href":"https:\/\/miradordeatarfe.es\/index.php?rest_route=%2Fwp%2Fv2%2Fcomments&post=62521"}],"version-history":[{"count":1,"href":"https:\/\/miradordeatarfe.es\/index.php?rest_route=\/wp\/v2\/posts\/62521\/revisions"}],"predecessor-version":[{"id":62522,"href":"https:\/\/miradordeatarfe.es\/index.php?rest_route=\/wp\/v2\/posts\/62521\/revisions\/62522"}],"wp:featuredmedia":[{"embeddable":true,"href":"https:\/\/miradordeatarfe.es\/index.php?rest_route=\/wp\/v2\/media\/62523"}],"wp:attachment":[{"href":"https:\/\/miradordeatarfe.es\/index.php?rest_route=%2Fwp%2Fv2%2Fmedia&parent=62521"}],"wp:term":[{"taxonomy":"category","embeddable":true,"href":"https:\/\/miradordeatarfe.es\/index.php?rest_route=%2Fwp%2Fv2%2Fcategories&post=62521"},{"taxonomy":"post_tag","embeddable":true,"href":"https:\/\/miradordeatarfe.es\/index.php?rest_route=%2Fwp%2Fv2%2Ftags&post=62521"}],"curies":[{"name":"wp","href":"https:\/\/api.w.org\/{rel}","templated":true}]}}