{"id":62534,"date":"2023-07-01T09:27:30","date_gmt":"2023-07-01T07:27:30","guid":{"rendered":"https:\/\/miradordeatarfe.es\/?p=62534"},"modified":"2023-06-27T12:05:39","modified_gmt":"2023-06-27T10:05:39","slug":"entrevista-con-a-mastroianni-este-psicologo-te-explica-por-que-crees-que-el-pasado-fue-mejor-pero-te-equivocas","status":"publish","type":"post","link":"https:\/\/miradordeatarfe.es\/?p=62534","title":{"rendered":"ENTREVISTA CON A. MASTROIANNI: Este psic\u00f3logo te explica por qu\u00e9 crees que el pasado fue mejor (pero te equivocas)"},"content":{"rendered":"<div class=\"innerArticle__opening landscapePhotoRight\">\n<header class=\"landscapePhotoRight__titleSide\">\n<h3 class=\"landscapePhotoRight__subTitle\" style=\"text-align: justify;\">En un trabajo reci\u00e9n publicado en &#8216;Nature&#8217;, el investigador muestra que es mentira que se haya producido un declive moral. Tan solo es nuestra memoria la que nos enga\u00f1a<\/h3>\n<\/header>\n<div class=\"landscapePhotoRight__photoSide\" style=\"text-align: justify;\">\u00a0<\/div>\n<\/div>\n<div class=\"articleHeaderBar innerArticle__bar\" style=\"text-align: justify;\">\n<aside class=\"articleHeaderBar__sectionShare\">\n<div class=\"shareBar \">\u00a0<\/div>\n<\/aside>\n<\/div>\n<div class=\"newsType__content news-body-complete \" style=\"text-align: justify;\">\n<p data-mrf-recirculation=\"links-parrafos\">\u00abAntes pod\u00edamos dejar la puerta abierta de casa <b>sin miedo<\/b>\u00ab. Es probable que usted haya escuchado esta frase, o que la haya pronunciado. En lo que tal vez no haya reparado es que lleva circulando mucho m\u00e1s tiempo del que cree, mucho antes de la <a href=\"https:\/\/www.elconfidencial.com\/tags\/temas\/okupas-16577\/\" target=\"_self\" data-mrf-link=\"https:\/\/www.elconfidencial.com\/tags\/temas\/okupas-16577\/\" rel=\"noopener\">alerta Okupa<\/a>, y que no solo se dice en Espa\u00f1a. La c\u00e9lebre sentencia puede o\u00edrse en las calles de Brasil, Rusia o Angola, pa\u00edses que tienen en com\u00fan que su poblaci\u00f3n considera que la decadencia moral de sus ciudadanos es un problema relativamente grave.<\/p>\n<p data-mrf-recirculation=\"links-parrafos\">Quien tambi\u00e9n se hart\u00f3 a escuchar la frase o equivalentes como \u00abantes se pod\u00eda confiar en los dem\u00e1s\u00bb o \u00abla gente ya no se preocupa por el resto\u00bb fue el psic\u00f3logo experimental y responsable del blog <i><a href=\"https:\/\/www.experimental-history.com\/\" target=\"_blank\" rel=\"nofollow noopener\" data-mrf-link=\"https:\/\/www.experimental-history.com\/\">Experimental History<\/a><\/i> <b>Adam Mastroianni<\/b>, que decidi\u00f3 investigar con los datos disponibles de las \u00faltimas d\u00e9cadas si de verdad se estaba produciendo esa decadencia moral que anuncian los profetas del apocalipsis. Sus conclusiones son sencillas. \u00bfCree la mayor\u00eda de gente en todos los pa\u00edses que somos peores? <b>S\u00ed.<\/b> \u00bfTienen raz\u00f3n? <b>\u00abCasi seguro que no\u00bb<\/b>, explica a El Confidencial.<\/p>\n<p class=\"bodyObject bodyBlockquote\" data-mrf-recirculation=\"links-parrafos\">Da igual que nos cri\u00e1semos en democracia o en una dictadura, idealizamos el pasado<\/p>\n<p data-mrf-recirculation=\"links-parrafos\">Para responder a esas preguntas, Mastroianni analiz\u00f3 junto a su compa\u00f1ero<b> Dan Gilbert<\/b> las respuestas que alrededor de 12 millones de personas hab\u00edan dado en encuestas sobre moralidad durante las \u00faltimas d\u00e9cadas, de 1956 a 2017. El resultado acaba de ser publicado en la revista <i><a href=\"https:\/\/www.nature.com\/articles\/s41586-023-06137-x\" target=\"_blank\" rel=\"nofollow noopener\" data-mrf-link=\"https:\/\/www.nature.com\/articles\/s41586-023-06137-x\">Nature<\/a><\/i>. Si bien la mayor\u00eda de gente considera que nuestros principios morales han empeorado, las respuestas sobre el presente no han cambiado demasiado. Es decir, si le pregunt\u00e1semos a alguien hace 40 a\u00f1os si su vecino es agradable o les ayuda, la respuesta ser\u00eda muy similar a la que dar\u00eda hoy. Lo cual quiere decir que nuestro problema no son los dem\u00e1s sino nuestra manera de recordar el pasado, lo que llaman <b>\u00abla ilusi\u00f3n del declive moral\u00bb<\/b>.<\/p>\n<div id=\"ph-amazon-kindle\" class=\"ph-affiliates-container svelte-wi0vjc\" data-mrf-recirculation=\"streaming_module_affiliation\">\n<div class=\"ph-affiliates-element svelte-wi0vjc\">\n<div class=\"ph-title-wrapper svelte-wi0vjc\">\u00a0<\/div>\n<\/div>\n<\/div>\n<\/div>\n<p style=\"text-align: justify;\" data-mrf-recirculation=\"links-parrafos\">\u00abSospech\u00e1bamos que era algo que la gente cre\u00eda y en lo que seguramente estaba equivocada, y es un problema, porque si pedimos al gobierno que revierta <b>una tendencia imaginaria<\/b>, deber\u00edamos poder decirles que no es un problema real\u00bb, explica el investigador. Esta idealizaci\u00f3n del pasado ocurre en toda clase de sociedades, y no tiene relaci\u00f3n con la historia reciente de cada pa\u00eds. Da igual que uno se haya criado en una <a href=\"https:\/\/www.elconfidencial.com\/tags\/otros\/dictadura-11601\/\" target=\"_self\" data-mrf-link=\"https:\/\/www.elconfidencial.com\/tags\/otros\/dictadura-11601\/\" rel=\"noopener\">dictadura<\/a> o en democracia, lo m\u00e1s probable es que tienda a pensar que en el pasado la gente era mejor.<\/p>\n<figure class=\"bodyObject bodyImage__wrapper bodyImage__wrapper--landscape\" style=\"text-align: justify;\">\n<div class=\"lqip lqip--landscapeWide\"><img data-recalc-dims=\"1\" decoding=\"async\" class=\"lqip__placeholder\" src=\"https:\/\/i0.wp.com\/images.ecestaticos.com\/w3JY5COcJkjyzrwmDfPIRA65ecc%3D\/0x0%3A2271x1577\/32x18\/filters%3Afill%28white%29%3Aformat%28jpg%29\/f.elconfidencial.com%2Foriginal%2F720%2Fbab%2Fb08%2F720babb086143dbe07d71b2136bb4f87.jpg?w=640&#038;ssl=1\" alt=\"placeholder\" \/> <img data-recalc-dims=\"1\" decoding=\"async\" class=\"bodyImage lqip__original alignright\" src=\"https:\/\/i0.wp.com\/images.ecestaticos.com\/w3JY5COcJkjyzrwmDfPIRA65ecc%3D\/0x0%3A2271x1577\/32x18\/filters%3Afill%28white%29%3Aformat%28jpg%29\/f.elconfidencial.com%2Foriginal%2F720%2Fbab%2Fb08%2F720babb086143dbe07d71b2136bb4f87.jpg?w=640&#038;ssl=1\" sizes=\" (min-width: 996px) 640px, (min-width: 768px) 50.65vw, calc(100vw - 32px)\" srcset=\" https:\/\/images.ecestaticos.com\/dO4B3dSEKHhZjdt-EPuoj-XQP6Y=\/0x0:2271x1577\/1440x810\/filters:fill(white):format(jpg)\/f.elconfidencial.com%2Foriginal%2F720%2Fbab%2Fb08%2F720babb086143dbe07d71b2136bb4f87.jpg 1440w, https:\/\/images.ecestaticos.com\/0Ya5FiRDKyLRkWri-QzstrlCyFQ=\/0x0:2271x1577\/1200x675\/filters:fill(white):format(jpg)\/f.elconfidencial.com%2Foriginal%2F720%2Fbab%2Fb08%2F720babb086143dbe07d71b2136bb4f87.jpg 1200w, https:\/\/images.ecestaticos.com\/4nywd9YD0E9KeD3VfRa_4lK3zMA=\/0x0:2271x1577\/996x560\/filters:fill(white):format(jpg)\/f.elconfidencial.com%2Foriginal%2F720%2Fbab%2Fb08%2F720babb086143dbe07d71b2136bb4f87.jpg 996w, https:\/\/images.ecestaticos.com\/9CUKYZ2DiQ_xKSSs0DtOAoKrjfs=\/0x0:2271x1577\/640x360\/filters:fill(white):format(jpg)\/f.elconfidencial.com%2Foriginal%2F720%2Fbab%2Fb08%2F720babb086143dbe07d71b2136bb4f87.jpg 640w, https:\/\/images.ecestaticos.com\/HrX2W5FJXJGxdOKWsicPiqiooI8=\/0x0:2271x1577\/390x219\/filters:fill(white):format(jpg)\/f.elconfidencial.com%2Foriginal%2F720%2Fbab%2Fb08%2F720babb086143dbe07d71b2136bb4f87.jpg 390w, https:\/\/images.ecestaticos.com\/jGKWSm0ZzZkT9EacYCOzHy-SqcA=\/0x0:2271x1577\/568x320\/filters:fill(white):format(jpg)\/f.elconfidencial.com%2Foriginal%2F720%2Fbab%2Fb08%2F720babb086143dbe07d71b2136bb4f87.jpg 568w, https:\/\/images.ecestaticos.com\/Qn0U45oC7HaqhHLkkF0FLXmHne4=\/0x0:2271x1577\/382x215\/filters:fill(white):format(jpg)\/f.elconfidencial.com%2Foriginal%2F720%2Fbab%2Fb08%2F720babb086143dbe07d71b2136bb4f87.jpg 382w, https:\/\/images.ecestaticos.com\/ylmdjl7awPGJiGUyGueDKg2ly7A=\/0x0:2271x1577\/328x185\/filters:fill(white):format(jpg)\/f.elconfidencial.com%2Foriginal%2F720%2Fbab%2Fb08%2F720babb086143dbe07d71b2136bb4f87.jpg 328w\" alt=\"&quot;Con Franco se viv\u00eda mejor&quot;. (EFE\/Javier Liz\u00f3n)\" \/><\/div><figcaption class=\"bodyImage__caption\">\u00abCon Franco se viv\u00eda mejor\u00bb. (EFE\/Javier Liz\u00f3n)<\/figcaption><\/figure>\n<p style=\"text-align: justify;\" data-mrf-recirculation=\"links-parrafos\">No es una percepci\u00f3n real, sino <b>un sesgo cognitivo (o dos) <\/b>que est\u00e1n alterando nuestra visi\u00f3n del mundo y, con ella, nuestras preferencias pol\u00edticas o nuestra forma de comportarnos d\u00eda a d\u00eda.<\/p>\n<h2 class=\"bodyTitle\" style=\"text-align: justify;\">El pasado es un lugar mitol\u00f3gico<\/h2>\n<p style=\"text-align: justify;\" data-mrf-recirculation=\"links-parrafos\">El primero de los sesgos que nos hacen pensar que la gente era peor antes es el de exposici\u00f3n: como la gente presta m\u00e1s atenci\u00f3n a los acontecimientos negativos (y los medios de comunicaci\u00f3n estamos encantados de serv\u00edrselos en bandeja), parece natural que consideremos el presente como <b>un lugar en el que reina el crimen, la insolidaridad y la violencia<\/b>. \u00abSi sangra, manda\u00bb (<i>if it bleeds, it leads<\/i>), recuerda Mastroianni en relaci\u00f3n al famoso principio period\u00edstico.<\/p>\n<p style=\"text-align: justify;\" data-mrf-recirculation=\"links-parrafos\">No se trata \u00fanicamente de la prensa. Si te encuentras con un conocido, lo m\u00e1s probable es que te cuente lo malo que le ha pasado a \u00e9l o a sus conocidos. El efecto \u00abal amigo de un amigo lo <a href=\"https:\/\/www.elconfidencial.com\/espana\/2022-08-27\/mapa-criminalidad-espana-delitos-suben-vigo_3480982\/\" target=\"_self\" data-mrf-link=\"https:\/\/www.elconfidencial.com\/espana\/2022-08-27\/mapa-criminalidad-espana-delitos-suben-vigo_3480982\/\" rel=\"noopener\">atracaron<\/a> el otro d\u00eda, cada d\u00eda estamos peor\u00bb. \u00abNos enteramos de las cosas malas que les ocurren o que hacen los dem\u00e1s\u00bb, recuerda el investigador. \u00ab<b>Cuentan mentiras. Roban. Se matan<\/b>. As\u00ed que el mundo parece un lugar peligroso\u00bb. Esto ocurre solo con los desconocidos. Cuando se pregunta a alguien por su entorno inmediato, familiares, amigos o compa\u00f1eros, estos siguen siendo tan buenos o mejores que antes. El infierno son los dem\u00e1s.<\/p>\n<p class=\"bodyObject bodyBlockquote\" style=\"text-align: justify;\" data-mrf-recirculation=\"links-parrafos\"><strong>\u00abPercibimos el presente con detalle y el pasado, como una caricatura\u00bb<\/strong><\/p>\n<p style=\"text-align: justify;\" data-mrf-recirculation=\"links-parrafos\">El segundo sesgo es el de la <b>memoria<\/b>. Si hacemos un seguimiento de las cosas que le ocurren a alguien y c\u00f3mo les hace sentir, al cabo de un tiempo tanto lo positivo como lo negativo se aten\u00faan, pero esto \u00faltimo lo hace mucho m\u00e1s r\u00e1pido. \u00abSi en tu d\u00eda te rechazan para bailar en la funci\u00f3n del colegio te puedes sentir muy mal, pero seguramente veinte a\u00f1os m\u00e1s tarde te har\u00e1 gracia\u00bb, explica Mastroianni. \u00abSi te cogieron, lo m\u00e1s probable es que te sintieras muy bien y d\u00e9cadas despu\u00e9s seguramente a\u00fan guardes un buen recuerdo\u00bb. Siendo proverbiales: no hay nada que el tiempo no cure.<\/p>\n<p style=\"text-align: justify;\" data-mrf-recirculation=\"links-parrafos\">El mejor ejemplo es el de la m\u00fasica. Aunque las encuestas suelen se\u00f1alar que la mayor\u00eda de la gente considera que los grandes artistas de hoy son tan buenos como los grandes artistas del pasado, tambi\u00e9n aseguran que la m\u00fasica antigua, especialmente en los sesenta y en los setenta, era mejor. La raz\u00f3n es que <b>hemos olvidado todos esos grupos olvidables <\/b>(valga la redundancia) que encabezaban las listas de \u00e9xitos y nos hemos quedado con lo mejor. \u00abCuando hoy miramos las listas, no sabemos qu\u00e9 m\u00fasica superar\u00e1 el paso del tiempo y cu\u00e1l no, mientras que pensamos que en el pasado todo eran los <b><a href=\"https:\/\/www.elconfidencial.com\/cultura\/2017-09-28\/rolling-stones-barcelona-veinte-escenas_1451041\/\" target=\"_self\" data-mrf-link=\"https:\/\/www.elconfidencial.com\/cultura\/2017-09-28\/rolling-stones-barcelona-veinte-escenas_1451041\/\" rel=\"noopener\">Rolling Stones<\/a>\u00ab<\/b>, recuerda. \u00abPercibimos el presente con detalle y el pasado, como una caricatura\u00bb.<\/p>\n<figure class=\"bodyObject bodyImage__wrapper bodyImage__wrapper--landscape\" style=\"text-align: justify;\">\n<div class=\"lqip lqip--landscapeWide\"><img data-recalc-dims=\"1\" decoding=\"async\" class=\"lqip__placeholder\" src=\"https:\/\/i0.wp.com\/images.ecestaticos.com\/oM6oiVGSjzO2MU2lOSrIez4ZGdo%3D\/0x0%3A2272x1515\/32x18\/filters%3Afill%28white%29%3Aformat%28jpg%29\/f.elconfidencial.com%2Foriginal%2F3f0%2F63f%2F257%2F3f063f257eff24ef0e532fde3a393ba9.jpg?w=640&#038;ssl=1\" alt=\"placeholder\" \/> <img data-recalc-dims=\"1\" decoding=\"async\" class=\"bodyImage lqip__original alignleft\" src=\"https:\/\/i0.wp.com\/images.ecestaticos.com\/oM6oiVGSjzO2MU2lOSrIez4ZGdo%3D\/0x0%3A2272x1515\/32x18\/filters%3Afill%28white%29%3Aformat%28jpg%29\/f.elconfidencial.com%2Foriginal%2F3f0%2F63f%2F257%2F3f063f257eff24ef0e532fde3a393ba9.jpg?w=640&#038;ssl=1\" sizes=\" (min-width: 996px) 640px, (min-width: 768px) 50.65vw, calc(100vw - 32px)\" srcset=\" https:\/\/images.ecestaticos.com\/jKymy2SsP7f2ykFsx70YzznOgK0=\/0x0:2272x1515\/1440x810\/filters:fill(white):format(jpg)\/f.elconfidencial.com%2Foriginal%2F3f0%2F63f%2F257%2F3f063f257eff24ef0e532fde3a393ba9.jpg 1440w, https:\/\/images.ecestaticos.com\/0Io09ePeAxuZLi3QuVqLiivDxqI=\/0x0:2272x1515\/1200x675\/filters:fill(white):format(jpg)\/f.elconfidencial.com%2Foriginal%2F3f0%2F63f%2F257%2F3f063f257eff24ef0e532fde3a393ba9.jpg 1200w, https:\/\/images.ecestaticos.com\/TyBWf_Sw1V4-kjuW_rZkZyeKbBM=\/0x0:2272x1515\/996x560\/filters:fill(white):format(jpg)\/f.elconfidencial.com%2Foriginal%2F3f0%2F63f%2F257%2F3f063f257eff24ef0e532fde3a393ba9.jpg 996w, https:\/\/images.ecestaticos.com\/sLAmHyA-Ioe1XASIFXqpuw30wQE=\/0x0:2272x1515\/640x360\/filters:fill(white):format(jpg)\/f.elconfidencial.com%2Foriginal%2F3f0%2F63f%2F257%2F3f063f257eff24ef0e532fde3a393ba9.jpg 640w, https:\/\/images.ecestaticos.com\/WGy1PwjmEd90kJVW626BExxSQCI=\/0x0:2272x1515\/390x219\/filters:fill(white):format(jpg)\/f.elconfidencial.com%2Foriginal%2F3f0%2F63f%2F257%2F3f063f257eff24ef0e532fde3a393ba9.jpg 390w, https:\/\/images.ecestaticos.com\/9n_iU_hjRmC6IfaLwUUQgnMlwgY=\/0x0:2272x1515\/568x320\/filters:fill(white):format(jpg)\/f.elconfidencial.com%2Foriginal%2F3f0%2F63f%2F257%2F3f063f257eff24ef0e532fde3a393ba9.jpg 568w, https:\/\/images.ecestaticos.com\/J3-StQ511Y6GcvI-R_T6fBMmITs=\/0x0:2272x1515\/382x215\/filters:fill(white):format(jpg)\/f.elconfidencial.com%2Foriginal%2F3f0%2F63f%2F257%2F3f063f257eff24ef0e532fde3a393ba9.jpg 382w, https:\/\/images.ecestaticos.com\/QdLrcONggjBOgYLgOryi1GlyAmw=\/0x0:2272x1515\/328x185\/filters:fill(white):format(jpg)\/f.elconfidencial.com%2Foriginal%2F3f0%2F63f%2F257%2F3f063f257eff24ef0e532fde3a393ba9.jpg 328w\" alt=\"No toda la m\u00fasica del pasado era como los Rolling Stones. (EFE\/EPA\/Clemens Bilan)\" \/><\/div><figcaption class=\"bodyImage__caption\">No toda la m\u00fasica del pasado era como los Rolling Stones. (EFE\/EPA\/Clemens Bilan)<\/figcaption><\/figure>\n<p style=\"text-align: justify;\" data-mrf-recirculation=\"links-parrafos\">La combinaci\u00f3n de estos dos sesgos nos hace pensar que el pasado fue siempre mejor. Por un lado, seleccionamos la informaci\u00f3n negativa del presente para conformar una visi\u00f3n del mundo actual oscura y, por otro, suavizamos el pasado con la perspectiva del tiempo. <b>Un c\u00f3ctel peligroso<\/b>.<\/p>\n<h2 class=\"bodyTitle\" style=\"text-align: justify;\">Cuatro mitos<\/h2>\n<p style=\"text-align: justify;\" data-mrf-recirculation=\"links-parrafos\">El trabajo desmiente otros lugares comunes:<\/p>\n<p style=\"text-align: justify;\" data-mrf-recirculation=\"links-parrafos\">1) <b>No se trata de una lucha de generaciones. <\/b>Cuando se pregunta a los encuestados sobre su opini\u00f3n de los dem\u00e1s, no suelen cargar las tintas \u00fanicamente contra los m\u00e1s j\u00f3venes, sino m\u00e1s bien, hacia la gente en general. En otras palabras, la investigaci\u00f3n muestra que no solamente pensamos que las buenas personas han sido sustituidas por otras peores, sino que la gente buena se ha ido envileciendo con el paso del tiempo. \u00abPero no solemos referirnos a los que conocemos, que de hecho consideramos que son mejores personas que hace quince a\u00f1os\u00bb, a\u00f1ade Mastroianni.<\/p>\n<p class=\"bodyObject bodyBlockquote\" style=\"text-align: justify;\" data-mrf-recirculation=\"links-parrafos\">\u00abTendemos a pensar que el declive empez\u00f3 cuando nacimos\u00bb<\/p>\n<p style=\"text-align: justify;\" data-mrf-recirculation=\"links-parrafos\">2) <b>Los j\u00f3venes tambi\u00e9n lo piensan.<\/b> No, no son solo las generaciones mayores las que creen que la gente es cada vez peor. La raz\u00f3n, explica Mastroianni, es que \u00abtendemos a considerar que el declive moral empez\u00f3 en el momento en el que naci\u00f3, lo que sugiere que aunque lo que podr\u00eda pasar es que hemos escuchado cosas muy buenas sobre el pasado, son los recuerdos los que cambian. Todo antes de que lleg\u00e1semos al mundo era bueno porque no lo vivimos, pero nuestros recuerdos tienden a cambiar\u00bb.<\/p>\n<p style=\"text-align: justify;\" data-mrf-recirculation=\"links-parrafos\">3) <b>Las cosas no cambian tanto como pensamos.<\/b> Uno de los problemas de nuestra percepci\u00f3n sobre el pasado es que tendemos a sobrevalorar los cambios que se producen, pero en realidad, las encuestas muestran que nuestras opiniones tienden a mantenerse estables a lo largo del tiempo. \u00abEs lo que llamamos una ilusi\u00f3n de foco, en la que nada es tan importante como lo parece cuando pensamos en ello\u00bb, responde el investigador. \u00abEs imposible tener en mente todos los detalles del mundo al mismo tiempo, as\u00ed que tienes que centrarte en algo. Por ejemplo pensamos que todo es distinto porque existen las redes sociales, pero el resto de cosas que hace la gente siguen siendo las mismas que hace 30 a\u00f1os. Nos levantamos, nos duchamos, nos cepillamos los dientes. Vale, tambi\u00e9n miramos <a href=\"https:\/\/www.elconfidencial.com\/tecnologia\/2023-05-08\/facebook-crisis-recuperacion-ano-eficiencia_3623001\/\" target=\"_self\" data-mrf-link=\"https:\/\/www.elconfidencial.com\/tecnologia\/2023-05-08\/facebook-crisis-recuperacion-ano-eficiencia_3623001\/\" rel=\"noopener\">Facebook<\/a> o Twitter, pero es solo una peque\u00f1a parte de nuestro tiempo\u00bb.<\/p>\n<figure class=\"bodyObject bodyImage__wrapper bodyImage__wrapper--landscape\" style=\"text-align: justify;\">\n<div class=\"lqip lqip--landscapeWide\"><img data-recalc-dims=\"1\" decoding=\"async\" class=\"lqip__placeholder\" src=\"https:\/\/i0.wp.com\/images.ecestaticos.com\/xJlQ_si3pBvG2JtEwaWL2865UMI%3D\/0x0%3A1280x853\/32x18\/filters%3Afill%28white%29%3Aformat%28jpg%29\/f.elconfidencial.com%2Foriginal%2F739%2Fbb1%2Fd15%2F739bb1d15cb95bad7903bce3b34bd7c2.jpg?w=640&#038;ssl=1\" alt=\"placeholder\" \/> <img data-recalc-dims=\"1\" decoding=\"async\" class=\"bodyImage lqip__original alignleft\" src=\"https:\/\/i0.wp.com\/images.ecestaticos.com\/xJlQ_si3pBvG2JtEwaWL2865UMI%3D\/0x0%3A1280x853\/32x18\/filters%3Afill%28white%29%3Aformat%28jpg%29\/f.elconfidencial.com%2Foriginal%2F739%2Fbb1%2Fd15%2F739bb1d15cb95bad7903bce3b34bd7c2.jpg?w=640&#038;ssl=1\" sizes=\" (min-width: 996px) 640px, (min-width: 768px) 50.65vw, calc(100vw - 32px)\" srcset=\" https:\/\/images.ecestaticos.com\/fm-7QSyuOeCEdWd6HUAz6pW0hPM=\/0x0:1280x853\/1440x810\/filters:fill(white):format(jpg)\/f.elconfidencial.com%2Foriginal%2F739%2Fbb1%2Fd15%2F739bb1d15cb95bad7903bce3b34bd7c2.jpg 1440w, https:\/\/images.ecestaticos.com\/56xjft9GW-XXEiX2se47jJCsbTI=\/0x0:1280x853\/1200x675\/filters:fill(white):format(jpg)\/f.elconfidencial.com%2Foriginal%2F739%2Fbb1%2Fd15%2F739bb1d15cb95bad7903bce3b34bd7c2.jpg 1200w, https:\/\/images.ecestaticos.com\/f1q2Nb1deaYKozhNJP_J8XW2Nak=\/0x0:1280x853\/996x560\/filters:fill(white):format(jpg)\/f.elconfidencial.com%2Foriginal%2F739%2Fbb1%2Fd15%2F739bb1d15cb95bad7903bce3b34bd7c2.jpg 996w, https:\/\/images.ecestaticos.com\/qNwFv1T8N1FC3mUr2Uiol_dZkd4=\/0x0:1280x853\/640x360\/filters:fill(white):format(jpg)\/f.elconfidencial.com%2Foriginal%2F739%2Fbb1%2Fd15%2F739bb1d15cb95bad7903bce3b34bd7c2.jpg 640w, https:\/\/images.ecestaticos.com\/hTqh8H-dQY3fjGa642CUg_oPi_I=\/0x0:1280x853\/390x219\/filters:fill(white):format(jpg)\/f.elconfidencial.com%2Foriginal%2F739%2Fbb1%2Fd15%2F739bb1d15cb95bad7903bce3b34bd7c2.jpg 390w, https:\/\/images.ecestaticos.com\/YEcjPst57c2aWpzR1BA9sj4qeiw=\/0x0:1280x853\/568x320\/filters:fill(white):format(jpg)\/f.elconfidencial.com%2Foriginal%2F739%2Fbb1%2Fd15%2F739bb1d15cb95bad7903bce3b34bd7c2.jpg 568w, https:\/\/images.ecestaticos.com\/lnYKTsvbUgsiFEEbVMmDG-i-_RA=\/0x0:1280x853\/382x215\/filters:fill(white):format(jpg)\/f.elconfidencial.com%2Foriginal%2F739%2Fbb1%2Fd15%2F739bb1d15cb95bad7903bce3b34bd7c2.jpg 382w, https:\/\/images.ecestaticos.com\/m_VaCOzIglmhPhc3J_zZxSbmCss=\/0x0:1280x853\/328x185\/filters:fill(white):format(jpg)\/f.elconfidencial.com%2Foriginal%2F739%2Fbb1%2Fd15%2F739bb1d15cb95bad7903bce3b34bd7c2.jpg 328w\" alt=\"Hay cosas que nunca cambian. (Pixabay)\" \/><\/div><figcaption class=\"bodyImage__caption\">Hay cosas que nunca cambian. (Pixabay)<\/figcaption><\/figure>\n<p style=\"text-align: justify;\" data-mrf-recirculation=\"links-parrafos\">4) <b>E<\/b><b>n el pasado no todo era tan simple como nos parece<\/b><b>.<\/b> Tendemos a pensar que hace d\u00e9cadas todo era m\u00e1s sencillo, pero esto puede deberse a un sesgo cognitivo que hace que conozcamos el pasado a trav\u00e9s de estereotipos. Piense en series como <i><a href=\"https:\/\/www.elconfidencial.com\/television\/series-tv\/2023-02-16\/cuentame-como-paso-tve-aprueba-temporada-23_3577584\/\" target=\"_self\" data-mrf-link=\"https:\/\/www.elconfidencial.com\/television\/series-tv\/2023-02-16\/cuentame-como-paso-tve-aprueba-temporada-23_3577584\/\" rel=\"noopener\">Cu\u00e9ntame<\/a><\/i> que resumen a\u00f1o a a\u00f1o la historia espa\u00f1ola a trav\u00e9s de sus grandes acontecimientos, que seguramente tenga claros, e intente pensar cu\u00e1les seleccionar\u00eda usted de este mismo a\u00f1o. \u00abPor eso la gente piensa siempre que vivimos en momentos \u00fanicos y sin precedentes, porque los percibimos con pleno detalle y vemos todo lo que ocurre, lo bueno y lo malo, mientras que el pasado est\u00e1 definido por un pu\u00f1ado de cosas buenas y un pu\u00f1ado de cosas malas\u00bb.<\/p>\n<h2 class=\"bodyTitle\" style=\"text-align: justify;\">No tienes ni idea del pasado<\/h2>\n<p style=\"text-align: justify;\" data-mrf-recirculation=\"links-parrafos\">A Mastroianni no le preocupan solo nuestra incapacidad de recordar el pasado con precisi\u00f3n y no ser capaces de admitirlo sino, sobre todo, <b>las consecuencias que esto puede tener en nuestro presente<\/b>. Esto tiene claras implicaciones pol\u00edticas: \u00abLa gente es sensible a las afirmaciones que se\u00f1alan que vivimos una \u00e9poca dorada que pas\u00f3 pero a la que se puede volver, y que son muy poderosas porque sugieren que es posible un futuro mejor\u00bb, explica. \u00abTen\u00edamos algo bueno que hemos perdido pero lo podemos recuperar\u00bb.<\/p>\n<p class=\"bodyObject bodyBlockquote\" style=\"text-align: justify;\" data-mrf-recirculation=\"links-parrafos\">\u00abNo me extra\u00f1ar\u00eda que esto fuese as\u00ed tambi\u00e9n en la Antigua Roma o el Renacimiento\u00bb<\/p>\n<p style=\"text-align: justify;\" data-mrf-recirculation=\"links-parrafos\">A lo largo de la historia, los poderosos (o los que aspiran a hacerse con el poder) se escudan en que ellos son los \u00fanicos capaces de devolvernos a esa \u00e9poca dorada. La realidad es que probablemente <b>nunca hubo un pasado dorado<\/b>, que los tiempos pret\u00e9ritos no eran tan diferentes a los actuales. Seg\u00fan esta visi\u00f3n del mundo, prosigue Mastroianni, hubo un momento en el que pulsamos el bot\u00f3n equivocado, y por lo tanto tan solo hace falta volver a darle al interruptor para que todo vuelva a ir bien. \u00abEn 2015 una encuesta mostraba que la mayor\u00eda de <a href=\"https:\/\/www.elconfidencial.com\/tags\/temas\/estados-unidos-eeuu-10821\/\" target=\"_self\" data-mrf-link=\"https:\/\/www.elconfidencial.com\/tags\/temas\/estados-unidos-eeuu-10821\/\" rel=\"noopener\">americanos <\/a>quer\u00edan que el gobierno hiciese algo para detener la descomposici\u00f3n moral del pa\u00eds, y en ese momento hab\u00eda muchos problemas, pero ese no era uno de ellos\u00bb.<\/p>\n<p style=\"text-align: justify;\" data-mrf-recirculation=\"links-parrafos\">No se trata tan solo de la pol\u00edtica, sino de la manera en que las personas se relacionan con su entorno. La nostalgia por un pasado mejor puede hacer que nos comportemos de manera que terminemos creando ese oscuro presente que en realidad no existe. \u00abSi piensas que antes pod\u00edas confiar en la palabra de la gente y ahora no, probablemente te haga un poco m\u00e1s cauto en la manera en que tratas a los dem\u00e1s, y eso puede generar <b>esa clase de profec\u00edas autocumplidas<\/b>\u00ab, explica Mastroianni. \u00abAunque no veo evidencias de que esto sea as\u00ed, es plausible que si tratamos a los dem\u00e1s con sospecha, todos actuemos de manera m\u00e1s sospechosa\u00bb.<\/p>\n<figure class=\"bodyObject bodyImage__wrapper bodyImage__wrapper--landscape\" style=\"text-align: justify;\">\n<div class=\"lqip lqip--landscapeWide\"><img data-recalc-dims=\"1\" decoding=\"async\" class=\"lqip__placeholder\" src=\"https:\/\/i0.wp.com\/images.ecestaticos.com\/bhiY0xbRcrwMBe60cRaiPOUDOHo%3D\/0x0%3A1248x770\/32x18\/filters%3Afill%28white%29%3Aformat%28jpg%29\/f.elconfidencial.com%2Foriginal%2F2c4%2F584%2F0d1%2F2c45840d10167c0e84079e7cb6228d7f.jpg?w=640&#038;ssl=1\" alt=\"placeholder\" \/> <img data-recalc-dims=\"1\" decoding=\"async\" class=\"bodyImage lqip__original alignright\" src=\"https:\/\/i0.wp.com\/images.ecestaticos.com\/bhiY0xbRcrwMBe60cRaiPOUDOHo%3D\/0x0%3A1248x770\/32x18\/filters%3Afill%28white%29%3Aformat%28jpg%29\/f.elconfidencial.com%2Foriginal%2F2c4%2F584%2F0d1%2F2c45840d10167c0e84079e7cb6228d7f.jpg?w=640&#038;ssl=1\" sizes=\" (min-width: 996px) 640px, (min-width: 768px) 50.65vw, calc(100vw - 32px)\" srcset=\" https:\/\/images.ecestaticos.com\/H0w1dTZc7Igv40_Kat7nBn7Gm5E=\/0x0:1248x770\/1440x810\/filters:fill(white):format(jpg)\/f.elconfidencial.com%2Foriginal%2F2c4%2F584%2F0d1%2F2c45840d10167c0e84079e7cb6228d7f.jpg 1440w, https:\/\/images.ecestaticos.com\/iDQH8EUk4_Rfz4MQYt09Ys2JWNM=\/0x0:1248x770\/1200x675\/filters:fill(white):format(jpg)\/f.elconfidencial.com%2Foriginal%2F2c4%2F584%2F0d1%2F2c45840d10167c0e84079e7cb6228d7f.jpg 1200w, https:\/\/images.ecestaticos.com\/W7Dg1BRNckQvQ8G3R2FTUA-Spns=\/0x0:1248x770\/996x560\/filters:fill(white):format(jpg)\/f.elconfidencial.com%2Foriginal%2F2c4%2F584%2F0d1%2F2c45840d10167c0e84079e7cb6228d7f.jpg 996w, https:\/\/images.ecestaticos.com\/-twGEuzXg2cwf9x3hmBB53Xzqlg=\/0x0:1248x770\/640x360\/filters:fill(white):format(jpg)\/f.elconfidencial.com%2Foriginal%2F2c4%2F584%2F0d1%2F2c45840d10167c0e84079e7cb6228d7f.jpg 640w, https:\/\/images.ecestaticos.com\/B7BC2DciQW7ZdT-CGj4slEtCcWk=\/0x0:1248x770\/390x219\/filters:fill(white):format(jpg)\/f.elconfidencial.com%2Foriginal%2F2c4%2F584%2F0d1%2F2c45840d10167c0e84079e7cb6228d7f.jpg 390w, https:\/\/images.ecestaticos.com\/uwCB1YdoKD_p1TIgePe0oShTEAM=\/0x0:1248x770\/568x320\/filters:fill(white):format(jpg)\/f.elconfidencial.com%2Foriginal%2F2c4%2F584%2F0d1%2F2c45840d10167c0e84079e7cb6228d7f.jpg 568w, https:\/\/images.ecestaticos.com\/pbdZ9lyRzVspapXbwCWVdOUHWtY=\/0x0:1248x770\/382x215\/filters:fill(white):format(jpg)\/f.elconfidencial.com%2Foriginal%2F2c4%2F584%2F0d1%2F2c45840d10167c0e84079e7cb6228d7f.jpg 382w, https:\/\/images.ecestaticos.com\/zWKfHL30CCzhfUY-QMcx9MA_jpI=\/0x0:1248x770\/328x185\/filters:fill(white):format(jpg)\/f.elconfidencial.com%2Foriginal%2F2c4%2F584%2F0d1%2F2c45840d10167c0e84079e7cb6228d7f.jpg 328w\" alt=\"En la Antigua Roma tambi\u00e9n eran muy de criticar a los dem\u00e1s.\" \/><\/div><figcaption class=\"bodyImage__caption\">En la Antigua Roma tambi\u00e9n eran muy de criticar a los dem\u00e1s.<\/figcaption><\/figure>\n<p style=\"text-align: justify;\" data-mrf-recirculation=\"links-parrafos\">El investigador tambi\u00e9n considera que es posible que esta distorsi\u00f3n se haya producido en todas las \u00e9pocas de la historia del hombre. \u00abOjal\u00e1 tuvi\u00e9semos encuestas de la <a href=\"https:\/\/www.elconfidencial.com\/cultura\/2022-03-31\/roma-hispania_3400249\/\" target=\"_self\" data-mrf-link=\"https:\/\/www.elconfidencial.com\/cultura\/2022-03-31\/roma-hispania_3400249\/\" rel=\"noopener\">Antigua Roma<\/a> o de la Florencia renacentista para responder esa pregunta, porque lo que s\u00ed que tenemos son las afirmaciones de gente de aquella \u00e9poca, que no podemos saber si era solo una minor\u00eda enfadada o el sentir general\u00bb, responde. \u00abPero no me sorprender\u00eda fuese as\u00ed, porque aun sin medios de masas <b>la gente siempre ha hablado de forma negativa de lo que no conoce de forma directa<\/b>, como de las intrigas palaciegas o de los reyes, y la memoria siempre ha funcionado igual\u00bb.<\/p>\n<p style=\"text-align: justify;\" data-mrf-recirculation=\"links-parrafos\">\u00bfEs posible cambiar esta tendencia o se trata de algo consustancial a la condici\u00f3n humana? \u00abCambiarlo ser\u00eda dif\u00edcil porque en s\u00ed mismo no es malo, es <b>adaptativo y \u00fatil<\/b>, tan solo tiene este efecto colateral\u00bb, recuerda el psic\u00f3logo. \u00ab<strong>Una manera de atenuarlo ser\u00eda explicar a la gente que deber\u00eda ser un poco m\u00e1s esc\u00e9ptica cuando ve estas afirmaciones y darse cuenta de que llevamos escuchando esta historia desde hace miles de a\u00f1os, as\u00ed que deber\u00edamos inventarnos otra<\/strong>. Deber\u00edamos ser un poco m\u00e1s modestos acerca de nuestro conocimiento del pasado. Est\u00e1 bien no tener ni idea de qu\u00e9 pas\u00f3.<\/p>\n<p data-mrf-recirculation=\"links-parrafos\"><strong><a class=\"authorSignature__link\" href=\"https:\/\/www.elconfidencial.com\/autores\/hector-g-barnes-120\/\">H\u00e9ctor Garc\u00eda Barn\u00e9s<\/a><\/strong><\/p>\n<p data-mrf-recirculation=\"links-parrafos\">FOTO: El investigador Adam Mastroianni.<\/p>\n<p>https:\/\/www.elconfidencial.com\/cultura\/2023-06-25\/adam-mastroianni-psicologo-pasado-no-mejor_3671591\/?utm_source=pocket-newtab-bff<\/p>\n","protected":false},"excerpt":{"rendered":"<p>En un trabajo reci\u00e9n publicado en &#8216;Nature&#8217;, el investigador muestra que es mentira que se&#8230;<\/p>\n","protected":false},"author":1,"featured_media":62535,"comment_status":"closed","ping_status":"closed","sticky":false,"template":"","format":"standard","meta":{"_coblocks_attr":"","_coblocks_dimensions":"","_coblocks_responsive_height":"","_coblocks_accordion_ie_support":"","jetpack_post_was_ever_published":false,"_jetpack_newsletter_access":"","_jetpack_dont_email_post_to_subs":false,"_jetpack_newsletter_tier_id":0,"_jetpack_memberships_contains_paywalled_content":false,"_jetpack_memberships_contains_paid_content":false,"footnotes":"","jetpack_publicize_message":"","jetpack_publicize_feature_enabled":true,"jetpack_social_post_already_shared":false,"jetpack_social_options":{"image_generator_settings":{"template":"highway","default_image_id":0,"enabled":false},"version":2}},"categories":[1161,44,6937,15],"tags":[10535,10536],"class_list":["post-62534","post","type-post","status-publish","format-standard","has-post-thumbnail","hentry","category-ciudadania","category-noticias-de-hoy","category-sociedad","category-ultimas-noticias","tag-pasado-y-presente","tag-somos-mejores"],"jetpack_publicize_connections":[],"jetpack_featured_media_url":"https:\/\/i0.wp.com\/miradordeatarfe.es\/wp-content\/uploads\/2023\/06\/f.elconfidencial.com_original_7bd_ef8_a43_7bdef8a43e0402bb20ebf70cee97fc0b.jpg?fit=557%2C418&ssl=1","jetpack_likes_enabled":true,"jetpack_sharing_enabled":true,"_links":{"self":[{"href":"https:\/\/miradordeatarfe.es\/index.php?rest_route=\/wp\/v2\/posts\/62534","targetHints":{"allow":["GET"]}}],"collection":[{"href":"https:\/\/miradordeatarfe.es\/index.php?rest_route=\/wp\/v2\/posts"}],"about":[{"href":"https:\/\/miradordeatarfe.es\/index.php?rest_route=\/wp\/v2\/types\/post"}],"author":[{"embeddable":true,"href":"https:\/\/miradordeatarfe.es\/index.php?rest_route=\/wp\/v2\/users\/1"}],"replies":[{"embeddable":true,"href":"https:\/\/miradordeatarfe.es\/index.php?rest_route=%2Fwp%2Fv2%2Fcomments&post=62534"}],"version-history":[{"count":1,"href":"https:\/\/miradordeatarfe.es\/index.php?rest_route=\/wp\/v2\/posts\/62534\/revisions"}],"predecessor-version":[{"id":62536,"href":"https:\/\/miradordeatarfe.es\/index.php?rest_route=\/wp\/v2\/posts\/62534\/revisions\/62536"}],"wp:featuredmedia":[{"embeddable":true,"href":"https:\/\/miradordeatarfe.es\/index.php?rest_route=\/wp\/v2\/media\/62535"}],"wp:attachment":[{"href":"https:\/\/miradordeatarfe.es\/index.php?rest_route=%2Fwp%2Fv2%2Fmedia&parent=62534"}],"wp:term":[{"taxonomy":"category","embeddable":true,"href":"https:\/\/miradordeatarfe.es\/index.php?rest_route=%2Fwp%2Fv2%2Fcategories&post=62534"},{"taxonomy":"post_tag","embeddable":true,"href":"https:\/\/miradordeatarfe.es\/index.php?rest_route=%2Fwp%2Fv2%2Ftags&post=62534"}],"curies":[{"name":"wp","href":"https:\/\/api.w.org\/{rel}","templated":true}]}}