{"id":62550,"date":"2023-07-07T10:12:05","date_gmt":"2023-07-07T08:12:05","guid":{"rendered":"https:\/\/miradordeatarfe.es\/?p=62550"},"modified":"2023-07-02T12:48:21","modified_gmt":"2023-07-02T10:48:21","slug":"26-grados-en-asturias-no-afectan-igual-que-en-cordoba-cuando-una-ola-de-calor-es-peligrosa-en-cada-provincia","status":"publish","type":"post","link":"https:\/\/miradordeatarfe.es\/?p=62550","title":{"rendered":"26 grados en Asturias no afectan igual que en C\u00f3rdoba: \u00bfCu\u00e1ndo una ola de calor es peligrosa en cada provincia?"},"content":{"rendered":"<h3 class=\"a_st\" style=\"text-align: justify;\">El Gobierno unificar\u00e1 la informaci\u00f3n sobre las alertas por altas temperaturas a trav\u00e9s de un observatorio de salud y cambio clim\u00e1tico<\/h3>\n<p class=\"\" style=\"text-align: justify;\">No es lo mismo alcanzar una temperatura m\u00e1xima de 26 grados Celsius un d\u00eda de verano en Asturias que en <a href=\"https:\/\/elpais.com\/noticias\/cordoba\/\" target=\"_blank\" rel=\"noopener\" data-link-track-dtm=\"\" data-mrf-link=\"https:\/\/elpais.com\/noticias\/cordoba\/\">C\u00f3rdoba.<\/a> En el primer caso, la mortalidad asociada al calor se dispara a partir de esos 26 grados, mientras que en la ciudad andaluza se tiene que llegar hasta los 41,5 para que ocurra eso mismo. Estos umbrales por provincias figuran en el plan nacional de actuaciones preventivas de los efectos del exceso de temperatura sobre la salud, que el Ministerio de Salud activ\u00f3 el 16 de mayo y que se mantendr\u00e1 hasta el 30 de septiembre.<\/p>\n<p class=\"\" style=\"text-align: justify;\">Cada provincia tiene una temperatura m\u00e1xima de referencia y las 52 del pa\u00eds se han actualizado este a\u00f1o. Para fijarlas se han empleado los datos del periodo comprendido entre 2009 y 2019 (hasta ahora se hab\u00eda utilizado como referencia la d\u00e9cada 2000-2010). Julio D\u00edaz, <a href=\"https:\/\/elpais.com\/noticias\/instituto-salud-carlos-iii\/\" data-link-track-dtm=\"\" data-mrf-link=\"https:\/\/elpais.com\/noticias\/instituto-salud-carlos-iii\/\">investigador en el Instituto de Salud Carlos III<\/a>, define as\u00ed los umbrales: \u201cEs la temperatura m\u00e1xima diaria a partir de la cual aumenta la mortalidad de forma estad\u00edsticamente significativa en una provincia\u201d. Para calcularlos, el ministerio se ha basado en el m\u00e9todo que el instituto en el que trabaja este experto ha desarrollado. Se elaboran teniendo en cuenta fundamentalmente dos par\u00e1metros: las series temporales de mortalidad diaria y las de temperatura diaria m\u00e1xima tambi\u00e9n por provincia de los meses de julio, agosto y septiembre.<\/p>\n<p style=\"text-align: justify;\"><a href=\"https:\/\/i0.wp.com\/miradordeatarfe.es\/wp-content\/uploads\/2023\/06\/PROVINCIAS-CALOR-MAPA.png?ssl=1\"><img data-recalc-dims=\"1\" loading=\"lazy\" decoding=\"async\" class=\"alignnone wp-image-62552 size-full\" src=\"https:\/\/i0.wp.com\/miradordeatarfe.es\/wp-content\/uploads\/2023\/06\/PROVINCIAS-CALOR-MAPA.png?resize=640%2C483&#038;ssl=1\" alt=\"\" width=\"640\" height=\"483\" srcset=\"https:\/\/i0.wp.com\/miradordeatarfe.es\/wp-content\/uploads\/2023\/06\/PROVINCIAS-CALOR-MAPA.png?w=686&amp;ssl=1 686w, https:\/\/i0.wp.com\/miradordeatarfe.es\/wp-content\/uploads\/2023\/06\/PROVINCIAS-CALOR-MAPA.png?resize=300%2C227&amp;ssl=1 300w\" sizes=\"auto, (max-width: 640px) 100vw, 640px\" \/><\/a><\/p>\n<p style=\"text-align: justify;\"><a href=\"https:\/\/i0.wp.com\/miradordeatarfe.es\/wp-content\/uploads\/2023\/06\/PROVINCIAS-CALOR.png?ssl=1\"><img data-recalc-dims=\"1\" loading=\"lazy\" decoding=\"async\" class=\"alignnone wp-image-62553 size-full\" src=\"https:\/\/i0.wp.com\/miradordeatarfe.es\/wp-content\/uploads\/2023\/06\/PROVINCIAS-CALOR.png?resize=640%2C385&#038;ssl=1\" alt=\"\" width=\"640\" height=\"385\" srcset=\"https:\/\/i0.wp.com\/miradordeatarfe.es\/wp-content\/uploads\/2023\/06\/PROVINCIAS-CALOR.png?w=658&amp;ssl=1 658w, https:\/\/i0.wp.com\/miradordeatarfe.es\/wp-content\/uploads\/2023\/06\/PROVINCIAS-CALOR.png?resize=300%2C181&amp;ssl=1 300w\" sizes=\"auto, (max-width: 640px) 100vw, 640px\" \/><\/a><\/p>\n<p class=\"\" style=\"text-align: justify;\">Asturias (con esos 26 grados), Cantabria (26,5), A Coru\u00f1a (27,5) y Guip\u00fazcoa (27,5) son las provincias que tienen los umbrales de temperaturas m\u00e1ximas m\u00e1s bajos. Es decir, donde aumenta la mortalidad de forma considerable con un menor incremento del calor en verano. En el lado contrario est\u00e1n C\u00f3rdoba (41,5), Badajoz (41) y Sevilla (40,5). En estas tres provincias se necesita superar los 40 grados para que se noten los efectos en el aumento de las muertes. D\u00edaz explica que la adaptaci\u00f3n a estas altas temperaturas es clave en este asunto, porque no todas las provincias del pa\u00eds est\u00e1n acostumbradas y preparadas de la misma forma al calor extremo.<\/p>\n<p class=\"\" style=\"text-align: justify;\">Hasta la actuaci\u00f3n de mayo de este a\u00f1o, los umbrales de riesgo para la salud por calor no solo empleaban el criterio de las temperaturas m\u00e1ximas, sino tambi\u00e9n el de las temperaturas m\u00ednimas. Pero D\u00edaz cuenta que se ha decidido simplificar la informaci\u00f3n que se ofrece porque ambas temperaturas est\u00e1n directamente vinculadas y \u201cno ten\u00eda sentido\u201d mantener los dos criterios para establecer los umbrales de peligro. Este cambio, sin embargo, puede hacer que aumenten los d\u00edas considerados como olas de calor peligrosas para la salud, se\u00f1ala este especialista.<\/p>\n<p class=\"\" style=\"text-align: justify;\">En <a href=\"https:\/\/www.sanidad.gob.es\/ciudadanos\/saludAmbLaboral\/planAltasTemp\/2023\/docs\/Plan_Excesos_Temperatura_2023.pdf\" target=\"_blank\" rel=\"noopener\" data-link-track-dtm=\"\" data-mrf-link=\"https:\/\/www.sanidad.gob.es\/ciudadanos\/saludAmbLaboral\/planAltasTemp\/2023\/docs\/Plan_Excesos_Temperatura_2023.pdf\">el plan nacional del Ministerio de Sanidad<\/a> que entr\u00f3 en vigor en mayo se dan tambi\u00e9n datos orientativos respecto al percentil, que ayudan a entender c\u00f3mo de habitual es que se llegue a los umbrales de riesgo en cada provincia. Ese listado lo encabeza Pontevedra, donde la temperatura m\u00e1xima de referencia a partir de la que se incrementa significativamente la mortalidad es 28,5 grados y de media se supera el 18,1% de los d\u00edas de cada verano (tomando siempre como referencia el periodo 2009-2019). Le siguen Palencia (18%), <strong>Granada (16,7%)<\/strong>, Asturias (16,6%) y Huesca (16,2%).<\/p>\n<p class=\"\" style=\"text-align: justify;\">En el lado contrario, donde se producen menos superaciones de los umbrales, est\u00e1n Badajoz (1,9% de d\u00edas en verano), Santa Cruz de Tenerife (2,4%), Las Palmas (2,5%), Zamora (4,1%) y Le\u00f3n (4,2%).<\/p>\n<p style=\"text-align: justify;\"><a href=\"https:\/\/i0.wp.com\/miradordeatarfe.es\/wp-content\/uploads\/2023\/06\/Screenshot-2023-06-27-at-13-18-18-26-grados-en-Asturias-no-afectan-igual-que-en-Cordoba-%C2%BFCuando-una-ola-de-calor-es-peligrosa-en-cada-provincia.png?ssl=1\"><img data-recalc-dims=\"1\" loading=\"lazy\" decoding=\"async\" class=\"alignnone wp-image-62554 size-full\" src=\"https:\/\/i0.wp.com\/miradordeatarfe.es\/wp-content\/uploads\/2023\/06\/Screenshot-2023-06-27-at-13-18-18-26-grados-en-Asturias-no-afectan-igual-que-en-Cordoba-%C2%BFCuando-una-ola-de-calor-es-peligrosa-en-cada-provincia.png?resize=640%2C492&#038;ssl=1\" alt=\"\" width=\"640\" height=\"492\" srcset=\"https:\/\/i0.wp.com\/miradordeatarfe.es\/wp-content\/uploads\/2023\/06\/Screenshot-2023-06-27-at-13-18-18-26-grados-en-Asturias-no-afectan-igual-que-en-Cordoba-%C2%BFCuando-una-ola-de-calor-es-peligrosa-en-cada-provincia.png?w=751&amp;ssl=1 751w, https:\/\/i0.wp.com\/miradordeatarfe.es\/wp-content\/uploads\/2023\/06\/Screenshot-2023-06-27-at-13-18-18-26-grados-en-Asturias-no-afectan-igual-que-en-Cordoba-%C2%BFCuando-una-ola-de-calor-es-peligrosa-en-cada-provincia.png?resize=300%2C230&amp;ssl=1 300w\" sizes=\"auto, (max-width: 640px) 100vw, 640px\" \/><\/a> <a href=\"https:\/\/i0.wp.com\/miradordeatarfe.es\/wp-content\/uploads\/2023\/06\/Screenshot-2023-06-27-at-13-18-30-26-grados-en-Asturias-no-afectan-igual-que-en-Cordoba-%C2%BFCuando-una-ola-de-calor-es-peligrosa-en-cada-provincia.png?ssl=1\"><img data-recalc-dims=\"1\" loading=\"lazy\" decoding=\"async\" class=\"alignnone wp-image-62555 size-full\" src=\"https:\/\/i0.wp.com\/miradordeatarfe.es\/wp-content\/uploads\/2023\/06\/Screenshot-2023-06-27-at-13-18-30-26-grados-en-Asturias-no-afectan-igual-que-en-Cordoba-%C2%BFCuando-una-ola-de-calor-es-peligrosa-en-cada-provincia.png?resize=640%2C341&#038;ssl=1\" alt=\"\" width=\"640\" height=\"341\" srcset=\"https:\/\/i0.wp.com\/miradordeatarfe.es\/wp-content\/uploads\/2023\/06\/Screenshot-2023-06-27-at-13-18-30-26-grados-en-Asturias-no-afectan-igual-que-en-Cordoba-%C2%BFCuando-una-ola-de-calor-es-peligrosa-en-cada-provincia.png?w=725&amp;ssl=1 725w, https:\/\/i0.wp.com\/miradordeatarfe.es\/wp-content\/uploads\/2023\/06\/Screenshot-2023-06-27-at-13-18-30-26-grados-en-Asturias-no-afectan-igual-que-en-Cordoba-%C2%BFCuando-una-ola-de-calor-es-peligrosa-en-cada-provincia.png?resize=300%2C160&amp;ssl=1 300w\" sizes=\"auto, (max-width: 640px) 100vw, 640px\" \/><\/a><\/p>\n<h3 class=\"\" style=\"text-align: justify;\">Observatorio de salud y cambio clim\u00e1tico<\/h3>\n<p class=\"\" style=\"text-align: justify;\">Partiendo de esos umbrales, el Ministerio de Sanidad difunde cada d\u00eda durante el verano <a href=\"https:\/\/www.sanidad.gob.es\/excesoTemperaturas2023\/consultar.do\" target=\"_blank\" rel=\"noopener\" data-link-track-dtm=\"\" data-mrf-link=\"https:\/\/www.sanidad.gob.es\/excesoTemperaturas2023\/consultar.do\">un mapa de niveles de riesgo<\/a> para la salud. Espa\u00f1a est\u00e1 inmersa ahora mismo en <a href=\"https:\/\/elpais.com\/espana\/2023-06-26\/llega-el-pico-de-la-ola-de-calor-con-cordoba-y-sevilla-bajo-aviso-rojo-por-temperaturas-de-44.html\" target=\"_blank\" rel=\"noopener\" data-link-track-dtm=\"\" data-mrf-link=\"https:\/\/elpais.com\/espana\/2023-06-26\/llega-el-pico-de-la-ola-de-calor-con-cordoba-y-sevilla-bajo-aviso-rojo-por-temperaturas-de-44.html\">la primera ola de calor de este est\u00edo<\/a>, seg\u00fan recordaba el lunes Rub\u00e9n del Campo, portavoz de la Agencia Estatal de Meteorolog\u00eda (Aemet). Y en ese mapa de riesgo de Sanidad, 10 provincias estaban en el nivel 1 (bajo riesgo) o 2 (medio riesgo). Por su parte, Aemet ten\u00eda tambi\u00e9n el lunes activos 62 avisos rojos y amarillos por temperaturas m\u00e1ximas en varias comarcas del pa\u00eds. Esta agencia no ofrece sus alertas por provincias, sino que baja m\u00e1s al detalle. Pero al no evaluar la mortalidad, los avisos de Aemet no siempre coinciden con el mapa de Sanidad. Por ejemplo, ayer Aemet no ten\u00eda ninguna alerta activa para Pontevedra, mientras que Sanidad hab\u00eda decretado un nivel dos de riesgo para la salud empleando los nuevos umbrales.<\/p>\n<p class=\"\" style=\"text-align: justify;\">Del Campo, de Aemet, ha sido uno de los especialistas en meteorolog\u00eda que han participado el lunes en un acto sobre cambio clim\u00e1tico con la vicepresidenta tercera y ministra para la Transici\u00f3n Ecol\u00f3gica, Teresa Ribera, quien ha anunciado que el Consejo de Ministros aprobar\u00e1 a principios de julio la creaci\u00f3n de un observatorio de salud y cambio clim\u00e1tico. Fuentes del departamento de Ribera detallan que una de las labores de este ente ser\u00e1 unificar la informaci\u00f3n sobre las diferentes alertas que se emiten por altas temperaturas y otros fen\u00f3menos extremos que la crisis clim\u00e1tica est\u00e1 haciendo que crezcan en intensidad y frecuencia. Adem\u00e1s del Ministerio para la Transici\u00f3n Ecol\u00f3gica, en ese observatorio participar\u00e1n el de Sanidad y el de Ciencia. \u201cSe va a unificar el lenguaje sobre las alertas\u201d, explica el ministerio.<\/p>\n<p class=\"\" style=\"text-align: justify;\">\u201cNos esperan fen\u00f3menos meteorol\u00f3gicos extremos cada vez m\u00e1s complicados de gestionar\u201d, ha se\u00f1alado este lunes Ribera. La vicepresidenta ha recordado el verano asfixiante que se vivi\u00f3 el pasado a\u00f1o, <a href=\"https:\/\/elpais.com\/clima-y-medio-ambiente\/2022-08-27\/un-verano-extremo-y-de-record-espana-ha-vivido-42-dias-en-olas-de-calor-desde-junio.html\" target=\"_blank\" rel=\"noopener\" data-link-track-dtm=\"\" data-mrf-link=\"https:\/\/elpais.com\/clima-y-medio-ambiente\/2022-08-27\/un-verano-extremo-y-de-record-espana-ha-vivido-42-dias-en-olas-de-calor-desde-junio.html\">con 41 d\u00edas de olas de calor<\/a>. Aunque siempre ha habido olas de calor, \u201cnunca\u201d se han dado \u201ctantas y tan intensas\u201d, ha recalcado Ribera tras anunciar la creaci\u00f3n de ese observatorio en el que tambi\u00e9n participar\u00e1 el Instituto de Salud Carlos III.<\/p>\n<p class=\"\" style=\"text-align: justify;\">La puesta en marcha de este organismo es una reivindicaci\u00f3n que los expertos en salud y cambio clim\u00e1tico, como D\u00edaz, llevan reclamando desde hace a\u00f1os. Durante el Gobierno de Jos\u00e9 Luis Rodr\u00edguez Zapatero ya se cre\u00f3 un ente de este tipo, pero en el de Mariano Rajoy todos los observatorios de temas sanitarios se unificaron en uno solo, explica D\u00edaz. En estos momentos, existe una web, que est\u00e1 desactualizada, y que se pretende reactivar ahora con la creaci\u00f3n del nuevo observatorio anunciado el lunes.<\/p>\n<p style=\"text-align: justify;\"><a class=\"a_md_a_n\" title=\"Ver todas las noticias de Manuel Planelles\" href=\"https:\/\/elpais.com\/autor\/manuel-planelles\/#?rel=author_top\" data-mrf-link=\"https:\/\/elpais.com\/autor\/manuel-planelles\/\"><strong>Manuel Planelles<\/strong><\/a><\/p>\n<header class=\"a_e _g _g-xs\">\n<div class=\"a_e_m\">\n<figure class=\"a_m a_m-h \"><figcaption class=\"a_m_p\">FOTO: Una pareja de turistas pasea por el puente romano de C\u00f3rdoba el lunes durante el episodio de ola de calor que vive buena parte de Espa\u00f1a.<span class=\"a_m_m\">rafa alcaide (EFE)<\/span><\/figcaption><\/figure>\n<\/div>\n<\/header>\n<div class=\"a_md _g _g-xs \">\n<figure class=\"a_md_i a_m-h c_m--nf\" style=\"text-align: justify;\"><span class=\"a_m_w _db\">https:\/\/elpais.com\/clima-y-medio-ambiente\/2023-06-27\/26-grados-en-asturias-no-afectan-igual-que-en-cordoba-cuando-una-ola-de-calor-es-peligrosa-en-cada-provincia.html<\/span><\/figure>\n<div class=\"a_md_txt\">\n<div class=\"a_md_a\" style=\"text-align: justify;\" data-dtm-region=\"articulo_firma\">\u00a0<\/div>\n<\/div>\n<\/div>\n","protected":false},"excerpt":{"rendered":"<p>El Gobierno unificar\u00e1 la informaci\u00f3n sobre las alertas por altas temperaturas a trav\u00e9s de un&#8230;<\/p>\n","protected":false},"author":1,"featured_media":62556,"comment_status":"closed","ping_status":"closed","sticky":false,"template":"","format":"standard","meta":{"_coblocks_attr":"","_coblocks_dimensions":"","_coblocks_responsive_height":"","_coblocks_accordion_ie_support":"","jetpack_post_was_ever_published":false,"_jetpack_newsletter_access":"","_jetpack_dont_email_post_to_subs":false,"_jetpack_newsletter_tier_id":0,"_jetpack_memberships_contains_paywalled_content":false,"_jetpack_memberships_contains_paid_content":false,"footnotes":"","jetpack_publicize_message":"","jetpack_publicize_feature_enabled":true,"jetpack_social_post_already_shared":false,"jetpack_social_options":{"image_generator_settings":{"template":"highway","default_image_id":0,"enabled":false},"version":2}},"categories":[1161,9,44,15,10],"tags":[731,1180],"class_list":["post-62550","post","type-post","status-publish","format-standard","has-post-thumbnail","hentry","category-ciudadania","category-medio-ambiente","category-noticias-de-hoy","category-ultimas-noticias","category-salud","tag-calor","tag-mortalidad"],"jetpack_publicize_connections":[],"jetpack_featured_media_url":"https:\/\/i0.wp.com\/miradordeatarfe.es\/wp-content\/uploads\/2023\/06\/Screenshot-2023-06-27-at-13-04-07-26-grados-en-Asturias-no-afectan-igual-que-en-Cordoba-%C2%BFCuando-una-ola-de-calor-es-peligrosa-en-cada-provincia.png?fit=449%2C539&ssl=1","jetpack_likes_enabled":true,"jetpack_sharing_enabled":true,"_links":{"self":[{"href":"https:\/\/miradordeatarfe.es\/index.php?rest_route=\/wp\/v2\/posts\/62550","targetHints":{"allow":["GET"]}}],"collection":[{"href":"https:\/\/miradordeatarfe.es\/index.php?rest_route=\/wp\/v2\/posts"}],"about":[{"href":"https:\/\/miradordeatarfe.es\/index.php?rest_route=\/wp\/v2\/types\/post"}],"author":[{"embeddable":true,"href":"https:\/\/miradordeatarfe.es\/index.php?rest_route=\/wp\/v2\/users\/1"}],"replies":[{"embeddable":true,"href":"https:\/\/miradordeatarfe.es\/index.php?rest_route=%2Fwp%2Fv2%2Fcomments&post=62550"}],"version-history":[{"count":2,"href":"https:\/\/miradordeatarfe.es\/index.php?rest_route=\/wp\/v2\/posts\/62550\/revisions"}],"predecessor-version":[{"id":62558,"href":"https:\/\/miradordeatarfe.es\/index.php?rest_route=\/wp\/v2\/posts\/62550\/revisions\/62558"}],"wp:featuredmedia":[{"embeddable":true,"href":"https:\/\/miradordeatarfe.es\/index.php?rest_route=\/wp\/v2\/media\/62556"}],"wp:attachment":[{"href":"https:\/\/miradordeatarfe.es\/index.php?rest_route=%2Fwp%2Fv2%2Fmedia&parent=62550"}],"wp:term":[{"taxonomy":"category","embeddable":true,"href":"https:\/\/miradordeatarfe.es\/index.php?rest_route=%2Fwp%2Fv2%2Fcategories&post=62550"},{"taxonomy":"post_tag","embeddable":true,"href":"https:\/\/miradordeatarfe.es\/index.php?rest_route=%2Fwp%2Fv2%2Ftags&post=62550"}],"curies":[{"name":"wp","href":"https:\/\/api.w.org\/{rel}","templated":true}]}}